{"id":78566,"date":"2025-05-06T06:10:17","date_gmt":"2025-05-06T06:10:17","guid":{"rendered":"https:\/\/www.europesays.com\/fr\/78566\/"},"modified":"2025-05-06T06:10:17","modified_gmt":"2025-05-06T06:10:17","slug":"avec-la-multiplication-des-candidatures-a-droite-et-au-centre-lopposition-senlise","status":"publish","type":"post","link":"https:\/\/www.europesays.com\/fr\/78566\/","title":{"rendered":"avec la multiplication des candidatures \u00e0 droite et au centre, l\u2019opposition s\u2019enlise"},"content":{"rendered":"<p>Alors que la volont\u00e9 d\u2019une union pour battre le maire \u00e9cologiste sortant, Pierre Hurmic, semblait acquise il y a encore quelques mois, l\u2019opposition bordelaise appara\u00eet plus divis\u00e9e que jamais depuis le d\u00e9c\u00e8s de sa figure de proue Nicolas Florian.<\/p>\n<p class=\"fig-paragraph\">Parviendront-ils \u00e0 se\u00a0<a href=\"http:\/\/www.lefigaro.fr\/bordeaux\/apres-la-mort-de-nicolas-florian-le-bal-des-pretendants-pour-incarner-la-droite-bordelaise-fait-rage-20250321\" data-fig-type=\"NewsFlash\" data-gtm-custom-categorie=\"navigation\" data-gtm-custom-action=\"crossclick\" data-gtm-custom-label=\"Contextuel\" data-gtm-event=\"customEventSPE\" data-fig-domain=\"LEFIGARO\" target=\"_blank\" rel=\"noopener\">mettre en ordre de bataille<\/a>\u00a0avant le premier tour des \u00e9lections municipales en mars 2026\u00a0? Depuis le d\u00e9c\u00e8s brutal de\u00a0<a href=\"http:\/\/www.lefigaro.fr\/bordeaux\/nous-avons-eu-une-vie-incroyable-les-confidences-au-figaro-de-la-veuve-et-du-fils-de-nicolas-florian-l-ancien-maire-de-bordeaux-20250129\" data-fig-type=\"NewsFlash\" data-gtm-custom-categorie=\"navigation\" data-gtm-custom-action=\"crossclick\" data-gtm-custom-label=\"Contextuel\" data-gtm-event=\"customEventSPE\" data-fig-domain=\"LEFIGARO\" target=\"_blank\" rel=\"noopener\">Nicolas Florian<\/a>, le 26 janvier dernier, les candidatures pour\u00a0<a href=\"http:\/\/www.lefigaro.fr\/bordeaux\/un-homme-d-action-un-grand-elu-bordeaux-sous-le-choc-apres-la-mort-de-son-ancien-maire-nicolas-florian-20250127\" data-fig-type=\"NewsFlash\" data-gtm-custom-categorie=\"navigation\" data-gtm-custom-action=\"crossclick\" data-gtm-custom-label=\"Contextuel\" data-gtm-event=\"customEventSPE\" data-fig-domain=\"LEFIGARO\" target=\"_blank\" rel=\"noopener\">incarner l\u2019opposition de la droite et du centre bordelais<\/a>\u00a0se multiplient&#8230; et divisent.<\/p>\n<p class=\"fig-paragraph\">Premier \u00e0 avoir claqu\u00e9 la porte de Bordeaux Ensemble, Pierre-De-Ga\u00e9tan de Njikam a pr\u00e9sent\u00e9 sa \u00abcandidature r\u00e9solue\u00bb mi-mars. Alexandra Siarri, toujours membre du groupe, s\u2019est ensuite d\u00e9clar\u00e9e \u00abcandidate \u00e0 la candidature\u00bb fin avril. D\u00e9sormais \u00e0 la t\u00eate d\u2019un mouvement qu\u2019elle a baptis\u00e9 Alliance bordelaise, la quinquag\u00e9naire dispose d\u2019un directeur de campagne tandis que son association de financement de campagne est en cours de cr\u00e9ation. \u00abJe suis entr\u00e9e en campagne. Il y a des groupes qui travaillent et je me mets en situation d\u2019\u00eatre candidate au moment venue\u00bb, assume l\u2019\u00e9lue au conseil municipal. Quid de la s\u00e9natrice et ministre du Tourisme,\u00a0<a href=\"http:\/\/www.lefigaro.fr\/bordeaux\/apres-le-deces-de-nicolas-florian-nathalie-delattre-prend-la-tete-de-la-droite-bordelaise-20250214\" data-fig-type=\"NewsFlash\" data-gtm-custom-categorie=\"navigation\" data-gtm-custom-action=\"crossclick\" data-gtm-custom-label=\"Contextuel\" data-gtm-event=\"customEventSPE\" data-fig-domain=\"LEFIGARO\" target=\"_blank\" rel=\"noopener\">Nathalie Delattre,<\/a>\u00a0pr\u00e9sidente du mouvement Bordeaux Ensemble et candidate favorite du groupe\u00a0? \u00abCe n\u2019est pas le groupe du conseil municipal qui investit les candidats. Nous devrons ouvrir les yeux\u00a0: la sociologie \u00e9lectorale de Bordeaux a chang\u00e9\u00bb, r\u00e9torque Alexandra Siarri.<\/p>\n<p class=\"fig-paragraph\">Dans les arcanes de Bordeaux Ensemble, qui d\u00e9nombre d\u00e9j\u00e0 trois candidatures depuis la mort de Nicolas Florian, la situation commence \u00e0 agacer. \u00abIl n\u2019y a rien d\u2019irrattrapable et la discussion n\u2019a jamais \u00e9t\u00e9 rompue, mais c\u2019est le bordel (sic)\u00bb, conc\u00e8de ainsi une source au Figaro. Entre ranc\u0153urs et coups de poker des candidats qui d\u00e9sirent tirer leur \u00e9pingle du jeu, les crispations pourraient se cristalliser. Et ce cadre du groupe d\u2019acter\u00a0: \u00abIls ont tous conscience que sans union, c\u2019est la r\u00e9\u00e9lection de Pierre Hurmic assur\u00e9e&#8230; Mais chacun \u00e0 l\u2019air d\u00e9termin\u00e9 \u00e0 aller jusqu\u2019au bout.\u00bb<\/p>\n<blockquote class=\"fig-quote&#10;    \">\n<p class=\"fig-quote__text\">Les d\u00e9p\u00f4ts de candidature officielle sont en f\u00e9vrier. On verra qui est vraiment sur la ligne de d\u00e9part \u00e0 ce moment-l\u00e0<\/p>\n<p>            Fabien Robert, copr\u00e9sident du groupe Bordeaux Ensemble\n    <\/p><\/blockquote>\n<p>Cacophonie<\/p>\n<p class=\"fig-paragraph\">Bilan\u00a0: les candidats de l\u2019opposition en appellent \u00e0 l\u2019union sans conc\u00e9der du terrain. \u00abIl n\u2019est pas question qu\u2019il n\u2019y ait pas une tentative de se rapprocher, nous ne sommes pas r\u00e9sign\u00e9s face \u00e0 la division\u00bb, avance ainsi Fabien Robert (Modem) au nom de Nathalie Delattre ; tandis que le d\u00e9put\u00e9 Thomas Cazenave mart\u00e8le que \u00ables discussions se poursuivent\u00bb en appelant \u00abde toutes ses forces \u00e0 l\u2019union\u00bb. M\u00eame \u00e9cho chez Alexandra Siarri, qui \u00abrevendique sa position\u00bb tout en affirmant que cette pluralit\u00e9 \u00aboblige un d\u00e9bat contradictoire de haute tenue pour sortir des vieux r\u00e9flexes\u00bb. L\u2019organisation d\u2019un \u00e9v\u00e9nement public, destin\u00e9 \u00e0 rassembler en ce sens toutes les \u00e9curies de l\u2019alternance d\u2019ici d\u00e9but juillet, se dessine en coulisse. Mais rien n\u2019est fait.<\/p>\n<p class=\"fig-paragraph\">Autrement dit\u00a0: les auditions sont en cours pour choisir le candidat qui donnera le la. Cette cacophonie est-elle un passage oblig\u00e9 afin que l\u2019opposition ne trouve un nouveau chef d\u2019orchestre pour harmoniser leurs partitions\u00a0? \u00abJe ne suis pas surpris par les d\u00e9terminations qui s\u2019expriment et sans laquelle les candidats de l\u2019union ne peuvent pas \u00eatre cr\u00e9dibles\u00bb, tente de rassurer Fabien Robert (Modem). Le politique &#8211; qui soutient la candidature de Nathalie Delattre &#8211; estime que l\u2019affaire devrait rentrer dans l\u2019ordre d\u2019ici \u00e0 l\u2019automne. \u00abNous sommes encore dans une phase normale du calendrier car les candidats se sont lanc\u00e9s il y a un mois et demi. Les d\u00e9p\u00f4ts de candidature officielle sont en f\u00e9vrier. On verra qui est vraiment sur la ligne de d\u00e9part \u00e0 ce moment-l\u00e0\u00bb, indique-t-il ainsi.<\/p>\n<p>Sondage<\/p>\n<p class=\"fig-paragraph\">Mais la m\u00e9thode pour d\u00e9partager les nombreuses candidatures d\u2019ici l\u00e0 ne semble pas encore acquise. Selon plusieurs sources concordantes du Figaro, Nicolas Florian et Thomas Cazenave s\u2019\u00e9taient mis d\u2019accord avant son d\u00e9c\u00e8s pour d\u00e9terminer la t\u00eate de liste de l\u2019union sur la base de sondages. Sauf que les derniers\u00a0<a href=\"http:\/\/www.lefigaro.fr\/bordeaux\/municipales-2026-a-bordeaux-le-maire-pierre-hurmic-talonne-par-thomas-cazenave-dans-un-sondage-20250418\" data-fig-type=\"NewsFlash\" data-gtm-custom-categorie=\"navigation\" data-gtm-custom-action=\"crossclick\" data-gtm-custom-label=\"Contextuel\" data-gtm-event=\"customEventSPE\" data-fig-domain=\"LEFIGARO\" target=\"_blank\" rel=\"noopener\">r\u00e9sultats de l\u2019Ifop<\/a>, qui placent pour l\u2019heure le d\u00e9put\u00e9 trois points devant Nathalie Delattre dans l\u2019\u00e9ventualit\u00e9 d\u2019un duel face \u00e0 Pierre Hurmic, sont loin d\u2019avoir mis la fanfare au diapason. En r\u00e9alit\u00e9, les chiffres sonnent surtout le tocsin\u00a0: seuls et divis\u00e9s face \u00e0 Pierre Hurmic (35%), Thomas Cazenave (33%) comme Nathalie Delattre (29%) sont donn\u00e9s perdants.<\/p>\n<p class=\"fig-body-link\">\n            \u00c0 lire aussi<br \/>\n        <a class=\"fig-body-link__link fig-premium-mark\" href=\"http:\/\/www.lefigaro.fr\/bordeaux\/il-faut-remettre-bordeaux-en-ordre-la-deputee-europeenne-rn-julie-rechagneux-candidate-aux-municipales-20250502\" data-fig-type=\"NewsFlash\" data-gtm-custom-categorie=\"navigation\" data-gtm-custom-action=\"crossclick\" data-gtm-custom-label=\"Contextuel\" data-gtm-event=\"customEventSPE\" data-fig-domain=\"LEFIGARO\" target=\"_blank\" rel=\"noopener\">\u00abIl faut remettre Bordeaux en ordre\u00bb\u00a0: la d\u00e9put\u00e9e europ\u00e9enne RN Julie Rechagneux candidate aux municipales<br \/>\n    <\/a>\n<\/p>\n<p class=\"fig-paragraph\">D\u2019autant plus que ce sondage ne prend en compte ni les candidatures d\u2019Alexandra Siarri et de Pierre-De-Ga\u00e9tan Njikam ni l\u2019entr\u00e9e en campagne de l\u2019\u00e9conomiste\u00a0<a href=\"https:\/\/www.lefigaro.fr\/vox\/politique\/2017\/09\/13\/31001-20170913ARTFIG00289-philippe-dessertine-le-macronisme-n-est-pas-une-ideologie-mais-un-pragmatisme.php\" data-fig-type=\"Article\" data-gtm-custom-categorie=\"navigation\" data-gtm-custom-action=\"crossclick\" data-gtm-custom-label=\"Contextuel\" data-gtm-event=\"customEventSPE\" data-fig-domain=\"LEFIGARO\" target=\"_blank\" rel=\"noopener\">Philippe Dessertine<\/a>\u00a0attendue avant l\u2019\u00e9t\u00e9. \u00abCe sondage \u00e9tait fait pour essayer de d\u00e9partager les champions suppos\u00e9s de la droite et du centre droit\u00bb, analyse un membre du cabinet de Pierre Hurmic. Avant de tacler\u00a0: \u00abOn constate surtout que c\u2019est la campagne de la primaire de la droite et du centre plus que la campagne municipale qui a commenc\u00e9.\u00bb\u00a0<\/p>\n<p class=\"fig-paragraph\">En parall\u00e8le, le Rassemblement national, lui aussi, est entr\u00e9 en sc\u00e8ne avec un nouveau visage pour Bordeaux\u00a0:\u00a0<a href=\"http:\/\/www.lefigaro.fr\/bordeaux\/il-faut-remettre-bordeaux-en-ordre-la-deputee-europeenne-rn-julie-rechagneux-candidate-aux-municipales-20250502\" data-fig-type=\"NewsFlash\" data-gtm-custom-categorie=\"navigation\" data-gtm-custom-action=\"crossclick\" data-gtm-custom-label=\"Contextuel\" data-gtm-event=\"customEventSPE\" data-fig-domain=\"LEFIGARO\" target=\"_blank\" rel=\"noopener\">la d\u00e9put\u00e9e europ\u00e9enne Julie Rechagneux<\/a>. Plus connue que son pr\u00e9d\u00e9cesseur, Bruno Paluteau (cr\u00e9dit\u00e9 de 10% d\u2019intention de votes dans le dernier sondage Ifop), elle pourrait cr\u00e9er la surprise et gagner un groupe au sein du conseil municipal. Surtout, si la d\u00e9sunion de l\u2019opposition \u00e9loigne la perspective d\u2019un vote utile chez les \u00e9lecteurs d\u00e9sireux d\u2019une alternance \u00e0 Pierre Hurmic.<\/p>\n","protected":false},"excerpt":{"rendered":"Alors que la volont\u00e9 d\u2019une union pour battre le maire \u00e9cologiste sortant, Pierre Hurmic, semblait acquise il y&hellip;\n","protected":false},"author":2,"featured_media":78567,"comment_status":"","ping_status":"","sticky":false,"template":"","format":"standard","meta":{"footnotes":""},"categories":[2817],"tags":[1111,11,1997,2916,2911,2910,2915,2909,2904,2913,2912,2914,2906,2907,1777,674,1011,27,2905,2908,7372,3554,12,2219,316,25],"class_list":{"0":"post-78566","1":"post","2":"type-post","3":"status-publish","4":"format-standard","5":"has-post-thumbnail","7":"category-bordeaux","8":"tag-actu","9":"tag-actualites","10":"tag-bordeaux","11":"tag-bordeaux-cauderan","12":"tag-bordeaux-centre-ville","13":"tag-bordeaux-chartrons-grand-parc-jardin-public","14":"tag-bordeaux-la-bastide","15":"tag-bordeaux-maritime","16":"tag-bordeaux-metropole","17":"tag-bordeaux-nansouty-st-genes","18":"tag-bordeaux-st-augustin-tauzin-alphonse-dupeux","19":"tag-bordeaux-sud","20":"tag-capitale-de-gaule","21":"tag-cathedrale-gothique-de-saint-andre","22":"tag-eu","23":"tag-europe","24":"tag-fr","25":"tag-france","26":"tag-gironde","27":"tag-girondins-de-bordeaux","28":"tag-mairie-de-bordeaux","29":"tag-municipales","30":"tag-news","31":"tag-nouvelle-aquitaine","32":"tag-politique","33":"tag-republique-francaise"},"share_on_mastodon":{"url":"","error":"Validation failed: Text character limit of 500 exceeded"},"_links":{"self":[{"href":"https:\/\/www.europesays.com\/fr\/wp-json\/wp\/v2\/posts\/78566","targetHints":{"allow":["GET"]}}],"collection":[{"href":"https:\/\/www.europesays.com\/fr\/wp-json\/wp\/v2\/posts"}],"about":[{"href":"https:\/\/www.europesays.com\/fr\/wp-json\/wp\/v2\/types\/post"}],"author":[{"embeddable":true,"href":"https:\/\/www.europesays.com\/fr\/wp-json\/wp\/v2\/users\/2"}],"replies":[{"embeddable":true,"href":"https:\/\/www.europesays.com\/fr\/wp-json\/wp\/v2\/comments?post=78566"}],"version-history":[{"count":0,"href":"https:\/\/www.europesays.com\/fr\/wp-json\/wp\/v2\/posts\/78566\/revisions"}],"wp:featuredmedia":[{"embeddable":true,"href":"https:\/\/www.europesays.com\/fr\/wp-json\/wp\/v2\/media\/78567"}],"wp:attachment":[{"href":"https:\/\/www.europesays.com\/fr\/wp-json\/wp\/v2\/media?parent=78566"}],"wp:term":[{"taxonomy":"category","embeddable":true,"href":"https:\/\/www.europesays.com\/fr\/wp-json\/wp\/v2\/categories?post=78566"},{"taxonomy":"post_tag","embeddable":true,"href":"https:\/\/www.europesays.com\/fr\/wp-json\/wp\/v2\/tags?post=78566"}],"curies":[{"name":"wp","href":"https:\/\/api.w.org\/{rel}","templated":true}]}}