{"id":78570,"date":"2025-05-06T06:12:09","date_gmt":"2025-05-06T06:12:09","guid":{"rendered":"https:\/\/www.europesays.com\/fr\/78570\/"},"modified":"2025-05-06T06:12:09","modified_gmt":"2025-05-06T06:12:09","slug":"moins-reputee-que-toulouse-cette-ville-doccitanie-charme-par-son-authenticite","status":"publish","type":"post","link":"https:\/\/www.europesays.com\/fr\/78570\/","title":{"rendered":"Moins r\u00e9put\u00e9e que Toulouse, cette ville d\u2019Occitanie charme par son authenticit\u00e9"},"content":{"rendered":"<p><strong>Au c\u0153ur de l\u2019Occitanie se cache une p\u00e9pite urbaine qui m\u00e9rite le d\u00e9tour. Loin des foules touristiques de Toulouse, Albi d\u00e9voile son charme authentique entre briques roses et patrimoine UNESCO. Je t\u2019invite \u00e0 d\u00e9couvrir cette cit\u00e9 tarnaise o\u00f9 l\u2019histoire et l\u2019art se m\u00ealent dans un cadre pr\u00e9serv\u00e9 qui s\u00e9duit d\u00e8s le premier regard.<\/strong><\/p>\n<p>Albi, la cit\u00e9 \u00e9piscopale aux tr\u00e9sors m\u00e9connus<\/p>\n<p>Je me souviens parfaitement de ma premi\u00e8re visite \u00e0 Albi. Contrairement \u00e0 sa grande s\u0153ur toulousaine qui attire tous les regards, cette ville m\u2019a conquis par son \u00e9l\u00e9gance discr\u00e8te et son atmosph\u00e8re pr\u00e9serv\u00e9e. Surnomm\u00e9e \u00ab\u00a0la ville rouge\u00a0\u00bb en raison de ses b\u00e2timents en briques caract\u00e9ristiques, Albi poss\u00e8de un patrimoine exceptionnel qui lui a valu son inscription au patrimoine mondial de l\u2019UNESCO en 2010.<\/p>\n<p>Au c\u0153ur de cette cit\u00e9 \u00e9piscopale tr\u00f4ne la cath\u00e9drale Sainte-C\u00e9cile, v\u00e9ritable chef-d\u2019\u0153uvre de l\u2019art gothique m\u00e9ridional. Son imposante silhouette de forteresse contraste avec son int\u00e9rieur richement d\u00e9cor\u00e9. Je te conseille de prendre le temps d\u2019admirer ses peintures murales et son jub\u00e9 finement sculpt\u00e9 qui comptent parmi les plus beaux d\u2019Europe. Cette cath\u00e9drale t\u00e9moigne de la puissance des \u00e9v\u00eaques d\u2019Albi qui ont fa\u00e7onn\u00e9 la ville pendant des si\u00e8cles.<\/p>\n<p>Juste \u00e0 c\u00f4t\u00e9, le palais de la Berbie abrite le mus\u00e9e Toulouse-Lautrec, d\u00e9di\u00e9 \u00e0 l\u2019enfant du pays. Ce mus\u00e9e rassemble la plus grande collection au monde d\u2019\u0153uvres du c\u00e9l\u00e8bre peintre n\u00e9 \u00e0 <a href=\"#\">Albi<\/a> en 1864. Je l\u2019avoue, j\u2019ai \u00e9t\u00e9 impressionn\u00e9 par la richesse de cette collection qui retrace l\u2019ensemble de sa carri\u00e8re artistique, des premi\u00e8res esquisses aux affiches embl\u00e9matiques du Moulin Rouge.<\/p>\n<p>Les jardins du palais offrent une vue imprenable sur les m\u00e9andres du Tarn qui serpente au pied des remparts. Cette rivi\u00e8re qui traverse la ville apporte une douceur et une luminosit\u00e9 particuli\u00e8res aux fa\u00e7ades ros\u00e9es. Si tu as l\u2019occasion de visiter <a href=\"#\">le Tarn<\/a>, prends le temps de fl\u00e2ner sur le Pont-Vieux, construit au XIe si\u00e8cle, qui offre l\u2019un des plus beaux panoramas sur la cit\u00e9 \u00e9piscopale.<\/p>\n<p>Un centre historique authentique entre tradition et modernit\u00e9<\/p>\n<p>Ce qui m\u2019a particuli\u00e8rement s\u00e9duit \u00e0 Albi, c\u2019est son centre historique parfaitement pr\u00e9serv\u00e9. Loin de l\u2019effervescence toulousaine, je me suis laiss\u00e9 porter par le rythme tranquille des ruelles m\u00e9di\u00e9vales. Les maisons \u00e0 colombages et les h\u00f4tels particuliers t\u00e9moignent de la prosp\u00e9rit\u00e9 pass\u00e9e de cette cit\u00e9 marchande, enrichie gr\u00e2ce au commerce du pastel, cette plante tinctoriale qui donnait le fameux \u00ab\u00a0bleu de pastel\u00a0\u00bb.<\/p>\n<p>La place du Vigan constitue le c\u0153ur battant de la ville. Entour\u00e9e de terrasses de caf\u00e9s et d\u2019\u00e9l\u00e9gants b\u00e2timents, elle accueille un march\u00e9 anim\u00e9 o\u00f9 j\u2019ai pu d\u00e9couvrir les sp\u00e9cialit\u00e9s locales. Le march\u00e9 couvert vaut \u00e9galement le d\u00e9tour pour ses produits du terroir et son ambiance conviviale. J\u2019y ai go\u00fbt\u00e9 le c\u00e9l\u00e8bre poumpet, une p\u00e2tisserie feuillet\u00e9e parfum\u00e9e \u00e0 l\u2019eau de fleur d\u2019oranger, v\u00e9ritable institution albigeoise.<\/p>\n<p>Contrairement \u00e0 <a href=\"#\">Toulouse<\/a> parfois victime de son succ\u00e8s touristique, Albi a su pr\u00e9server son authenticit\u00e9. J\u2019appr\u00e9cie particuli\u00e8rement cette ville pour son \u00e9quilibre entre patrimoine historique et dynamisme contemporain. Le quartier culturel des Cordeliers, avec sa sc\u00e8ne nationale et ses espaces d\u2019exposition, t\u00e9moigne de cette vitalit\u00e9 artistique.<\/p>\n<p>Pour mieux comprendre l\u2019\u00e2me de cette cit\u00e9, j\u2019ai suivi les traces des cathares et de l\u2019h\u00e9r\u00e9sie albigeoise qui a marqu\u00e9 son histoire. La maison du Vieil Alby propose une plong\u00e9e passionnante dans le pass\u00e9 m\u00e9di\u00e9val de la ville \u00e0 travers des reconstitutions et des objets d\u2019\u00e9poque. Cette dimension historique ajoute une profondeur particuli\u00e8re \u00e0 la visite d\u2019<a href=\"#\">Albi<\/a>.<\/p>\n<p>Les charmes discrets des alentours albigeois<\/p>\n<p>L\u2019un des atouts majeurs d\u2019Albi r\u00e9side aussi dans sa position strat\u00e9gique pour examiner une <a href=\"#\">Occitanie<\/a> moins connue mais tout aussi captivante. \u00c0 seulement quelques kilom\u00e8tres, j\u2019ai d\u00e9couvert des paysages vari\u00e9s et des villages de caract\u00e8re qui m\u00e9ritent le d\u00e9tour.<\/p>\n<p>Je te recommande vivement une excursion \u00e0 Cordes-sur-Ciel, cit\u00e9 m\u00e9di\u00e9vale perch\u00e9e qui semble flotter au-dessus des nuages par temps de brume. Ses ruelles escarp\u00e9es et ses maisons gothiques m\u2019ont transport\u00e9 plusieurs si\u00e8cles en arri\u00e8re. \u00c0 l\u2019inverse de sites plus touristiques comme <a href=\"#\">Carcassonne<\/a>, j\u2019ai pu y d\u00e9ambuler tranquillement, m\u00eame en pleine saison estivale.<\/p>\n<p>Les vignobles de Gaillac constituent une autre d\u00e9couverte incontournable aux portes d\u2019Albi. J\u2019ai parcouru la route des vins en m\u2019arr\u00eatant dans de petits domaines familiaux o\u00f9 les vignerons perp\u00e9tuent des traditions mill\u00e9naires. La d\u00e9gustation des vins blancs secs et perl\u00e9s m\u2019a r\u00e9v\u00e9l\u00e9 des saveurs uniques, bien diff\u00e9rentes des vins plus m\u00e9diatis\u00e9s du Languedoc ou du Bordelais.<\/p>\n<p>Pour les amoureux de nature, la vall\u00e9e du Tarn offre des paysages spectaculaires. J\u2019ai arpent\u00e9 ses gorges lors d\u2019une randonn\u00e9e qui m\u2019a men\u00e9 jusqu\u2019\u00e0 l\u2019impressionnant village d\u2019Ambialet, presque enti\u00e8rement entour\u00e9 par la rivi\u00e8re. Ces espaces pr\u00e9serv\u00e9s contrastent agr\u00e9ablement avec l\u2019urbanisation galopante qu\u2019on peut observer autour de m\u00e9tropoles comme <a href=\"#\">Montpellier<\/a>.<\/p>\n<p>C\u2019est pr\u00e9cis\u00e9ment cette combinaison d\u2019un riche patrimoine urbain et d\u2019un environnement naturel pr\u00e9serv\u00e9 qui fait tout le charme d\u2019Albi et de sa r\u00e9gion. Une destination authentique qui gagne \u00e0 \u00eatre connue, tout en conservant ce pr\u00e9cieux \u00e9quilibre entre d\u00e9veloppement touristique et pr\u00e9servation de son identit\u00e9.<\/p>\n<p><img loading=\"lazy\" decoding=\"async\" width=\"150\" height=\"150\" src=\"data:image\/svg+xml,%3Csvg%20xmlns=\" http:=\"\" class=\"attachment-150x150 size-150x150\" alt=\"\" itemprop=\"image\" data-lazy- data-lazy- data-lazy-src=\"https:\/\/www.europesays.com\/fr\/wp-content\/uploads\/2025\/04\/im6-150x150.png\"\/><\/p>\n<p>Salut \u00e0 tous, je suis Eglantine. D\u00e9couvrez mes articles sur le voyage \u00e0 travers mes conseils, astuces et lieux pr\u00e9f\u00e9r\u00e9s en exclusivit\u00e9 sur News Of Marseille.<br \/>R\u00e9dactrice de coeur, je vous guide \u00e0 travers mes \u00e9crits pour vous transmettre mon expertise sur l&rsquo;aventure du voyage. Et \u00e9videmment, allez l&rsquo;OM \ud83d\ude09<\/p>\n<p>Partagez l&rsquo;article ou suivez nous !<\/p>\n<p>\n\tNos images sont \u00e0 but illustratif et peuvent ne pas repr\u00e9senter la r\u00e9alit\u00e9<\/p>\n","protected":false},"excerpt":{"rendered":"Au c\u0153ur de l\u2019Occitanie se cache une p\u00e9pite urbaine qui m\u00e9rite le d\u00e9tour. Loin des foules touristiques de&hellip;\n","protected":false},"author":2,"featured_media":78571,"comment_status":"","ping_status":"","sticky":false,"template":"","format":"standard","meta":{"footnotes":""},"categories":[2816],"tags":[1111,11,1777,674,1011,27,12,2680,5182,25,2312,18479],"class_list":{"0":"post-78570","1":"post","2":"type-post","3":"status-publish","4":"format-standard","5":"has-post-thumbnail","7":"category-toulouse","8":"tag-actu","9":"tag-actualites","10":"tag-eu","11":"tag-europe","12":"tag-fr","13":"tag-france","14":"tag-news","15":"tag-occitanie","16":"tag-patrimoine-unesco","17":"tag-republique-francaise","18":"tag-toulouse","19":"tag-ville-rouge"},"share_on_mastodon":{"url":"https:\/\/pubeurope.com\/@fr\/114459413371299868","error":""},"_links":{"self":[{"href":"https:\/\/www.europesays.com\/fr\/wp-json\/wp\/v2\/posts\/78570","targetHints":{"allow":["GET"]}}],"collection":[{"href":"https:\/\/www.europesays.com\/fr\/wp-json\/wp\/v2\/posts"}],"about":[{"href":"https:\/\/www.europesays.com\/fr\/wp-json\/wp\/v2\/types\/post"}],"author":[{"embeddable":true,"href":"https:\/\/www.europesays.com\/fr\/wp-json\/wp\/v2\/users\/2"}],"replies":[{"embeddable":true,"href":"https:\/\/www.europesays.com\/fr\/wp-json\/wp\/v2\/comments?post=78570"}],"version-history":[{"count":0,"href":"https:\/\/www.europesays.com\/fr\/wp-json\/wp\/v2\/posts\/78570\/revisions"}],"wp:featuredmedia":[{"embeddable":true,"href":"https:\/\/www.europesays.com\/fr\/wp-json\/wp\/v2\/media\/78571"}],"wp:attachment":[{"href":"https:\/\/www.europesays.com\/fr\/wp-json\/wp\/v2\/media?parent=78570"}],"wp:term":[{"taxonomy":"category","embeddable":true,"href":"https:\/\/www.europesays.com\/fr\/wp-json\/wp\/v2\/categories?post=78570"},{"taxonomy":"post_tag","embeddable":true,"href":"https:\/\/www.europesays.com\/fr\/wp-json\/wp\/v2\/tags?post=78570"}],"curies":[{"name":"wp","href":"https:\/\/api.w.org\/{rel}","templated":true}]}}