{"id":78580,"date":"2025-05-06T06:17:11","date_gmt":"2025-05-06T06:17:11","guid":{"rendered":"https:\/\/www.europesays.com\/fr\/78580\/"},"modified":"2025-05-06T06:17:11","modified_gmt":"2025-05-06T06:17:11","slug":"prison-avec-sursis-pour-avoir-etrangle-et-emmene-de-force-son-ex-compagne-en-foret-la-nuit-pres-de-lyon","status":"publish","type":"post","link":"https:\/\/www.europesays.com\/fr\/78580\/","title":{"rendered":"Prison avec sursis pour avoir \u00e9trangl\u00e9 et emmen\u00e9 de force son ex-compagne en for\u00eat la nuit pr\u00e8s de Lyon"},"content":{"rendered":"<p>Prison avec sursis pour avoir \u00e9trangl\u00e9 et emmen\u00e9 de force son ex-compagne en for\u00eat la nuit pr\u00e8s de Lyon &#8211; LyonMag<\/p>\n<p itemprop=\"description\"><strong>Le 28 f\u00e9vrier dernier, cette jeune femme s&rsquo;est vue mourir.<\/strong><\/p>\n<p>La faute \u00e0 son ex-compagnon qui l&rsquo;avait violent\u00e9e pour une affaire de jalousie.<\/p>\n<p>Ce Rhodanien \u00e2g\u00e9 de 21 ans lui avait notamment ass\u00e9n\u00e9 un coup de t\u00eate et proc\u00e9d\u00e9 \u00e0 une tentative d&rsquo;\u00e9tranglement (10 jours d&rsquo;ITT) \u00e0 Affoux. Avant de la faire monter de force dans sa voiture pour l&#8217;emmener en for\u00eat la nuit, la mena\u00e7ant d&rsquo;utiliser un couteau qu&rsquo;il ne poss\u00e9dait pas.<\/p>\n<p>Enfin, l&rsquo;ancien couple s&rsquo;\u00e9tait rendu au domicile du nouveau flirt de la femme dans la Loire.<\/p>\n<p>Pour ce trajet forc\u00e9 de la peur, l&rsquo;homme a \u00e9t\u00e9 r\u00e9cemment jug\u00e9 par le tribunal correctionnel de Villefranche-sur-Sa\u00f4ne. Face aux juges, il a tent\u00e9 de minimiser les faits, se montrant assez vague sur ses r\u00e9elles motivations.<\/p>\n<p>Puisque le procureur de la R\u00e9publique n&rsquo;avait pas retenu le chef de s\u00e9questration, il a requis seulement 8 mois de prison avec sursis \u00e0 son encontre. Une peine suivie par le tribunal caladois selon le Patriote Beaujolais, qui a \u00e9galement prononc\u00e9 une interdiction d&rsquo;entrer en contact avec la victime.<\/p>\n","protected":false},"excerpt":{"rendered":"Prison avec sursis pour avoir \u00e9trangl\u00e9 et emmen\u00e9 de force son ex-compagne en for\u00eat la nuit pr\u00e8s de&hellip;\n","protected":false},"author":2,"featured_media":78581,"comment_status":"","ping_status":"","sticky":false,"template":"","format":"standard","meta":{"footnotes":""},"categories":[1889],"tags":[1111,11,2813,2190,2430,1109,251,1112,2811,1777,674,118,1011,27,1922,1110,1114,2428,2810,12,241,316,25,2812,517,800],"class_list":{"0":"post-78580","1":"post","2":"type-post","3":"status-publish","4":"format-standard","5":"has-post-thumbnail","7":"category-lyon","8":"tag-actu","9":"tag-actualites","10":"tag-article","11":"tag-asvel","12":"tag-auvergne-rhone-alpes","13":"tag-breves","14":"tag-culture","15":"tag-depeches","16":"tag-economique","17":"tag-eu","18":"tag-europe","19":"tag-faits-divers","20":"tag-fr","21":"tag-france","22":"tag-info","23":"tag-informations","24":"tag-infos","25":"tag-lyon","26":"tag-lyonmag","27":"tag-news","28":"tag-ol","29":"tag-politique","30":"tag-republique-francaise","31":"tag-sociale","32":"tag-sport","33":"tag-transports"},"share_on_mastodon":{"url":"https:\/\/pubeurope.com\/@fr\/114459433036190008","error":""},"_links":{"self":[{"href":"https:\/\/www.europesays.com\/fr\/wp-json\/wp\/v2\/posts\/78580","targetHints":{"allow":["GET"]}}],"collection":[{"href":"https:\/\/www.europesays.com\/fr\/wp-json\/wp\/v2\/posts"}],"about":[{"href":"https:\/\/www.europesays.com\/fr\/wp-json\/wp\/v2\/types\/post"}],"author":[{"embeddable":true,"href":"https:\/\/www.europesays.com\/fr\/wp-json\/wp\/v2\/users\/2"}],"replies":[{"embeddable":true,"href":"https:\/\/www.europesays.com\/fr\/wp-json\/wp\/v2\/comments?post=78580"}],"version-history":[{"count":0,"href":"https:\/\/www.europesays.com\/fr\/wp-json\/wp\/v2\/posts\/78580\/revisions"}],"wp:featuredmedia":[{"embeddable":true,"href":"https:\/\/www.europesays.com\/fr\/wp-json\/wp\/v2\/media\/78581"}],"wp:attachment":[{"href":"https:\/\/www.europesays.com\/fr\/wp-json\/wp\/v2\/media?parent=78580"}],"wp:term":[{"taxonomy":"category","embeddable":true,"href":"https:\/\/www.europesays.com\/fr\/wp-json\/wp\/v2\/categories?post=78580"},{"taxonomy":"post_tag","embeddable":true,"href":"https:\/\/www.europesays.com\/fr\/wp-json\/wp\/v2\/tags?post=78580"}],"curies":[{"name":"wp","href":"https:\/\/api.w.org\/{rel}","templated":true}]}}