{"id":785814,"date":"2026-03-09T05:43:19","date_gmt":"2026-03-09T05:43:19","guid":{"rendered":"https:\/\/www.europesays.com\/fr\/785814\/"},"modified":"2026-03-09T05:43:19","modified_gmt":"2026-03-09T05:43:19","slug":"qui-veut-vraiment-chasser-les-voitures-du-centre-ville-de-rennes-voici-ce-que-proposent-les-candidats-aux-municipales-video","status":"publish","type":"post","link":"https:\/\/www.europesays.com\/fr\/785814\/","title":{"rendered":"Qui veut vraiment chasser les voitures du centre-ville de Rennes\u00a0? Voici ce que proposent les candidats aux municipales [Vid\u00e9o]"},"content":{"rendered":"<p><a href=\"https:\/\/www.letelegramme.fr\/ille-et-vilaine\/rennes-35000\/demolition-du-parking-vilaine-a-rennes-decouvrez-les-images-impressionnantes-de-la-grignoteuse-6946209.php\" target=\"_blank\" rel=\"nofollow noopener\">Destruction du parking Vilaine<\/a>, mise en place d\u2019une zone \u00e0 trafic limit\u00e9, <a href=\"https:\/\/www.letelegramme.fr\/ille-et-vilaine\/rennes-35000\/a-rennes-le-stationnement-va-devenir-payant-dans-plusieurs-quartiers-voici-lesquels-6784920.php\" target=\"_blank\" rel=\"nofollow noopener\">extension des zones de stationnement payant<\/a> bien au-del\u00e0 du centre, d\u00e9ploiement des voitures lapi, <a href=\"https:\/\/www.letelegramme.fr\/ille-et-vilaine\/rennes-35000\/il-ny-a-pas-dexces-de-zele-comment-les-pv-de-stationnement-ont-explose-a-rennes-en-quelques-mois-6846435.php\" target=\"_blank\" rel=\"nofollow noopener\">surnomm\u00e9es \u00ab sulfateuses \u00e0 PV \u00bb<\/a>, hausse des prix du stationnement et des forfaits post-stationnement\u2026 <a href=\"https:\/\/www.letelegramme.fr\/ille-et-vilaine\/rennes-35000\/municipales-a-rennes-le-grand-bilan-de-nathalie-appere-6928724.php\" target=\"_blank\" rel=\"nofollow noopener\">Les six ann\u00e9es \u00e9coul\u00e9es<\/a> ont \u00e9t\u00e9 per\u00e7ues par certains opposants \u00e0 Nathalie App\u00e9r\u00e9 comme r\u00e9solument anti-voiture. Une position dont ne veut pas entendre parler la maire sortante, dont le mandat \u00e9coul\u00e9 a vu un <a href=\"https:\/\/www.letelegramme.fr\/ille-et-vilaine\/rennes-35000\/boom-du-velo-embouteillage-en-hausse-a-rennes-la-revolution-des-transports-a-t-elle-eu-lieu-6928246.php\" target=\"_blank\" rel=\"nofollow noopener\">doublement de la pratique du v\u00e9lo<\/a> \u00e0 Rennes. La socialiste estime toutefois que non, il ne faut pas chasser les voitures du centre-ville : \u00ab Il doit y avoir des d\u00e9placements qui continuent \u00e0 se faire en voiture, mais elle doit \u00eatre \u00e0 sa juste place. Et il doit y avoir des alternatives aux d\u00e9placements en voiture solo, que ce soit les mobilit\u00e9s douces ou les transports en commun. \u00bb<\/p>\n<p>\u00c0 sa gauche, <a href=\"https:\/\/www.letelegramme.fr\/ille-et-vilaine\/rennes-35000\/les-baronnies-du-ps-sont-arrivees-a-leur-fin-linsoumise-marie-mesmeur-la-candidate-aux-municipales-qui-veut-faire-mieux-pour-rennes-video-6983495.php\" target=\"_blank\" rel=\"nofollow noopener\">Marie Mesmeur<\/a> plaide pour une sortie \u00ab progressive \u00bb de la voiture du centre-ville, tout en apportant des nuances. \u00ab Il ne faut pas chasser toutes les voitures, pas celles des travailleurs pauvres, pas celles des services. Il faut aller vers la transition et la mobilit\u00e9 douce \u00bb, d\u00e9fend la candidate insoumise.<\/p>\n<p>\u00ab Un centre-ville plus apais\u00e9 \u00bb<\/p>\n<p>Au centre-droit, <a href=\"https:\/\/www.letelegramme.fr\/ille-et-vilaine\/rennes-35000\/il-se-decrit-comme-le-seul-candidat-en-mesure-de-battre-nathalie-appere-a-rennes-charles-compagnon-mise-sur-une-alternance-claire-aux-municipales-6986110.php\" target=\"_blank\" rel=\"nofollow noopener\">Charles Compagnon<\/a>, qui a vertement condamn\u00e9 la destruction du parking Vilaine, ass\u00e8ne que \u00ab oui, il faut un centre-ville plus apais\u00e9. Et, en m\u00eame temps, il faut que les gens qui viennent de loin puissent se stationner pour prendre les transports d\u00e9carbon\u00e9s \u00bb. Il faut donc, selon le principal adversaire de <a href=\"https:\/\/www.letelegramme.fr\/ille-et-vilaine\/rennes-35000\/rennes-ville-refuge-la-sortante-nathalie-appere-candidate-aux-municipales-prete-au-combat-culturel-face-a-lextreme-droite-video-6987754.php\" target=\"_blank\" rel=\"nofollow noopener\">Nathalie App\u00e9r\u00e9<\/a>, \u00ab compl\u00e8tement revoir les mobilit\u00e9s avec plus de solutions et moins de bouchons \u00bb.<\/p>\n<p>\u00c0 droite de l\u2019\u00e9chiquier politique, les positions de <a href=\"https:\/\/www.letelegramme.fr\/ille-et-vilaine\/rennes-35000\/redevenir-fier-detre-rennais-thomas-rousseau-le-candidat-qui-veut-creer-lalternance-aux-municipales-avec-le-programme-dune-droite-qui-sassume-6979711.php\" target=\"_blank\" rel=\"nofollow noopener\">Thomas Rousseau<\/a> (LR) et de <a href=\"https:\/\/www.letelegramme.fr\/ille-et-vilaine\/rennes-35000\/remettre-rennes-en-ordre-julien-masson-le-candidat-qui-veut-creer-la-surprise-aux-municipales-a-rennes-6981853.php\" target=\"_blank\" rel=\"nofollow noopener\">Julien Masson<\/a> (RN) sont align\u00e9es. Le premier estime que non, il ne faut \u00ab absolument pas \u00bb chasser la voiture du centre : \u00ab Je pense qu\u2019il faut revoir sa place. Pour ceux qui y travaillent et qui y vivent, c\u2019est indispensable. \u00bb Le candidat RN juge, lui, que \u00ab non, \u00e9videmment non \u00bb, il ne faut pas chasser la voiture. \u00ab Tous les modes de circulation doivent coexister harmonieusement. Il faut lutter contre la politique anti-voiture mise en place par la gauche rennaise. \u00bb<\/p>\n","protected":false},"excerpt":{"rendered":"Destruction du parking Vilaine, mise en place d\u2019une zone \u00e0 trafic limit\u00e9, extension des zones de stationnement payant&hellip;\n","protected":false},"author":2,"featured_media":785815,"comment_status":"","ping_status":"","sticky":false,"template":"","format":"standard","meta":{"footnotes":"","_share_on_mastodon":"0"},"categories":[2821],"tags":[1111,11,829,21017,2761,1777,674,1011,27,848,3434,75608,12,3364,584,25,2955],"class_list":["post-785814","post","type-post","status-publish","format-standard","has-post-thumbnail","category-rennes","tag-actu","tag-actualites","tag-bretagne","tag-deplacements-a-rennes","tag-elections-municipales-2026","tag-eu","tag-europe","tag-fr","tag-france","tag-ille-et-vilaine","tag-municipales-2026","tag-municipales-rennes","tag-news","tag-politique-a-rennes","tag-rennes","tag-republique-francaise","tag-videos"],"share_on_mastodon":{"url":"https:\/\/pubeurope.com\/@fr\/116197628503855708","error":""},"_links":{"self":[{"href":"https:\/\/www.europesays.com\/fr\/wp-json\/wp\/v2\/posts\/785814","targetHints":{"allow":["GET"]}}],"collection":[{"href":"https:\/\/www.europesays.com\/fr\/wp-json\/wp\/v2\/posts"}],"about":[{"href":"https:\/\/www.europesays.com\/fr\/wp-json\/wp\/v2\/types\/post"}],"author":[{"embeddable":true,"href":"https:\/\/www.europesays.com\/fr\/wp-json\/wp\/v2\/users\/2"}],"replies":[{"embeddable":true,"href":"https:\/\/www.europesays.com\/fr\/wp-json\/wp\/v2\/comments?post=785814"}],"version-history":[{"count":0,"href":"https:\/\/www.europesays.com\/fr\/wp-json\/wp\/v2\/posts\/785814\/revisions"}],"wp:featuredmedia":[{"embeddable":true,"href":"https:\/\/www.europesays.com\/fr\/wp-json\/wp\/v2\/media\/785815"}],"wp:attachment":[{"href":"https:\/\/www.europesays.com\/fr\/wp-json\/wp\/v2\/media?parent=785814"}],"wp:term":[{"taxonomy":"category","embeddable":true,"href":"https:\/\/www.europesays.com\/fr\/wp-json\/wp\/v2\/categories?post=785814"},{"taxonomy":"post_tag","embeddable":true,"href":"https:\/\/www.europesays.com\/fr\/wp-json\/wp\/v2\/tags?post=785814"}],"curies":[{"name":"wp","href":"https:\/\/api.w.org\/{rel}","templated":true}]}}