{"id":78595,"date":"2025-05-06T06:25:08","date_gmt":"2025-05-06T06:25:08","guid":{"rendered":"https:\/\/www.europesays.com\/fr\/78595\/"},"modified":"2025-05-06T06:25:08","modified_gmt":"2025-05-06T06:25:08","slug":"la-russie-visee-par-plus-dune-centaine-de-drones-ukrainiens-plusieurs-aeroports-fermes","status":"publish","type":"post","link":"https:\/\/www.europesays.com\/fr\/78595\/","title":{"rendered":"La Russie vis\u00e9e par plus d\u2019une centaine de drones ukrainiens\u00a0: plusieurs a\u00e9roports ferm\u00e9s"},"content":{"rendered":"<p>Il a ajout\u00e9 que des d\u00e9bris sont tomb\u00e9s sur une grande avenue au sud de Moscou, sans faire de victime. Les m\u00e9dias russes ont diffus\u00e9 des images d\u2019une vitrine de supermarch\u00e9 f\u00eal\u00e9e et d\u2019une fa\u00e7ade noircie d\u2019immeuble r\u00e9sidentiel.<\/p>\n<p>Au total, la Russie a \u00e9t\u00e9 vis\u00e9e dans la nuit par 105 drones ukrainiens, a pr\u00e9cis\u00e9 le minist\u00e8re russe de la D\u00e9fense dans un communiqu\u00e9.<\/p>\n<p>Fermeture temporaire de plusieurs a\u00e9roports<\/p>\n<p>Quatre a\u00e9roports de la capitale, Ch\u00e9r\u00e9m\u00e9ti\u00e9vo, Domodedovo, Vnoukovo et Joukovski ont impos\u00e9 pendant la nuit des restrictions temporaires de fonctionnement, certains fermant leurs pistes provisoirement, selon l\u2019agence russe charg\u00e9e de l\u2019aviation civile, Rosaviatsia.<\/p>\n<p>Le fonctionnement de plusieurs autres a\u00e9roports russes a d\u00fb temporairement interrompu, notamment dans plusieurs grandes villes sur la Volga comme Nijni Novgorod, Samara, Saratov ou Volgograd.<\/p>\n<p>Cette derni\u00e8re est l\u2019ancienne Stalingrad, th\u00e9\u00e2tre de la bataille la plus meurtri\u00e8re de l\u2019histoire, qui avait vu la d\u00e9faite de la 6e arm\u00e9e nazie en 1942-1943 et est consid\u00e9r\u00e9e comme un tournant de la Deuxi\u00e8me guerre mondiale.<\/p>\n<p>Les gouverneurs des r\u00e9gions m\u00e9ridionales de Voronej et Penza ont indiqu\u00e9 que respectivement 18 et 10 drones ukrainiens avaient \u00e9t\u00e9 intercept\u00e9s dans leur territoire, sans faire de victimes.<\/p>\n<p>Deux adolescents bless\u00e9s \u00e0 Koursk et un mort \u00e0 Odessa<\/p>\n<p>Dans la r\u00e9gion frontali\u00e8re de Koursk, une <a href=\"https:\/\/www.letelegramme.fr\/monde\/guerre-ukraine-russie\/\" target=\"_blank\" rel=\"nofollow noopener\">attaque ukrainienne<\/a> a bless\u00e9 deux adolescents de 14 et 17 ans et provoqu\u00e9 des coupures de courant, a indiqu\u00e9 le gouverneur r\u00e9gional par int\u00e9rim Alexandre Khinste\u00efn.<\/p>\n<p>Dans la nuit de dimanche \u00e0 lundi, la Russie avait indiqu\u00e9 avoir intercept\u00e9 une attaque de drones visant Moscou, rarement vis\u00e9e et o\u00f9 la vie reste quasi normale malgr\u00e9 l\u2019offensive de grande ampleur lanc\u00e9e en f\u00e9vrier 2022 par l\u2019arm\u00e9e russe en Ukraine.<\/p>\n<p>C\u00f4t\u00e9 ukrainien, une frappe russe aux drones a fait un mort dans la r\u00e9gion d\u2019Odessa, selon le gouverneur Oleg Kiper.<\/p>\n<p>La Russie a affirm\u00e9 qu\u2019elle observerait un cessez-le-feu de trois jours, du 8 au 10 mai, \u00e0 l\u2019occasion des comm\u00e9morations de la victoire sur l\u2019Allemagne nazie pendant la Deuxi\u00e8me Guerre mondiale.<\/p>\n","protected":false},"excerpt":{"rendered":"Il a ajout\u00e9 que des d\u00e9bris sont tomb\u00e9s sur une grande avenue au sud de Moscou, sans faire&hellip;\n","protected":false},"author":2,"featured_media":78596,"comment_status":"","ping_status":"","sticky":false,"template":"","format":"standard","meta":{"footnotes":""},"categories":[1591],"tags":[11,765,1887,2069,74,12,1885,1886,132,220],"class_list":{"0":"post-78595","1":"post","2":"type-post","3":"status-publish","4":"format-standard","5":"has-post-thumbnail","7":"category-russie","8":"tag-actualites","9":"tag-en-continu","10":"tag-federation-de-russie","11":"tag-guerre-ukraine-russie","12":"tag-monde","13":"tag-news","14":"tag-russia","15":"tag-russian-federation","16":"tag-russie","17":"tag-ukraine"},"share_on_mastodon":{"url":"https:\/\/pubeurope.com\/@fr\/114459464347236696","error":""},"_links":{"self":[{"href":"https:\/\/www.europesays.com\/fr\/wp-json\/wp\/v2\/posts\/78595","targetHints":{"allow":["GET"]}}],"collection":[{"href":"https:\/\/www.europesays.com\/fr\/wp-json\/wp\/v2\/posts"}],"about":[{"href":"https:\/\/www.europesays.com\/fr\/wp-json\/wp\/v2\/types\/post"}],"author":[{"embeddable":true,"href":"https:\/\/www.europesays.com\/fr\/wp-json\/wp\/v2\/users\/2"}],"replies":[{"embeddable":true,"href":"https:\/\/www.europesays.com\/fr\/wp-json\/wp\/v2\/comments?post=78595"}],"version-history":[{"count":0,"href":"https:\/\/www.europesays.com\/fr\/wp-json\/wp\/v2\/posts\/78595\/revisions"}],"wp:featuredmedia":[{"embeddable":true,"href":"https:\/\/www.europesays.com\/fr\/wp-json\/wp\/v2\/media\/78596"}],"wp:attachment":[{"href":"https:\/\/www.europesays.com\/fr\/wp-json\/wp\/v2\/media?parent=78595"}],"wp:term":[{"taxonomy":"category","embeddable":true,"href":"https:\/\/www.europesays.com\/fr\/wp-json\/wp\/v2\/categories?post=78595"},{"taxonomy":"post_tag","embeddable":true,"href":"https:\/\/www.europesays.com\/fr\/wp-json\/wp\/v2\/tags?post=78595"}],"curies":[{"name":"wp","href":"https:\/\/api.w.org\/{rel}","templated":true}]}}