{"id":78603,"date":"2025-05-06T06:30:11","date_gmt":"2025-05-06T06:30:11","guid":{"rendered":"https:\/\/www.europesays.com\/fr\/78603\/"},"modified":"2025-05-06T06:30:11","modified_gmt":"2025-05-06T06:30:11","slug":"prudence-en-vue-en-europe-avant-les-pmi-et-la-fed-06-05-2025-a-0802","status":"publish","type":"post","link":"https:\/\/www.europesays.com\/fr\/78603\/","title":{"rendered":"Prudence en vue en Europe avant les PMI et la Fed &#8211; 06\/05\/2025 \u00e0 08:02"},"content":{"rendered":"<p>        <img fetchpriority=\"high\" decoding=\"async\" src=\"https:\/\/www.europesays.com\/fr\/wp-content\/uploads\/2025\/05\/ccb85c38fcae09416ebba5eeb050dc25-760x508.jpg\" alt=\"Le logo d'Euronext dans le quartier de la D\u00e9fense\" loading=\"eager\" width=\"760\" height=\"508\" style=\"max-width: 100%!important; height: auto;\"\/><\/p>\n<p class=\"c-image-news__legend\">Le logo d&rsquo;Euronext dans le quartier de la D\u00e9fense<\/p>\n<p>\n par Claude Chendjou\n<\/p>\n<p>\n Les principales Bourses europ\u00e9ennes sont attendues sur une note prudente mardi avant la publication de nouveaux indices sur l&rsquo;activit\u00e9 des entreprises et les d\u00e9cisions de politique mon\u00e9taire pr\u00e9vues dans le courant de la semaine de deux grandes banques centrales, dont celle de la R\u00e9serve f\u00e9d\u00e9rale am\u00e9ricaine (Fed).\n<\/p>\n<p>\n Les investisseurs attendent \u00e9galement de nouveaux d\u00e9veloppements sur les accords commerciaux entre les Etats-Unis et leurs partenaires alors que l&rsquo;envol\u00e9e du dollar ta\u00efwanais alimente les sp\u00e9culations d&rsquo;une intervention sur le march\u00e9 des changes.\n<\/p>\n<p>\n D&rsquo;apr\u00e8s les premi\u00e8res indications disponibles, le CAC 40 parisien devrait perdre 0,23% \u00e0 l&rsquo;ouverture. Le Dax \u00e0 Francfort pourrait reculer de 0,15% alors que le conservateur Friedrich Merz doit \u00eatre d\u00e9sign\u00e9 ce mardi nouveau chancelier en Allemagne. Le FTSE 100 \u00e0 Londres devrait prendre 0,19% pour la reprise des cotations apr\u00e8s le week-end prolong\u00e9 de lundi en raison d&rsquo;un jour f\u00e9ri\u00e9. L&rsquo;indice EuroStoxx 50 est attendu en repli de 0,13% et le Stoxx 600 en baisse de 0,11%.\n<\/p>\n<p>\n Les investisseurs prendront connaissance \u00e0 partir de 07h50 GMT des indices PMI d\u00e9finitifs des services et composite pour le mois d&rsquo;avril des principaux en Europe au lendemain de la publication de l&rsquo;ISM mensuel des services aux Etats-Unis. Cette statistique permettra de mesurer l&rsquo;impact des tensions commerciales sur l&rsquo;activit\u00e9 alors que l&rsquo;indice pr\u00e9liminaire PM composite en zone euro s&rsquo;est p\u00e9niblement maintenu le mois dernier au-dessus de la barre des 50 s\u00e9parant croissance et contraction.\n<\/p>\n<p>\n La publication \u00e0 09h00 GMT des prix \u00e0 la production en zone pour le mois de mars constituera \u00e9galement un temps fort de la s\u00e9ance en pr\u00e9vision de la r\u00e9union du 5 juin de la Banque centrale europ\u00e9enne (BCE). La R\u00e9serve f\u00e9d\u00e9rale am\u00e9ricaine et la Banque d&rsquo;Angleterre (BoE) doivent remettre respectivement mercredi et jeudi leurs d\u00e9cisions de politique mon\u00e9taire. Le pr\u00e9sident de la Fed, Jerome Powell, pourrait \u00e0 cette occasion fournir de nouvelles pr\u00e9cisions sur l&rsquo;impact des droits de douane sur la trajectoire des taux d&rsquo;int\u00e9r\u00eat alors que l&rsquo;\u00e9conomie am\u00e9ricaine s&rsquo;est contract\u00e9e de 0,3% au premier trimestre, selon une premi\u00e8re estimation.\n<\/p>\n<p>\n Le march\u00e9 table pour le moment, avec une probabilit\u00e9 de plus de 90%, sur un maintien ce mois-ci de l&rsquo;objectif des \u00ab\u00a0fed funds\u00a0\u00bb dans une fourchette de 4,25%-4,50% et une baisse de 50 points de base des taux d&rsquo;ici la fin de l&rsquo;ann\u00e9e.\n<\/p>\n<p>\n A WALL STREET\n<\/p>\n<p>\n La Bourse de New York a fini en baisse lundi, les investisseurs redoutant une fois de plus les effets des d\u00e9clarations tenues par Donald Trump qui a dit dimanche vouloir instaurer des barri\u00e8res douani\u00e8res pour prot\u00e9ger l&rsquo;industrie cin\u00e9matographique am\u00e9ricaine.\n<\/p>\n<p>\n L&rsquo;indice Dow Jones a c\u00e9d\u00e9 0,24%, ou 98,60 points, \u00e0 41.218,83 points.    Le Standard &amp; Poor&rsquo;s 500, plus large, a perdu 36,29 points, soit 0,64% \u00e0 5.650,38 points.    Le Nasdaq Composite a recul\u00e9 de son c\u00f4t\u00e9 de 133,49 points, soit 0,74% \u00e0 17.844,241 points.\n<\/p>\n<p>\n EN ASIE\n<\/p>\n<p>\n La Bourse de Tokyo est de nouveau ferm\u00e9e ce mardi en raison d&rsquo;un jour f\u00e9ri\u00e9.\n<\/p>\n<p>\n L&rsquo;indice MSCI regroupant les valeurs d&rsquo;Asie et du Pacifique (hors Japon) gagne 0,20%.\n<\/p>\n<p>\n Les march\u00e9s chinois, ferm\u00e9s lundi pour un jour f\u00e9ri\u00e9, ont repris les cotations avec l&rsquo;indice SSE Composite de Shanghai en hausse de 0,94% et le CSI 300 en progression de 0,95%.\n<\/p>\n<p>\n L&rsquo;indice Hang Seng de Hong Kong avance de 0,69%.\n<\/p>\n<p>\n Le pr\u00e9sident am\u00e9ricain Donald Trump a d\u00e9clar\u00e9 dimanche que Washington rencontrait de nombreux pays, dont la Chine, et que sa principale priorit\u00e9 avec P\u00e9kin \u00e9tait d&rsquo;obtenir un accord \u00e9quitable.\n<\/p>\n<p>\n C\u00f4t\u00e9 indicateur, l&rsquo;activit\u00e9 du secteur des services en Chine a progress\u00e9 en avril \u00e0 son rythme le plus faible en sept mois, plomb\u00e9e par le repli des nouvelles commandes et par l&rsquo;incertitude d\u00e9coulant des droits de douane impos\u00e9s par les Etats-Unis, montre l&rsquo;enqu\u00eate Caixin\/S&amp;P Global publi\u00e9e mardi.\n<\/p>\n<p>\n LES VALEURS A SUIVRE EN EUROPE:\n<\/p>\n<p>\n CHANGES\/TAUX\n<\/p>\n<p>\n Le dollar recule de 0,08% face \u00e0 un panier de devises de r\u00e9f\u00e9rence, alors que le billet vert a enregistr\u00e9 une baisse mensuelle de 4,3% en avril, la plus importante depuis plus de deux ans.\n<\/p>\n<p>\n L&rsquo;euro grignote 0,04%, \u00e0 1,1318 dollar, tandis que la livre sterling s&rsquo;\u00e9change \u00e0 1,3293 dollar (+0,02%).\n<\/p>\n<p>\n Le yen s&rsquo;est stabilis\u00e9 \u00e0 143,69 pour un dollar, apr\u00e8s avoir augment\u00e9 de 0,9% lors de la s\u00e9ance pr\u00e9c\u00e9dente.\n<\/p>\n<p>\n C\u00f4t\u00e9 devises \u00e9mergentes, le dollar ta\u00efwanais a pris 8% en deux s\u00e9ances, un niveau sans pr\u00e9c\u00e9dent, pour atteindre des sommets de trois ans, tandis qu&rsquo;\u00e0 Hong Kong, la banque centrale de facto a achet\u00e9 7,8 milliards de dollars pour emp\u00eacher la monnaie locale de se renforcer et de rompre son ancrage au billet vert. Ces mouvements mettent en \u00e9vidence la fragilit\u00e9 de la devise am\u00e9ricaine.\n<\/p>\n<p>\n Le rendement des bons du Tr\u00e9sor am\u00e9ricain \u00e0 dix ans est stable, \u00e0 4,3492%, apr\u00e8s une hausse de 1,9 point lundi, des donn\u00e9es ISM ayant montr\u00e9 que le secteur des services aux Etats-Unis est rest\u00e9 r\u00e9silient le mois dernier, tandis que les prix pay\u00e9s, un indicateur d&rsquo;inflation, ont atteint leur plus haut niveau en deux ans.\n<\/p>\n<p>\n P\u00c9TROLE\n<\/p>\n<p>\n Le march\u00e9 p\u00e9trolier affiche un rebond technique apr\u00e8s une forte baisse lundi \u00e0 la suite \u00e0 la d\u00e9cision de l&rsquo;Opep+ d&rsquo;acc\u00e9l\u00e9rer encore ses hausses de production.\n<\/p>\n<p>\n Le Brent progresse de 1,61% \u00e0 61,2 dollars le baril et le brut l\u00e9ger am\u00e9ricain (West Texas Intermediate, WTI) de 1,59% \u00e0 58,04 dollars.\n<\/p>\n<p>\n Les deux principales r\u00e9f\u00e9rences du p\u00e9trole avaient touch\u00e9 lundi leur plus bas niveau depuis f\u00e9vrier 2021.\n<\/p>\n<p>\n PRINCIPAUX INDICATEURS \u00c9CONOMIQUES \u00c0 L&rsquo;AGENDA DU 6 MAI :\n<\/p>\n<p>\n PAYS    GMT    INDICATEUR                   P\u00c9RIODE     CONSENSUS     PR\u00c9C\u00c9DENT\n<\/p>\n<p>\n FR      06h45  Production industrielle      mars        0,3%          0,7%\n<\/p>\n<p>\n FR      07h50  PMI composite d\u00e9finitif      avril       47,3          47,3*\n<\/p>\n<p>\n FR      07h50  PMI des services d\u00e9finitif   avril       46,8          46,8*\n<\/p>\n<p>\n DE      07h55  PMI composite d\u00e9finitif      avril       49,7          49,7*\n<\/p>\n<p>\n DE      07h55  PMI des services d\u00e9finitif   avril       48,8          48,8*\n<\/p>\n<p>\n EZ      08h00  PMI composite d\u00e9finitif      avril       50,1          50,1*\n<\/p>\n<p>\n EZ      08h00  PMI des services d\u00e9finitif   avril       49,7          49,7*\n<\/p>\n<p>\n GB      08h30  PMI composite d\u00e9finitif      avril       48,2          48,2*\n<\/p>\n<p>\n GB      08h30  PMI des services d\u00e9finitif   avril       48,9          48,9*\n<\/p>\n<p>\n EZ      09h00  Prix \u00e0 la production         mars        -1,6%         +0,2%\n<\/p>\n<p>\n &#8211; sur un an                              +2,5%         +3,0%\n<\/p>\n<p>\n *premi\u00e8re estimation\n<\/p>\n<p>\n (R\u00e9dig\u00e9 par Claude Chendjou, \u00e9dit\u00e9 par Augustin Turpin)<\/p>\n","protected":false},"excerpt":{"rendered":"Le logo d&rsquo;Euronext dans le quartier de la D\u00e9fense par Claude Chendjou Les principales Bourses europ\u00e9ennes sont attendues&hellip;\n","protected":false},"author":2,"featured_media":78604,"comment_status":"","ping_status":"","sticky":false,"template":"","format":"standard","meta":{"footnotes":""},"categories":[1586],"tags":[400,11,398,408,405,1777,674,1011,27,403,402,399,404,12,25,401,406,407],"class_list":{"0":"post-78603","1":"post","2":"type-post","3":"status-publish","4":"format-standard","5":"has-post-thumbnail","7":"category-europe","8":"tag-action-cac-40","9":"tag-actualites","10":"tag-bourse-de-paris","11":"tag-boursorama","12":"tag-cotations","13":"tag-eu","14":"tag-europe","15":"tag-fr","16":"tag-france","17":"tag-indices-devises","18":"tag-investir","19":"tag-investissement","20":"tag-marche-boursier","21":"tag-news","22":"tag-republique-francaise","23":"tag-sicav","24":"tag-trackers","25":"tag-warrants"},"share_on_mastodon":{"url":"https:\/\/pubeurope.com\/@fr\/114459484309715924","error":""},"_links":{"self":[{"href":"https:\/\/www.europesays.com\/fr\/wp-json\/wp\/v2\/posts\/78603","targetHints":{"allow":["GET"]}}],"collection":[{"href":"https:\/\/www.europesays.com\/fr\/wp-json\/wp\/v2\/posts"}],"about":[{"href":"https:\/\/www.europesays.com\/fr\/wp-json\/wp\/v2\/types\/post"}],"author":[{"embeddable":true,"href":"https:\/\/www.europesays.com\/fr\/wp-json\/wp\/v2\/users\/2"}],"replies":[{"embeddable":true,"href":"https:\/\/www.europesays.com\/fr\/wp-json\/wp\/v2\/comments?post=78603"}],"version-history":[{"count":0,"href":"https:\/\/www.europesays.com\/fr\/wp-json\/wp\/v2\/posts\/78603\/revisions"}],"wp:featuredmedia":[{"embeddable":true,"href":"https:\/\/www.europesays.com\/fr\/wp-json\/wp\/v2\/media\/78604"}],"wp:attachment":[{"href":"https:\/\/www.europesays.com\/fr\/wp-json\/wp\/v2\/media?parent=78603"}],"wp:term":[{"taxonomy":"category","embeddable":true,"href":"https:\/\/www.europesays.com\/fr\/wp-json\/wp\/v2\/categories?post=78603"},{"taxonomy":"post_tag","embeddable":true,"href":"https:\/\/www.europesays.com\/fr\/wp-json\/wp\/v2\/tags?post=78603"}],"curies":[{"name":"wp","href":"https:\/\/api.w.org\/{rel}","templated":true}]}}