{"id":78611,"date":"2025-05-06T06:34:18","date_gmt":"2025-05-06T06:34:18","guid":{"rendered":"https:\/\/www.europesays.com\/fr\/78611\/"},"modified":"2025-05-06T06:34:18","modified_gmt":"2025-05-06T06:34:18","slug":"lastsm-millau-en-lice-aux-championnats-de-france-cadets-et-juniors","status":"publish","type":"post","link":"https:\/\/www.europesays.com\/fr\/78611\/","title":{"rendered":"l\u2019ASTSM Millau en lice aux Championnats de France Cadets et Juniors"},"content":{"rendered":"<p>Le week-end des 26 et 27 avril 2025, le Colis\u00e9e de Chartres accueillait les <strong>Championnats de France de Taekwondo Combat<\/strong> pour les cat\u00e9gories <strong>Cadets<\/strong> et <strong>Juniors<\/strong>, sous l\u2019\u00e9gide de la <strong>F\u00e9d\u00e9ration Fran\u00e7aise de Taekwondo<\/strong>. Plus de <strong>700 combattants venus de toute la France et d\u2019outre-mer<\/strong> se sont affront\u00e9s sur les tatamis, avec un objectif : d\u00e9crocher le titre tant convoit\u00e9 de champion de France.<\/p>\n<p>Le club <strong>ASTSM Taekwondo Millau<\/strong> \u00e9tait bien repr\u00e9sent\u00e9 lors de cette grande manifestation nationale. Deux jeunes comp\u00e9titeurs, <strong>Alan Di Federico<\/strong> (junior) et <strong>Lucas Vidal<\/strong> (cadet), ont d\u00e9fendu les couleurs millavoises, accompagn\u00e9s de <strong>St\u00e9phane Vidal<\/strong> en tant que coach, <strong>Fatima-Zohra Ammi<\/strong> comme arbitre nationale, et <strong>Belinda Di Federico<\/strong> en tant que parent accompagnateur. Tous ont salu\u00e9 la qualit\u00e9 de l\u2019organisation et l\u2019accueil chaleureux r\u00e9serv\u00e9 aux participants.<\/p>\n<p>Un tirage difficile pour Alan Di Federico<\/p>\n<p>La journ\u00e9e de samedi \u00e9tait consacr\u00e9e aux Juniors, un niveau particuli\u00e8rement relev\u00e9, comparable \u00e0 celui des s\u00e9niors. Alan, exempt\u00e9 du premier tour, a malheureusement h\u00e9rit\u00e9 d\u2019un tirage tr\u00e8s d\u00e9favorable. Il a d\u00fb affronter le <strong>champion de France en titre<\/strong>, qui allait \u00e9galement remporter le titre cette ann\u00e9e encore. Malgr\u00e9 toute sa d\u00e9termination, Alan s\u2019incline face \u00e0 un adversaire d\u2019un niveau sup\u00e9rieur, mais il sort la t\u00eate haute de cette exp\u00e9rience exigeante. <strong>Bravo \u00e0 lui pour son engagement et son courage sur le tatami<\/strong>.<\/p>\n<p>Lucas Vidal apprend au contact des meilleurs<\/p>\n<p>Dimanche, place aux Cadets. Lucas Vidal entre rapidement en lice. S\u2019il conna\u00eet un d\u00e9but de combat difficile, il parvient \u00e0 se ressaisir gr\u00e2ce aux conseils de son p\u00e8re, St\u00e9phane, qui officiait comme coach. Le deuxi\u00e8me round est plus \u00e9quilibr\u00e9, mais le jeune Millavois commet quelques fautes dues \u00e0 son manque d\u2019exp\u00e9rience \u00e0 ce niveau de comp\u00e9tition. Sanctionn\u00e9 par des p\u00e9nalit\u00e9s, Lucas voit son espoir de m\u00e9daille s\u2019envoler. Une <strong>d\u00e9ception \u00e0 chaud<\/strong>, mais \u00e9galement une <strong>le\u00e7on pr\u00e9cieuse<\/strong> pour un comp\u00e9titeur combatif qui promet de revenir plus fort la saison prochaine.<\/p>\n<p>Un engagement collectif salu\u00e9<\/p>\n<p>Le club de l\u2019ASTSM peut \u00eatre fier de ses repr\u00e9sentants, qui ont donn\u00e9 le meilleur d\u2019eux-m\u00eames face \u00e0 une concurrence tr\u00e8s relev\u00e9e. L\u2019exp\u00e9rience engrang\u00e9e \u00e0 ce niveau national sera pr\u00e9cieuse pour la suite de leur parcours sportif.<\/p>\n<p><strong>Pour toute information ou pour rejoindre le club, rendez-vous au Dojang de l\u2019ASTSM, situ\u00e9 67 avenue Jean Jaur\u00e8s \u00e0 Millau. Contact : 06 81 19 53 54. Facebook : Millau ASTSM<\/strong><\/p>\n","protected":false},"excerpt":{"rendered":"Le week-end des 26 et 27 avril 2025, le Colis\u00e9e de Chartres accueillait les Championnats de France de&hellip;\n","protected":false},"author":2,"featured_media":78612,"comment_status":"","ping_status":"","sticky":false,"template":"","format":"standard","meta":{"footnotes":""},"categories":[4],"tags":[11,18483,1011,27,6209,12,25,18484],"class_list":{"0":"post-78611","1":"post","2":"type-post","3":"status-publish","4":"format-standard","5":"has-post-thumbnail","7":"category-france","8":"tag-actualites","9":"tag-aveyron","10":"tag-fr","11":"tag-france","12":"tag-millau","13":"tag-news","14":"tag-republique-francaise","15":"tag-taekwondo-astsm-millau"},"share_on_mastodon":{"url":"https:\/\/pubeurope.com\/@fr\/114459500324863379","error":""},"_links":{"self":[{"href":"https:\/\/www.europesays.com\/fr\/wp-json\/wp\/v2\/posts\/78611","targetHints":{"allow":["GET"]}}],"collection":[{"href":"https:\/\/www.europesays.com\/fr\/wp-json\/wp\/v2\/posts"}],"about":[{"href":"https:\/\/www.europesays.com\/fr\/wp-json\/wp\/v2\/types\/post"}],"author":[{"embeddable":true,"href":"https:\/\/www.europesays.com\/fr\/wp-json\/wp\/v2\/users\/2"}],"replies":[{"embeddable":true,"href":"https:\/\/www.europesays.com\/fr\/wp-json\/wp\/v2\/comments?post=78611"}],"version-history":[{"count":0,"href":"https:\/\/www.europesays.com\/fr\/wp-json\/wp\/v2\/posts\/78611\/revisions"}],"wp:featuredmedia":[{"embeddable":true,"href":"https:\/\/www.europesays.com\/fr\/wp-json\/wp\/v2\/media\/78612"}],"wp:attachment":[{"href":"https:\/\/www.europesays.com\/fr\/wp-json\/wp\/v2\/media?parent=78611"}],"wp:term":[{"taxonomy":"category","embeddable":true,"href":"https:\/\/www.europesays.com\/fr\/wp-json\/wp\/v2\/categories?post=78611"},{"taxonomy":"post_tag","embeddable":true,"href":"https:\/\/www.europesays.com\/fr\/wp-json\/wp\/v2\/tags?post=78611"}],"curies":[{"name":"wp","href":"https:\/\/api.w.org\/{rel}","templated":true}]}}