{"id":78647,"date":"2025-05-06T06:55:09","date_gmt":"2025-05-06T06:55:09","guid":{"rendered":"https:\/\/www.europesays.com\/fr\/78647\/"},"modified":"2025-05-06T06:55:09","modified_gmt":"2025-05-06T06:55:09","slug":"le-chancelier-allemand-friedrich-merz-espoir-tres-fragile-des-europeens-liberation","status":"publish","type":"post","link":"https:\/\/www.europesays.com\/fr\/78647\/","title":{"rendered":"Le chancelier allemand Friedrich Merz, espoir tr\u00e8s fragile des Europ\u00e9ens \u2013 Lib\u00e9ration"},"content":{"rendered":"<p class=\"sc-ksZaOG ehjQrN text-element\">Il sera un grand chancelier par la taille (1,98 m). Mais saura-t-il \u00eatre un grand chancelier pour l\u2019Allemagne ? Les Allemands en doutent, si l\u2019on en croit les sondages. Investi ce mardi 6 mai par l\u2019Assembl\u00e9e f\u00e9d\u00e9rale (Bundestag), plus de dix semaines apr\u00e8s les \u00e9lections anticip\u00e9es du 23 f\u00e9vrier, Friedrich Merz d\u00e9marre son mandat dans une ambiance de d\u00e9fiance g\u00e9n\u00e9rale sans pr\u00e9c\u00e9dent. M\u00eame son pr\u00e9d\u00e9cesseur, <a href=\"https:\/\/www.liberation.fr\/international\/europe\/elections-legislatives-allemandes-olaf-scholz-loin-detre-le-chouchou-de-bruxelles-20250220_3AMS2NNSU5BY3I2T2LUSPWPT4E\/\" target=\"_blank\" rel=\"noreferrer nofollow noopener\" title=\"https:\/\/www.liberation.fr\/international\/europe\/elections-legislatives-allemandes-olaf-scholz-loin-detre-le-chouchou-de-bruxelles-20250220_3AMS2NNSU5BY3I2T2LUSPWPT4E\/\">le tr\u00e8s impopulaire Olaf Scholz<\/a>, avait pu profiter d\u2019une p\u00e9riode de gr\u00e2ce.<\/p>\n<p class=\"sc-ksZaOG ehjQrN text-element\">Deux tiers des sond\u00e9s estiment qu\u2019il ne sera \u00abpas \u00e0 la hauteur\u00bb, que Merz a \u00abtromp\u00e9 les \u00e9lecteurs\u00bb sur la politique migratoire et sur <a href=\"https:\/\/www.liberation.fr\/international\/europe\/en-allemagne-friedrich-merz-obtient-le-feu-vert-pour-son-maxi-plan-dinvestissement-et-devient-le-chancelier-le-plus-cher-de-lhistoire-20250314_ZPXHKJYPL5CGBOUKKG5JJII3LA\/\" target=\"_blank\" rel=\"noreferrer nofollow noopener\" title=\"https:\/\/www.liberation.fr\/international\/europe\/en-allemagne-friedrich-merz-obtient-le-feu-vert-pour-son-maxi-plan-dinvestissement-et-devient-le-chancelier-le-plus-cher-de-lhistoire-20250314_ZPXHKJYPL5CGBOUKKG5JJII&lt;\/p&gt;&lt;\/div&gt;&lt;\/article&gt;&lt;\/div&gt;&lt;div data-fusion-lazy-id=\" f0f8vgvlad832fw=\"\"><\/p>\n","protected":false},"excerpt":{"rendered":"Il sera un grand chancelier par la taille (1,98 m). Mais saura-t-il \u00eatre un grand chancelier pour l\u2019Allemagne&hellip;\n","protected":false},"author":2,"featured_media":78648,"comment_status":"","ping_status":"","sticky":false,"template":"","format":"standard","meta":{"footnotes":""},"categories":[5],"tags":[11,672,1076,1011,27,4710,14,12,364,28],"class_list":{"0":"post-78647","1":"post","2":"type-post","3":"status-publish","4":"format-standard","5":"has-post-thumbnail","7":"category-international","8":"tag-actualites","9":"tag-allemagne","10":"tag-extreme-droite","11":"tag-fr","12":"tag-france","13":"tag-friedrich-merz","14":"tag-international","15":"tag-news","16":"tag-union-europeenne","17":"tag-world"},"share_on_mastodon":{"url":"https:\/\/pubeurope.com\/@fr\/114459582293915795","error":""},"_links":{"self":[{"href":"https:\/\/www.europesays.com\/fr\/wp-json\/wp\/v2\/posts\/78647","targetHints":{"allow":["GET"]}}],"collection":[{"href":"https:\/\/www.europesays.com\/fr\/wp-json\/wp\/v2\/posts"}],"about":[{"href":"https:\/\/www.europesays.com\/fr\/wp-json\/wp\/v2\/types\/post"}],"author":[{"embeddable":true,"href":"https:\/\/www.europesays.com\/fr\/wp-json\/wp\/v2\/users\/2"}],"replies":[{"embeddable":true,"href":"https:\/\/www.europesays.com\/fr\/wp-json\/wp\/v2\/comments?post=78647"}],"version-history":[{"count":0,"href":"https:\/\/www.europesays.com\/fr\/wp-json\/wp\/v2\/posts\/78647\/revisions"}],"wp:featuredmedia":[{"embeddable":true,"href":"https:\/\/www.europesays.com\/fr\/wp-json\/wp\/v2\/media\/78648"}],"wp:attachment":[{"href":"https:\/\/www.europesays.com\/fr\/wp-json\/wp\/v2\/media?parent=78647"}],"wp:term":[{"taxonomy":"category","embeddable":true,"href":"https:\/\/www.europesays.com\/fr\/wp-json\/wp\/v2\/categories?post=78647"},{"taxonomy":"post_tag","embeddable":true,"href":"https:\/\/www.europesays.com\/fr\/wp-json\/wp\/v2\/tags?post=78647"}],"curies":[{"name":"wp","href":"https:\/\/api.w.org\/{rel}","templated":true}]}}