{"id":78676,"date":"2025-05-06T07:13:09","date_gmt":"2025-05-06T07:13:09","guid":{"rendered":"https:\/\/www.europesays.com\/fr\/78676\/"},"modified":"2025-05-06T07:13:09","modified_gmt":"2025-05-06T07:13:09","slug":"un-raid-cycliste-de-cavalaire-a-strasbourg-en-soutien-des-blesses-de-guerre","status":"publish","type":"post","link":"https:\/\/www.europesays.com\/fr\/78676\/","title":{"rendered":"Un raid cycliste de Cavalaire \u00e0 Strasbourg en soutien des bless\u00e9s de guerre"},"content":{"rendered":"<p>Baptis\u00e9e op\u00e9ration Dragoon, neuf cyclistes militaires de l\u2019association \u00ab\u00a0les Chemins de la Libert\u00e9\u00a0\u00bb sont partis en fin de semaine derni\u00e8re de Cavalaire \u00e0 destination de Strasbourg.<\/p>\n<p>Ils r\u00e9alisent leur raid annuel d\u2019ultracyclisme dans le but de soutenir les bless\u00e9s de guerre, physiques et psychiques, et pour encourager leur reconstruction par la pratique sportive.<\/p>\n<p>Le public, ainsi que plusieurs autorit\u00e9s et associations, \u00e9tait pr\u00e9sent d\u00e8s 8h sur de l\u2019Esplanade de Lattre de Tassigny pour les encourager.<\/p>\n<p>Ces militaires suivront les traces des unit\u00e9s fran\u00e7aises qui se sont d\u00e9plac\u00e9es de la Riviera au Rhin, en parcourant 1.200 km en sept \u00e9tapes (1), avec un d\u00e9nivel\u00e9 positif de 9.000m\u00e8tres.<\/p>\n<p>Les unit\u00e9s du D\u00e9barquement de Provence ont contribu\u00e9 \u00e0 lib\u00e9rer le territoire national et \u00e0 la victoire sur l\u2019ennemi. Ce raid s\u2019inscrit \u00e9galement dans le cadre du centenaire du \u00ab\u00a0Bleuet de France\u00a0\u00bb et de l\u2019op\u00e9ration \u00ab\u00a0Avec nos Bless\u00e9s\u00a0\u00bb.<\/p>\n<p>Volont\u00e9 d\u2019avancer<\/p>\n<p>Le capitaine Micha\u00ebl, pr\u00e9sident de l\u2019association, officier de l\u2019arm\u00e9e de l\u2019Air, explique: \u00ab\u00a0L\u2019association est engag\u00e9e aux c\u00f4t\u00e9s des bless\u00e9s de guerre \u00e0 travers des d\u00e9fis ultra-sportifs. En septembre 2024, on s\u2019est rendu compte que la version ultra nous donnait plus de force, principalement dans mon cas. Au-del\u00e0 des blessures, du stress post-traumatique, toute personne ayant v\u00e9cu un traumatisme peut nous rejoindre\u00a0\u00bb, confie Micha\u00ebl.<\/p>\n<p>\u00ab\u00a0La seule condition est d\u2019avoir un bon niveau physique. Bien s\u00fbr, on s\u2019adapte \u00e0 la contrainte de chacun. On est l\u00e0 avant tout pour l\u2019aventure humaine. On fait cela pour notre histoire, pour notre pays, par affinit\u00e9, par passion. Mais il faut avoir la volont\u00e9 d\u2019avancer. Comme on dit chez nous: on n\u2019a rien donn\u00e9 tant qu\u2019on n\u2019a pas tout donn\u00e9\u00a0\u00bb, compl\u00e8te le capitaine Maxime, cycliste, militaire et tr\u00e9sorier.<\/p>\n<p>Philippe Leonelli, maire de Cavalaire, affirme: \u00a0\u00bb C\u2019est une tr\u00e8s belle action. Ce d\u00e9fi est un v\u00e9ritable symbole et un message unique que nous partageons. Un acte de solidarit\u00e9 envers les bless\u00e9s et la m\u00e9moire de ces braves hommes\u00a0\u00bb.<\/p>\n<p>Raviver la m\u00e9moire<\/p>\n<p>Le Colonel Bertrand, d\u00e9l\u00e9gu\u00e9 militaire d\u00e9partemental, ajoute \u00ab\u00a0La blessure est quelque chose dont on ne parlait pas et aujourd\u2019hui les arm\u00e9es accompagnent ses bless\u00e9s. Car, quand on a de coup dur, il ne faut pas arr\u00eater\u00a0\u00bb.<\/p>\n<p>\u00ab\u00a0Ces cyclistes vont au-del\u00e0 de l\u2019aventure humaine. Ils ravivent la m\u00e9moire de nos militaires, trop souvent oubli\u00e9s. C\u2019est une \u00e9preuve unique\u00a0\u00bb, souligne Claude Boymond, pr\u00e9sident du comit\u00e9 du golfe de Saint-Tropez de la soci\u00e9t\u00e9 des membres de la L\u00e9gion d\u2019honneur, accompagn\u00e9 de ses cadets de la d\u00e9fense du golfe.<\/p>\n<p>Par solidarit\u00e9, vingt cyclistes de Cavalaire et des alentours ont accompagn\u00e9 le groupe jusqu\u2019\u00e0 La Londe, les guidant sur cette premi\u00e8re portion du parcours.<\/p>\n<p>\u00ab\u00a0Ce sont des guerriers. Ils sont l\u00e0 pour honorer notre m\u00e9moire. Nous sommes ravis d\u2019\u00eatre l\u00e0 pour faire un petit bout de chemin avec eux et les encourager\u00a0\u00bb, t\u00e9moigne Michel Mignon, pr\u00e9sident du v\u00e9lo club de Cavalaire.<\/p>\n<p>1. Les \u00e9tapes: Cavalaire-sur-Mer\/ Saint-Cannat\/ Vaison-la-Romaine\/ Condrieu\/ Chalon-sur-Sa\u00f4ne\/ Besan\u00e7on\/ \u00c9pinal\/ Strasbourg.<\/p>\n","protected":false},"excerpt":{"rendered":"Baptis\u00e9e op\u00e9ration Dragoon, neuf cyclistes militaires de l\u2019association \u00ab\u00a0les Chemins de la Libert\u00e9\u00a0\u00bb sont partis en fin de&hellip;\n","protected":false},"author":2,"featured_media":78677,"comment_status":"","ping_status":"","sticky":false,"template":"","format":"standard","meta":{"footnotes":""},"categories":[2820],"tags":[1111,11,554,1777,674,1011,27,775,10264,12,25,60,640],"class_list":{"0":"post-78676","1":"post","2":"type-post","3":"status-publish","4":"format-standard","5":"has-post-thumbnail","7":"category-strasbourg","8":"tag-actu","9":"tag-actualites","10":"tag-defense","11":"tag-eu","12":"tag-europe","13":"tag-fr","14":"tag-france","15":"tag-grand-est","16":"tag-humanitaire","17":"tag-news","18":"tag-republique-francaise","19":"tag-sports","20":"tag-strasbourg"},"share_on_mastodon":{"url":"https:\/\/pubeurope.com\/@fr\/114459653219961767","error":""},"_links":{"self":[{"href":"https:\/\/www.europesays.com\/fr\/wp-json\/wp\/v2\/posts\/78676","targetHints":{"allow":["GET"]}}],"collection":[{"href":"https:\/\/www.europesays.com\/fr\/wp-json\/wp\/v2\/posts"}],"about":[{"href":"https:\/\/www.europesays.com\/fr\/wp-json\/wp\/v2\/types\/post"}],"author":[{"embeddable":true,"href":"https:\/\/www.europesays.com\/fr\/wp-json\/wp\/v2\/users\/2"}],"replies":[{"embeddable":true,"href":"https:\/\/www.europesays.com\/fr\/wp-json\/wp\/v2\/comments?post=78676"}],"version-history":[{"count":0,"href":"https:\/\/www.europesays.com\/fr\/wp-json\/wp\/v2\/posts\/78676\/revisions"}],"wp:featuredmedia":[{"embeddable":true,"href":"https:\/\/www.europesays.com\/fr\/wp-json\/wp\/v2\/media\/78677"}],"wp:attachment":[{"href":"https:\/\/www.europesays.com\/fr\/wp-json\/wp\/v2\/media?parent=78676"}],"wp:term":[{"taxonomy":"category","embeddable":true,"href":"https:\/\/www.europesays.com\/fr\/wp-json\/wp\/v2\/categories?post=78676"},{"taxonomy":"post_tag","embeddable":true,"href":"https:\/\/www.europesays.com\/fr\/wp-json\/wp\/v2\/tags?post=78676"}],"curies":[{"name":"wp","href":"https:\/\/api.w.org\/{rel}","templated":true}]}}