{"id":78678,"date":"2025-05-06T07:14:03","date_gmt":"2025-05-06T07:14:03","guid":{"rendered":"https:\/\/www.europesays.com\/fr\/78678\/"},"modified":"2025-05-06T07:14:03","modified_gmt":"2025-05-06T07:14:03","slug":"un-incendie-se-declare-dans-une-chambre","status":"publish","type":"post","link":"https:\/\/www.europesays.com\/fr\/78678\/","title":{"rendered":"un incendie se d\u00e9clare dans une chambre"},"content":{"rendered":"<p>            Par<br \/>\n        <strong><br \/>\n            <a href=\"https:\/\/actu.fr\/auteur\/ugo-maillard\" title=\"Consulter tous les articles de Ugo Maillard\" rel=\"nofollow noopener\" target=\"_blank\">Ugo Maillard<\/a><br \/>\n        <\/strong><\/p>\n<p>        Publi\u00e9 le<\/p>\n<p>            6 mai 2025 \u00e0 8h48        <\/p>\n<p>En ce d\u00e9but de soir\u00e9e du lundi 5\u00a0mai 2025, un feu s\u2019est d\u00e9clar\u00e9 dans <strong>une chambre d\u2019un h\u00f4tel<\/strong> situ\u00e9 sur l\u2019avenue Saramartel d\u2019Antibes, a appris<a href=\"https:\/\/actu.fr\/nice\/\" rel=\"nofollow noopener\" target=\"_blank\"> actu Nice<\/a> aupr\u00e8s des secours.<\/p>\n<p>    <a href=\"https:\/\/www.google.com\/maps\/embed?pb=!1m18!1m12!1m3!1d2891.0481227572286!2d7.117550540057004!3d43.56388034785929!2m3!1f0!2f0!3f0!3m2!1i1024!2i768!4f13.1!3m3!1m2!1s0x12ce7f8b96fc768b%3A0xfd51830ba87fc7ec!2sAv.%20Saramartel%2C%2006160%20Antibes!5e0!3m2!1sfr!2sfr!4v1746510860482!5m2!1sfr!2sfr\" title=\"Ouvrie le lien\" rel=\"nofollow noopener\" target=\"_blank\">Cliquez ici pour visualiser le contenu<\/a><\/p>\n<p class=\" wall-content\">Les sapeurs-pompiers des <a href=\"https:\/\/actu.fr\/provence-alpes-cote-d-azur\/alpes-maritimes_06\" rel=\"nofollow noopener\" target=\"_blank\">Alpes-Maritimes<\/a> ont \u00e9t\u00e9 d\u00e9ploy\u00e9s en nombre pour ma\u00eetriser l\u2019incendie est \u00e9vacu\u00e9 les r\u00e9sidents de l\u2019\u00e9tablissement, soit 48\u00a0personnes.<\/p>\n<p class=\" wall-content\">Selon le bilan d\u00e9finitif des soldats du feu, <strong>personne n\u2019a \u00e9t\u00e9 bless\u00e9<\/strong>.<\/p>\n<p>La propagation des flammes limit\u00e9e<\/p>\n<p class=\" wall-content\">L\u2019incendie s\u2019est d\u00e9clar\u00e9 dans une chambre du 3e \u00e9tage de l\u2019h\u00f4tel. Gr\u00e2ce \u00e0 l\u2019intervention rapide des pompiers, le feu ne s\u2019est pas propag\u00e9 au-del\u00e0 de la <strong>chambre de 35 m\u00b2<\/strong>.<\/p>\n<p>Vid\u00e9os : en ce moment sur Actu<\/p>\n<p class=\" wall-content\">Selon les sapeurs-pompiers, trois personnes occupant la chambre ont \u00e9t\u00e9 incommod\u00e9es par les fum\u00e9es, mais leur \u00e9tat de sant\u00e9 n\u2019a pas n\u00e9cessit\u00e9 de transport \u00e0 l\u2019h\u00f4pital.<\/p>\n<p class=\" wall-content\">Au total, une vingtaine de pompiers et des agents de police municipale ont \u00e9t\u00e9 mobilis\u00e9s sur l\u2019incendie.<\/p>\n<p class=\" wall-content\">Suivez toute l\u2019actualit\u00e9 de vos villes et m\u00e9dias favoris en vous inscrivant \u00e0 <a href=\"https:\/\/moncompte.actu.fr\" title=\"D\u00e9couvez Mon Actu\" rel=\"nofollow noopener\" data-trk=\"{&quot;cta&quot;:{&quot;action&quot;:&quot;https:\\\/\\\/moncompte.actu.fr&quot;,&quot;category&quot;:&quot;mon compte&quot;,&quot;from&quot;:&quot;article footer&quot;,&quot;name&quot;:&quot;Mon actu&quot;,&quot;type&quot;:&quot;cta&quot;}}\" target=\"_blank\">Mon Actu<\/a>.<\/p>\n","protected":false},"excerpt":{"rendered":"Par Ugo Maillard Publi\u00e9 le 6 mai 2025 \u00e0 8h48 En ce d\u00e9but de soir\u00e9e du lundi 5\u00a0mai&hellip;\n","protected":false},"author":2,"featured_media":78679,"comment_status":"","ping_status":"","sticky":false,"template":"","format":"standard","meta":{"footnotes":""},"categories":[2819],"tags":[1111,11,1777,674,118,1011,27,1310,12,2401,1311,882,25],"class_list":{"0":"post-78678","1":"post","2":"type-post","3":"status-publish","4":"format-standard","5":"has-post-thumbnail","7":"category-nice","8":"tag-actu","9":"tag-actualites","10":"tag-eu","11":"tag-europe","12":"tag-faits-divers","13":"tag-fr","14":"tag-france","15":"tag-incendie","16":"tag-news","17":"tag-nice","18":"tag-pompiers","19":"tag-provence-alpes-cote-dazur","20":"tag-republique-francaise"},"share_on_mastodon":{"url":"https:\/\/pubeurope.com\/@fr\/114459657153331324","error":""},"_links":{"self":[{"href":"https:\/\/www.europesays.com\/fr\/wp-json\/wp\/v2\/posts\/78678","targetHints":{"allow":["GET"]}}],"collection":[{"href":"https:\/\/www.europesays.com\/fr\/wp-json\/wp\/v2\/posts"}],"about":[{"href":"https:\/\/www.europesays.com\/fr\/wp-json\/wp\/v2\/types\/post"}],"author":[{"embeddable":true,"href":"https:\/\/www.europesays.com\/fr\/wp-json\/wp\/v2\/users\/2"}],"replies":[{"embeddable":true,"href":"https:\/\/www.europesays.com\/fr\/wp-json\/wp\/v2\/comments?post=78678"}],"version-history":[{"count":0,"href":"https:\/\/www.europesays.com\/fr\/wp-json\/wp\/v2\/posts\/78678\/revisions"}],"wp:featuredmedia":[{"embeddable":true,"href":"https:\/\/www.europesays.com\/fr\/wp-json\/wp\/v2\/media\/78679"}],"wp:attachment":[{"href":"https:\/\/www.europesays.com\/fr\/wp-json\/wp\/v2\/media?parent=78678"}],"wp:term":[{"taxonomy":"category","embeddable":true,"href":"https:\/\/www.europesays.com\/fr\/wp-json\/wp\/v2\/categories?post=78678"},{"taxonomy":"post_tag","embeddable":true,"href":"https:\/\/www.europesays.com\/fr\/wp-json\/wp\/v2\/tags?post=78678"}],"curies":[{"name":"wp","href":"https:\/\/api.w.org\/{rel}","templated":true}]}}