{"id":78688,"date":"2025-05-06T07:19:08","date_gmt":"2025-05-06T07:19:08","guid":{"rendered":"https:\/\/www.europesays.com\/fr\/78688\/"},"modified":"2025-05-06T07:19:08","modified_gmt":"2025-05-06T07:19:08","slug":"ikea-organise-un-grand-vide-greniers-solidaire-sur-le-parking-du-magasin","status":"publish","type":"post","link":"https:\/\/www.europesays.com\/fr\/78688\/","title":{"rendered":"Ikea organise un grand vide-greniers solidaire sur le parking du magasin"},"content":{"rendered":"<p>            Par<br \/>\n        <strong><br \/>\n            <a href=\"https:\/\/actu.fr\/auteur\/aurelien-cardot\" title=\"Consulter tous les articles de Aurelien Cardot\" rel=\"nofollow noopener\" target=\"_blank\">Aurelien Cardot<\/a><br \/>\n        <\/strong><\/p>\n<p>        Publi\u00e9 le<\/p>\n<p>            6 mai 2025 \u00e0 9h16        <\/p>\n<p>Le vendredi 7 juin 2025 \u00e0 Bordeaux-Lac, Ikea accueillera sur son parking un <strong>vide-greniers solidaire<\/strong> ouvert \u00e0 tous.<\/p>\n<p class=\" wall-content\">L\u2019enseigne su\u00e9doise renouvelle l\u2019op\u00e9ration dans 20 magasins en France, avec un objectif : donner une seconde vie aux objets tout en soutenant des associations locales.<\/p>\n<p class=\" wall-content\">Mobilier, vaisselle, d\u00e9coration, textile, livres ou encore jouets : tout le monde peut venir vendre ou chiner, qu\u2019il s\u2019agisse d\u2019objets Ikea ou non. Une journ\u00e9e qui se veut <strong>convivial<\/strong>, <strong>accessible<\/strong> et <strong>engag\u00e9e<\/strong>.<\/p>\n<p>Les inscriptions sont ouvertes<\/p>\n<p class=\" wall-content\">L\u2019\u00e9v\u00e9nement s\u2019inscrit dans une d\u00e9marche plus large. Depuis plusieurs ann\u00e9es, Ikea multiplie les initiatives pour <strong>promouvoir la seconde main<\/strong>.<\/p>\n<p class=\" wall-content\">\u00c0 Bordeaux comme ailleurs, un espace d\u00e9di\u00e9 permet aux clients d\u2019acheter \u00e0 prix r\u00e9duit des produits d\u2019occasion, des mod\u00e8les d\u2019exposition ou encore des articles l\u00e9g\u00e8rement endommag\u00e9s.<\/p>\n<p>Vid\u00e9os : en ce moment sur Actu<\/p>\n<p class=\" wall-content\">Les <strong>inscriptions<\/strong> pour le vide-greniers sont <strong>ouvertes depuis le 28 avril<\/strong> sur le site Ikea.fr pour les exposants qui souhaitent r\u00e9server un emplacement.<\/p>\n<p class=\" wall-content\">Les frais d\u2019inscription seront <strong>int\u00e9gralement revers\u00e9s<\/strong> \u00e0 Petit bagage d\u2019amour, une association qui vient en aide aux futures mamans en situation de grande pr\u00e9carit\u00e9.<\/p>\n<p class=\" wall-content\">Suivez toute l\u2019actualit\u00e9 de vos villes et m\u00e9dias favoris en vous inscrivant \u00e0 <a href=\"https:\/\/moncompte.actu.fr\" title=\"D\u00e9couvez Mon Actu\" rel=\"nofollow noopener\" data-trk=\"{&quot;cta&quot;:{&quot;action&quot;:&quot;https:\\\/\\\/moncompte.actu.fr&quot;,&quot;category&quot;:&quot;mon compte&quot;,&quot;from&quot;:&quot;article footer&quot;,&quot;name&quot;:&quot;Mon actu&quot;,&quot;type&quot;:&quot;cta&quot;}}\" target=\"_blank\">Mon Actu<\/a>.<\/p>\n","protected":false},"excerpt":{"rendered":"Par Aurelien Cardot Publi\u00e9 le 6 mai 2025 \u00e0 9h16 Le vendredi 7 juin 2025 \u00e0 Bordeaux-Lac, Ikea&hellip;\n","protected":false},"author":2,"featured_media":78689,"comment_status":"","ping_status":"","sticky":false,"template":"","format":"standard","meta":{"footnotes":""},"categories":[2817],"tags":[1111,11,1997,6961,1777,674,1011,27,714,12,2219,25,104,3365],"class_list":{"0":"post-78688","1":"post","2":"type-post","3":"status-publish","4":"format-standard","5":"has-post-thumbnail","7":"category-bordeaux","8":"tag-actu","9":"tag-actualites","10":"tag-bordeaux","11":"tag-brocante","12":"tag-eu","13":"tag-europe","14":"tag-fr","15":"tag-france","16":"tag-ikea","17":"tag-news","18":"tag-nouvelle-aquitaine","19":"tag-republique-francaise","20":"tag-societe","21":"tag-vide-greniers"},"share_on_mastodon":{"url":"https:\/\/pubeurope.com\/@fr\/114459676923804407","error":""},"_links":{"self":[{"href":"https:\/\/www.europesays.com\/fr\/wp-json\/wp\/v2\/posts\/78688","targetHints":{"allow":["GET"]}}],"collection":[{"href":"https:\/\/www.europesays.com\/fr\/wp-json\/wp\/v2\/posts"}],"about":[{"href":"https:\/\/www.europesays.com\/fr\/wp-json\/wp\/v2\/types\/post"}],"author":[{"embeddable":true,"href":"https:\/\/www.europesays.com\/fr\/wp-json\/wp\/v2\/users\/2"}],"replies":[{"embeddable":true,"href":"https:\/\/www.europesays.com\/fr\/wp-json\/wp\/v2\/comments?post=78688"}],"version-history":[{"count":0,"href":"https:\/\/www.europesays.com\/fr\/wp-json\/wp\/v2\/posts\/78688\/revisions"}],"wp:featuredmedia":[{"embeddable":true,"href":"https:\/\/www.europesays.com\/fr\/wp-json\/wp\/v2\/media\/78689"}],"wp:attachment":[{"href":"https:\/\/www.europesays.com\/fr\/wp-json\/wp\/v2\/media?parent=78688"}],"wp:term":[{"taxonomy":"category","embeddable":true,"href":"https:\/\/www.europesays.com\/fr\/wp-json\/wp\/v2\/categories?post=78688"},{"taxonomy":"post_tag","embeddable":true,"href":"https:\/\/www.europesays.com\/fr\/wp-json\/wp\/v2\/tags?post=78688"}],"curies":[{"name":"wp","href":"https:\/\/api.w.org\/{rel}","templated":true}]}}