{"id":786894,"date":"2026-03-09T16:51:13","date_gmt":"2026-03-09T16:51:13","guid":{"rendered":"https:\/\/www.europesays.com\/fr\/786894\/"},"modified":"2026-03-09T16:51:13","modified_gmt":"2026-03-09T16:51:13","slug":"sm-caen-avant-leur-grand-defi-contre-paris-les-filles-de-malherbe-se-testent-face-a-plus-fort","status":"publish","type":"post","link":"https:\/\/www.europesays.com\/fr\/786894\/","title":{"rendered":"SM Caen. Avant leur grand d\u00e9fi contre Paris, les filles de Malherbe se testent face \u00e0 plus fort"},"content":{"rendered":"<p>                    Par<br \/>\n        <strong><br \/>\n            <a href=\"https:\/\/actu.fr\/auteur\/nicolas-claich\" title=\"Consulter tous les articles de Nicolas Claich\" rel=\"nofollow noopener\" target=\"_blank\">Nicolas Claich<\/a><br \/>\n                    <\/strong><\/p>\n<p>        Publi\u00e9 le<\/p>\n<p>            9 mars 2026 \u00e0 17h11        <\/p>\n<p>Dimanche 15 mars 2026, c\u2019est un d\u00e9fi immense qui attend l\u2019\u00e9quipe f\u00e9minine du <b>Stade Malherbe Caen (Calvados)<\/b>. En 1\/4 de finale de la Coupe de France, les prot\u00e9g\u00e9es de Tristan Blanchard accueilleront <b>le Paris FC<\/b>, 2e ex aequo en Premi\u00e8re Ligue et habitu\u00e9 de la Ligue des Championnes. \u00ab\u00a0C\u2019est un peu comme si le meilleur coureur de 100 m\u00e8tres r\u00e9gional courait contre Usain Bolt\u00a0\u00bb, illustre le coach malherbiste.<\/p>\n<p>\u00ab\u00a0Il faudra courir plus vite, plus longtemps\u00a0\u00bb<\/p>\n<p class=\" wall-content\">Pour pr\u00e9parer au mieux ce choc, qui aura <a href=\"https:\/\/actu.fr\/normandie\/caen_14118\/sm-caen-la-billetterie-pour-le-choc-contre-le-paris-fc-en-quart-de-finale-de-la-coupe-de-france-est-ouverte_63890936.html\" rel=\"nofollow noopener\" target=\"_blank\">les honneurs du stade Michel-d\u2019Ornano<\/a>, Morgane Hauvet et ses partenaires, exemptes lors de la 18e journ\u00e9e de championnat, se sont frott\u00e9es \u00e0 <b>une \u00e9quipe hi\u00e9rarchiquement sup\u00e9rieure<\/b>, dimanche 8 mars. Elles ont affront\u00e9 Le Mans, actuellement 6e de Seconde Ligue, la deuxi\u00e8me division du foot f\u00e9minin fran\u00e7ais. Au-del\u00e0 du r\u00e9sultat, une d\u00e9faite 0-2, les Malherbistes se sont rassur\u00e9es sur leur capacit\u00e9 \u00e0 se hisser \u00e0 la hauteur de l\u2019\u00e9v\u00e9nement.<\/p>\n<blockquote class=\"ac-article-quote wall-content\">\n<p>Je n\u2019avais pas de doute, mais elles ont r\u00e9pondu aux attentes au niveau de la rigueur, des efforts. Elles ont bien appliqu\u00e9 les consignes et ont su hisser leur niveau athl\u00e9tique.<\/p>\n<p>Tristan Blanchard, entra\u00eeneur du SM Caen f\u00e9minin<\/p><\/blockquote>\n<p class=\" wall-content\">Face au Paris FC et sa cohorte d\u2019internationales, les co\u00e9quipi\u00e8res de Z\u00e9lie Mainier n\u2019auront probablement pas souvent le ballon. \u00ab\u00a0Il faudra courir plus vite, plus longtemps, r\u00e9sister aux charges, pr\u00e9vient Tristan Blanchard. En face, ce sont <b>des athl\u00e8tes de haut niveau<\/b>\u00ab\u00a0.<\/p>\n<p>\u00ab\u00a0Match \u00e0 part, semaine classique\u00a0\u00bb<\/p>\n<p class=\" wall-content\">En cela, la r\u00e9p\u00e9tition g\u00e9n\u00e9rale face aux Mancelles a permis au coach caennais de <b>r\u00e9\u00e9quilibrer les temps de jeu<\/b> et les charges de travail au sein de son effectif. \u00ab\u00a0Le Mans a eu la possession mais on n\u2019a pas \u00e9t\u00e9 mis en grande difficult\u00e9, a-t-il observ\u00e9. On prend deux buts \u00e9vitables mais, dans l\u2019ensemble, c\u2019est plut\u00f4t positif\u00a0\u00bb.<\/p>\n<p class=\" wall-content\">Place d\u00e9sormais \u00e0 la pr\u00e9paration du <b>plus grand rendez-vous de l\u2019histoire<\/b> de la section f\u00e9minine du SMC. \u00ab\u00a0C\u2019est un match \u00e0 part mais on va faire une semaine classique, assure Tristan Blanchard. Hormis deux s\u00e9ances vid\u00e9os, on va travailler comme d\u2019habitude\u00a0\u00bb.\u00a0<\/p>\n<p class=\" wall-content\">Personnalisez votre actualit\u00e9 en ajoutant vos villes et m\u00e9dias en favori avec <a href=\"https:\/\/moncompte.actu.fr\" title=\"D\u00e9couvez Mon Actu\" rel=\"nofollow noopener\" data-trk=\"{&quot;cta&quot;:{&quot;action&quot;:&quot;https:\\\/\\\/moncompte.actu.fr&quot;,&quot;category&quot;:&quot;mon compte&quot;,&quot;from&quot;:&quot;article footer&quot;,&quot;name&quot;:&quot;Mon actu&quot;,&quot;type&quot;:&quot;cta&quot;}}\" target=\"_blank\">Mon Actu<\/a>.<\/p>\n","protected":false},"excerpt":{"rendered":"Par Nicolas Claich Publi\u00e9 le 9 mars 2026 \u00e0 17h11 Dimanche 15 mars 2026, c\u2019est un d\u00e9fi immense&hellip;\n","protected":false},"author":2,"featured_media":786895,"comment_status":"","ping_status":"","sticky":false,"template":"","format":"standard","meta":{"footnotes":"","_share_on_mastodon":"0"},"categories":[1888],"tags":[1111,1928,11,1927,83,15922,1777,674,63,1011,27,12,1926,626,1925,25,60,266],"class_list":["post-786894","post","type-post","status-publish","format-standard","has-post-thumbnail","category-paris","tag-actu","tag-actu-paris","tag-actualites","tag-actualites-paris","tag-coupe-de-france","tag-coupe-de-france-de-football","tag-eu","tag-europe","tag-football","tag-fr","tag-france","tag-news","tag-news-paris","tag-paris","tag-paris-news","tag-republique-francaise","tag-sports","tag-stade-malherbe-de-caen"],"share_on_mastodon":{"url":"https:\/\/pubeurope.com\/@fr\/116200255542383495","error":""},"_links":{"self":[{"href":"https:\/\/www.europesays.com\/fr\/wp-json\/wp\/v2\/posts\/786894","targetHints":{"allow":["GET"]}}],"collection":[{"href":"https:\/\/www.europesays.com\/fr\/wp-json\/wp\/v2\/posts"}],"about":[{"href":"https:\/\/www.europesays.com\/fr\/wp-json\/wp\/v2\/types\/post"}],"author":[{"embeddable":true,"href":"https:\/\/www.europesays.com\/fr\/wp-json\/wp\/v2\/users\/2"}],"replies":[{"embeddable":true,"href":"https:\/\/www.europesays.com\/fr\/wp-json\/wp\/v2\/comments?post=786894"}],"version-history":[{"count":0,"href":"https:\/\/www.europesays.com\/fr\/wp-json\/wp\/v2\/posts\/786894\/revisions"}],"wp:featuredmedia":[{"embeddable":true,"href":"https:\/\/www.europesays.com\/fr\/wp-json\/wp\/v2\/media\/786895"}],"wp:attachment":[{"href":"https:\/\/www.europesays.com\/fr\/wp-json\/wp\/v2\/media?parent=786894"}],"wp:term":[{"taxonomy":"category","embeddable":true,"href":"https:\/\/www.europesays.com\/fr\/wp-json\/wp\/v2\/categories?post=786894"},{"taxonomy":"post_tag","embeddable":true,"href":"https:\/\/www.europesays.com\/fr\/wp-json\/wp\/v2\/tags?post=786894"}],"curies":[{"name":"wp","href":"https:\/\/api.w.org\/{rel}","templated":true}]}}