{"id":787028,"date":"2026-03-09T18:07:15","date_gmt":"2026-03-09T18:07:15","guid":{"rendered":"https:\/\/www.europesays.com\/fr\/787028\/"},"modified":"2026-03-09T18:07:15","modified_gmt":"2026-03-09T18:07:15","slug":"les-eclaireurs-france-royaume-uni-espagne-face-a-la-guerre-au-moyen-orient-quel-est-le-dispositif-des-pays-europeens","status":"publish","type":"post","link":"https:\/\/www.europesays.com\/fr\/787028\/","title":{"rendered":"LES \u00c9CLAIREURS &#8211; France, Royaume-Uni, Espagne&#8230; Face \u00e0 la guerre au Moyen-Orient, quel est le dispositif des pays europ\u00e9ens?"},"content":{"rendered":"<p><img loading=\"lazy\" decoding=\"async\" src=\"https:\/\/www.europesays.com\/fr\/wp-content\/uploads\/2026\/03\/LES-ECLAIREURS-France-Royaume-Uni-Espagne-Face-a-la-guerre-au-Moyen-Orient-quel-est-le-dispositif-de.webp\" width=\"1200\" height=\"675\" alt=\"placeholder video\"\/><\/p>\n<p>Les attaques de missiles et de drones se poursuivent dans plusieurs pays du Golfe ce lundi 9 mars, dix jours apr\u00e8s le d\u00e9but de l&rsquo;offensive am\u00e9ricano-isra\u00e9lienne. Alors que l&rsquo;Iran a officialis\u00e9 hier son nouveau guide supr\u00eame en la personne de Mojtaba Khamenei, Emmanuel Macron est en d\u00e9placement \u00e0 Chypre depuis ce matin. Il doit notamment monter \u00e0 bord du porte-avions Charles de Gaulle.<\/p>\n<p>Aujourd&rsquo;hui \u00e0 18h41 | Dur\u00e9e : 1:17<\/p>\n","protected":false},"excerpt":{"rendered":"Les attaques de missiles et de drones se poursuivent dans plusieurs pays du Golfe ce lundi 9 mars,&hellip;\n","protected":false},"author":2,"featured_media":787029,"comment_status":"","ping_status":"","sticky":false,"template":"","format":"standard","meta":{"footnotes":"","_share_on_mastodon":"0"},"categories":[1588],"tags":[11,1777,674,12,473,1853,1851,1850,1852],"class_list":["post-787028","post","type-post","status-publish","format-standard","has-post-thumbnail","category-royaume-uni","tag-actualites","tag-eu","tag-europe","tag-news","tag-royaume-uni","tag-royaume-uni-de-grande-bretagne-et-dirlande-du-nord","tag-uk","tag-united-kingdom","tag-united-kingdom-of-great-britain-and-northern-ireland"],"share_on_mastodon":{"url":"https:\/\/pubeurope.com\/@fr\/116200554318374746","error":""},"_links":{"self":[{"href":"https:\/\/www.europesays.com\/fr\/wp-json\/wp\/v2\/posts\/787028","targetHints":{"allow":["GET"]}}],"collection":[{"href":"https:\/\/www.europesays.com\/fr\/wp-json\/wp\/v2\/posts"}],"about":[{"href":"https:\/\/www.europesays.com\/fr\/wp-json\/wp\/v2\/types\/post"}],"author":[{"embeddable":true,"href":"https:\/\/www.europesays.com\/fr\/wp-json\/wp\/v2\/users\/2"}],"replies":[{"embeddable":true,"href":"https:\/\/www.europesays.com\/fr\/wp-json\/wp\/v2\/comments?post=787028"}],"version-history":[{"count":0,"href":"https:\/\/www.europesays.com\/fr\/wp-json\/wp\/v2\/posts\/787028\/revisions"}],"wp:featuredmedia":[{"embeddable":true,"href":"https:\/\/www.europesays.com\/fr\/wp-json\/wp\/v2\/media\/787029"}],"wp:attachment":[{"href":"https:\/\/www.europesays.com\/fr\/wp-json\/wp\/v2\/media?parent=787028"}],"wp:term":[{"taxonomy":"category","embeddable":true,"href":"https:\/\/www.europesays.com\/fr\/wp-json\/wp\/v2\/categories?post=787028"},{"taxonomy":"post_tag","embeddable":true,"href":"https:\/\/www.europesays.com\/fr\/wp-json\/wp\/v2\/tags?post=787028"}],"curies":[{"name":"wp","href":"https:\/\/api.w.org\/{rel}","templated":true}]}}