{"id":787030,"date":"2026-03-09T18:08:13","date_gmt":"2026-03-09T18:08:13","guid":{"rendered":"https:\/\/www.europesays.com\/fr\/787030\/"},"modified":"2026-03-09T18:08:13","modified_gmt":"2026-03-09T18:08:13","slug":"en-allemagne-les-electeurs-reconduisent-les-verts-dans-le-bade-wurtemberg-un-coup-dur-pour-la-cdu-de-friedrich-merz","status":"publish","type":"post","link":"https:\/\/www.europesays.com\/fr\/787030\/","title":{"rendered":"En Allemagne, les \u00e9lecteurs reconduisent les Verts dans le Bade-Wurtemberg, un coup dur pour la CDU de Friedrich Merz"},"content":{"rendered":"<p>Le chancelier allemand Friedrich Merz a voulu couper court ce lundi \u00e0 toute sp\u00e9culation: le r\u00e9sultat de l\u2019\u00e9lection r\u00e9gionale de ce dimanche 8\u00a0mars dans le Bade-Wurtemberg n\u2019aura \u00abaucun impact\u00bb sur le travail de sa coalition, qu\u2019il m\u00e8ne au niveau f\u00e9d\u00e9ral avec les sociaux-d\u00e9mocrates du SPD. Et pour cause. Les r\u00e9sultats du scrutin n\u2019ont pas \u00e9t\u00e9 aussi favorables qu\u2019attendu pour son Parti chr\u00e9tien-d\u00e9mocrate (CDU). Si celui-ci voit sa part \u00e9lectorale augmenter de 5,6 points, il a tout de m\u00eame \u00e9chou\u00e9 \u00e0 reconqu\u00e9rir son ancien bastion, gouvern\u00e9 depuis 2011 par les \u00e9cologistes. Ces derniers ont remport\u00e9 une victoire sur le fil, avec 30,2% des voix, contre 29,7% pour la CDU. Un score suffisant pour s\u2019assurer de nouveau le prestigieux poste de ministre-pr\u00e9sident, dans cette r\u00e9gion limitrophe de la Suisse, la troisi\u00e8me la plus peupl\u00e9e et la plus riche d\u2019Allemagne, fief de fleurons industriels tels que Mercedes-Benz, Porsche, Bosch, Stihl et SAP.<\/p>\n<p>Lire aussi: <a href=\"https:\/\/www.letemps.ch\/articles\/je-pensais-faire-carriere-ici-mais-ca-devient-tres-complique-de-se-projeter-dans-l-automobile-a-stuttgart-la-peur-du-syndrome-detroit\" rel=\"nofollow noopener\" target=\"_blank\">\u00abJe pensais faire carri\u00e8re ici, mais \u00e7a devient tr\u00e8s compliqu\u00e9 de se projeter dans l\u2019automobile\u00bb: \u00e0 Stuttgart, la peur du \u00absyndrome Detroit\u00bb<\/a>  <\/p>\n","protected":false},"excerpt":{"rendered":"Le chancelier allemand Friedrich Merz a voulu couper court ce lundi \u00e0 toute sp\u00e9culation: le r\u00e9sultat de l\u2019\u00e9lection&hellip;\n","protected":false},"author":2,"featured_media":787031,"comment_status":"","ping_status":"","sticky":false,"template":"","format":"standard","meta":{"footnotes":"","_share_on_mastodon":"0"},"categories":[1587],"tags":[11,672,1804,1805,1803,1777,674,1801,74,12,301,1802],"class_list":["post-787030","post","type-post","status-publish","format-standard","has-post-thumbnail","category-allemagne","tag-actualites","tag-allemagne","tag-bundesrepublik-deutschland","tag-de","tag-deutschland","tag-eu","tag-europe","tag-germany","tag-monde","tag-news","tag-premium","tag-republique-federale-dallemagne"],"share_on_mastodon":{"url":"https:\/\/pubeurope.com\/@fr\/116200558220198950","error":""},"_links":{"self":[{"href":"https:\/\/www.europesays.com\/fr\/wp-json\/wp\/v2\/posts\/787030","targetHints":{"allow":["GET"]}}],"collection":[{"href":"https:\/\/www.europesays.com\/fr\/wp-json\/wp\/v2\/posts"}],"about":[{"href":"https:\/\/www.europesays.com\/fr\/wp-json\/wp\/v2\/types\/post"}],"author":[{"embeddable":true,"href":"https:\/\/www.europesays.com\/fr\/wp-json\/wp\/v2\/users\/2"}],"replies":[{"embeddable":true,"href":"https:\/\/www.europesays.com\/fr\/wp-json\/wp\/v2\/comments?post=787030"}],"version-history":[{"count":0,"href":"https:\/\/www.europesays.com\/fr\/wp-json\/wp\/v2\/posts\/787030\/revisions"}],"wp:featuredmedia":[{"embeddable":true,"href":"https:\/\/www.europesays.com\/fr\/wp-json\/wp\/v2\/media\/787031"}],"wp:attachment":[{"href":"https:\/\/www.europesays.com\/fr\/wp-json\/wp\/v2\/media?parent=787030"}],"wp:term":[{"taxonomy":"category","embeddable":true,"href":"https:\/\/www.europesays.com\/fr\/wp-json\/wp\/v2\/categories?post=787030"},{"taxonomy":"post_tag","embeddable":true,"href":"https:\/\/www.europesays.com\/fr\/wp-json\/wp\/v2\/tags?post=787030"}],"curies":[{"name":"wp","href":"https:\/\/api.w.org\/{rel}","templated":true}]}}