{"id":78706,"date":"2025-05-06T07:29:08","date_gmt":"2025-05-06T07:29:08","guid":{"rendered":"https:\/\/www.europesays.com\/fr\/78706\/"},"modified":"2025-05-06T07:29:08","modified_gmt":"2025-05-06T07:29:08","slug":"greve-sncf-en-ile-de-france-les-rer-b-et-c-toujours-perturbes-2-trains-sur-3-en-circulation-sur-le-rer-d","status":"publish","type":"post","link":"https:\/\/www.europesays.com\/fr\/78706\/","title":{"rendered":"Gr\u00e8ve SNCF en \u00cele-de-France\u00a0: les RER\u00a0B et C toujours perturb\u00e9s, 2 trains sur 3 en circulation sur le RER\u00a0D"},"content":{"rendered":"<p class=\"paragraph text_align_left\">Jour 2 du mouvement de gr\u00e8ve \u00e0 la SNCF en \u00cele-de-France. <a href=\"https:\/\/www.leparisien.fr\/info-paris-ile-de-france-oise\/transports\/greve-a-la-sncf-les-rer-b-et-c-particulierement-perturbes-ce-matin-05-05-2025-QDHIZMRDRND5RBDGZ7GQWFUSDY.php\" target=\"_self\" rel=\"nofollow noopener\">Lundi, les usagers du RER et du Transilien ont d\u00fb composer avec d\u2019importantes perturbations<\/a>, notamment sur les RER\u00a0B et C. Ce mardi, ces lignes sont toujours concern\u00e9es par des suppressions de trains.<\/p>\n<p class=\"paragraph text_align_left\">Ainsi, comme la veille, pr\u00e9voyez un train sur deux seulement sur la partie nord du <a href=\"https:\/\/www.leparisien.fr\/info-paris-ile-de-france-oise\/transports\/rer-b\/\" target=\"_self\" rel=\"nofollow noopener\">RER\u00a0B<\/a>. Concernant la partie sud, 2 trains sur 3 sont attendus. Sur le <a href=\"https:\/\/www.leparisien.fr\/info-paris-ile-de-france-oise\/transports\/rer-c\/\" target=\"_self\" rel=\"nofollow noopener\">RER\u00a0C<\/a>, m\u00eame chose que lundi\u00a0: un train sur deux seulement doit circuler. Si le <a href=\"https:\/\/www.leparisien.fr\/info-paris-ile-de-france-oise\/transports\/rer-d\/\" target=\"_self\" rel=\"nofollow noopener\">RER\u00a0D <\/a>n\u2019\u00e9tait pas impact\u00e9 par des perturbations, 2 trains sur 3 circulent entre Juvisy et Malesherbes, tout comme entre Corbeil-Essonnes et Melun.<\/p>\n<p class=\"paragraph text_align_left\">Enfin, sur le RER\u00a0E, un train sur deux circule entre Nanterre-la-Folie et Villiers-sur-Marne.<\/p>\n<p>La gr\u00e8ve se poursuit mercredi<\/p>\n<p class=\"paragraph text_align_left\">Concernant le Transilien, la ligne\u00a0H est autant perturb\u00e9e que la veille, avec 4 trains sur 5 pr\u00e9vus, except\u00e9 entre Pontoise et Creil. Sur les lignes N et V, un train sur deux circule, tandis que la situation s\u2019est l\u00e9g\u00e8rement am\u00e9lior\u00e9e sur la ligne\u00a0U avec deux trains sur trois.<\/p>\n<p class=\"paragraph text_align_left\">Mercredi, la circulation sera toujours perturb\u00e9e. Exemple sur la ligne\u00a0D o\u00f9 moins de trains qu\u2019aujourd\u2019hui circuleront.<\/p>\n","protected":false},"excerpt":{"rendered":"Jour 2 du mouvement de gr\u00e8ve \u00e0 la SNCF en \u00cele-de-France. Lundi, les usagers du RER et du&hellip;\n","protected":false},"author":2,"featured_media":78707,"comment_status":"","ping_status":"","sticky":false,"template":"","format":"standard","meta":{"footnotes":""},"categories":[1592],"tags":[1111,11,1777,674,1011,27,662,1944,12,626,25],"class_list":{"0":"post-78706","1":"post","2":"type-post","3":"status-publish","4":"format-standard","5":"has-post-thumbnail","7":"category-ile-de-france","8":"tag-actu","9":"tag-actualites","10":"tag-eu","11":"tag-europe","12":"tag-fr","13":"tag-france","14":"tag-ile-de-france","15":"tag-ma-ville","16":"tag-news","17":"tag-paris","18":"tag-republique-francaise"},"share_on_mastodon":{"url":"https:\/\/pubeurope.com\/@fr\/114459716050769699","error":""},"_links":{"self":[{"href":"https:\/\/www.europesays.com\/fr\/wp-json\/wp\/v2\/posts\/78706","targetHints":{"allow":["GET"]}}],"collection":[{"href":"https:\/\/www.europesays.com\/fr\/wp-json\/wp\/v2\/posts"}],"about":[{"href":"https:\/\/www.europesays.com\/fr\/wp-json\/wp\/v2\/types\/post"}],"author":[{"embeddable":true,"href":"https:\/\/www.europesays.com\/fr\/wp-json\/wp\/v2\/users\/2"}],"replies":[{"embeddable":true,"href":"https:\/\/www.europesays.com\/fr\/wp-json\/wp\/v2\/comments?post=78706"}],"version-history":[{"count":0,"href":"https:\/\/www.europesays.com\/fr\/wp-json\/wp\/v2\/posts\/78706\/revisions"}],"wp:featuredmedia":[{"embeddable":true,"href":"https:\/\/www.europesays.com\/fr\/wp-json\/wp\/v2\/media\/78707"}],"wp:attachment":[{"href":"https:\/\/www.europesays.com\/fr\/wp-json\/wp\/v2\/media?parent=78706"}],"wp:term":[{"taxonomy":"category","embeddable":true,"href":"https:\/\/www.europesays.com\/fr\/wp-json\/wp\/v2\/categories?post=78706"},{"taxonomy":"post_tag","embeddable":true,"href":"https:\/\/www.europesays.com\/fr\/wp-json\/wp\/v2\/tags?post=78706"}],"curies":[{"name":"wp","href":"https:\/\/api.w.org\/{rel}","templated":true}]}}