{"id":78712,"date":"2025-05-06T07:32:10","date_gmt":"2025-05-06T07:32:10","guid":{"rendered":"https:\/\/www.europesays.com\/fr\/78712\/"},"modified":"2025-05-06T07:32:10","modified_gmt":"2025-05-06T07:32:10","slug":"11-mai-journee-mondiale-de-priere-pour-les-vocations","status":"publish","type":"post","link":"https:\/\/www.europesays.com\/fr\/78712\/","title":{"rendered":"11 mai : Journ\u00e9e mondiale de pri\u00e8re pour les vocations"},"content":{"rendered":"<p>\u201cMembres adultes de l\u2019\u00c9glise, et en particulier les pasteurs, nous sommes invit\u00e9s \u00e0 accueillir, \u00e0 discerner et \u00e0 accompagner le cheminement vocationnel des nouvelles g\u00e9n\u00e9rations. Et vous, les jeunes, vous \u00eates appel\u00e9s \u00e0 en \u00eatre les protagonistes, ou plut\u00f4t des co-protagonistes avec l\u2019Esprit Saint qui suscite en vous le d\u00e9sir de faire de la vie un don d\u2019amour.\u201d \u00e9crit le Pape Fran\u00e7ois dans son message pour la 62\u00e8me journ\u00e9e mondiale de pri\u00e8re pour les vocations.<\/p>\n<p><a href=\"https:\/\/press.vatican.va\/content\/francesco\/fr\/messages\/vocations\/documents\/20250319-messaggio-62-gm-vocazioni.html\" target=\"_blank\" rel=\"noopener\">Lire le message du Pape<\/a><\/p>\n<p>Les propositions dioc\u00e9saines<br \/>\nle Monast\u00e8re invisible<\/p>\n<p>C\u2019est une \u00ab\u00a0communaut\u00e9 invisible de priants\u00a0\u00bb qui rassemble tous ceux qui, dans notre dioc\u00e8se, s\u2019engagent \u00e0 prier r\u00e9guli\u00e8rement pour les vocations. Ces personnes, seules ou en famille, en groupes de pri\u00e8re ou en communaut\u00e9, prient pour les vocations au rythme o\u00f9 elles le souhaitent. Elles forment un monast\u00e8re, sans mur ni clocher, qui n\u2019habite nulle part sinon dans les coeurs. Elles re\u00e7oivent tous les trimestre un bulletin cartonn\u00e9 sur un th\u00e8me vocationnel.<\/p>\n<p><a href=\"https:\/\/www.catholique78.fr\/wp-content\/uploads\/2021\/01\/bulletin-dabonnement-2021-2022.pdf\" target=\"_blank\" rel=\"noopener noreferrer\">T\u00e9l\u00e9chargez<\/a> le bulletin d\u2019abonnement pour recevoir par courrier\u00a0ou <a href=\"https:\/\/goo.gl\/forms\/Q9jjAKUyWUM6w3i43\" target=\"_blank\" rel=\"noopener noreferrer\">inscrivez-vous\u00a0en ligne<\/a> pour recevoir par mail\u00a0le prochain num\u00e9ro du Monast\u00e8re invisible.<\/p>\n<p>Des propositions pour ceux et celles qui se posent la question d\u2019une vocation<\/p>\n<p><a href=\"https:\/\/www.catholique78.fr\/evenement\/pele-vocations-2025-jeunes-hommes-17-30-ans\/\" target=\"_blank\" rel=\"noopener\">Un p\u00e8lerinage<\/a> dans les Hautes-Alpes est organis\u00e9 pour les jeunes hommes\u00a0 le WE de l\u2019Ascension<\/p>\n<p>Pour les jeunes femmes, <a href=\"https:\/\/www.catholique78.fr\/wp-content\/uploads\/2025\/03\/journee-vocation-2025-a4.pdf\" target=\"_blank\" rel=\"noopener\">des rencontres autour d\u2019un th\u00e8me<\/a> sont propos\u00e9es tout au long de l\u2019ann\u00e9e.<\/p>\n<p>Contact <a href=\"https:\/\/www.catholique78.fr\/2025\/05\/06\/11-mai-journee-mondiale-de-priere-pour-les-vocations\/mailto:vocations@catholique78.fr\" target=\"_blank\" rel=\"noopener\">vocations@catholique78.fr<\/a><\/p>\n<p>L\u2019Oeuvre des Vocations<\/p>\n<p><a href=\"https:\/\/www.catholique78.fr\/2024\/04\/19\/journee-mondiale-des-vocations\/3873-affiche-jmv-odv\/\" rel=\"attachment wp-att-987284 noopener\" target=\"_blank\"><img loading=\"lazy\" decoding=\"async\" class=\" wp-image-987284 alignleft\" src=\"https:\/\/www.europesays.com\/fr\/wp-content\/uploads\/2025\/05\/3873-affiche-jmv-odv.png\" alt=\"\" width=\"276\" height=\"386\"  \/><\/a>L\u2019\u0152uvre des Vocations est missionn\u00e9e par les \u00e9v\u00eaques des 8 dioc\u00e8ses de l\u2019\u00c9glise Catholique en Ile de France\u00a0:\u00a0Paris, Nanterre, Versailles, Meaux, Cr\u00e9teil, Saint-Denis, Pontoise et Evry.<\/p>\n<p>Il y a aujourd\u2019hui en Ile-de-France pr\u00e8s de 120 s\u00e9minaristes et jeunes en ann\u00e9e de fondation spirituelle et de nombreux jeunes hommes et jeunes femmes cheminent dans les groupes de r\u00e9flexion.Chacun d\u2019eux a besoin du soutien par la pri\u00e8re et par le don des fid\u00e8les. La qu\u00eate de ce jour contribue au financement de la pastorale des vocations religieuses et sacerdotales ainsi qu\u2019\u00e0 la formation des s\u00e9minaristes et jeunes en ann\u00e9e de fondation spirituelle pour les dioc\u00e8ses d\u2019Ile-de-France. Cette formation revient \u00e0 33 000\u20ac par s\u00e9minariste et par an et est financ\u00e9e uniquement gr\u00e2ce \u00e0 la g\u00e9n\u00e9rosit\u00e9 des fid\u00e8les. <strong><br \/><\/strong><\/p>\n<p><a href=\"https:\/\/www.oeuvredesvocations.fr\/loeuvre-des-vocations\/la-journee-mondiale-de-priere-pour-les-vocations\/\" target=\"_blank\" rel=\"noopener\">Lien vers le site de l\u2019Oeuvre des vocations<\/a><\/p>\n<p><a href=\"https:\/\/www.seminaireversailles.fr\/\" target=\"_blank\" rel=\"noopener\">Lien vers le site du s\u00e9minaire de Versailles<\/a><\/p>\n","protected":false},"excerpt":{"rendered":"\u201cMembres adultes de l\u2019\u00c9glise, et en particulier les pasteurs, nous sommes invit\u00e9s \u00e0 accueillir, \u00e0 discerner et \u00e0&hellip;\n","protected":false},"author":2,"featured_media":78713,"comment_status":"","ping_status":"","sticky":false,"template":"","format":"standard","meta":{"footnotes":""},"categories":[1888],"tags":[11,18490,1777,674,1011,27,12,626,25,18491],"class_list":{"0":"post-78712","1":"post","2":"type-post","3":"status-publish","4":"format-standard","5":"has-post-thumbnail","7":"category-paris","8":"tag-actualites","9":"tag-annee-de-la-vocation","10":"tag-eu","11":"tag-europe","12":"tag-fr","13":"tag-france","14":"tag-news","15":"tag-paris","16":"tag-republique-francaise","17":"tag-vocations"},"share_on_mastodon":{"url":"https:\/\/pubeurope.com\/@fr\/114459727933627963","error":""},"_links":{"self":[{"href":"https:\/\/www.europesays.com\/fr\/wp-json\/wp\/v2\/posts\/78712","targetHints":{"allow":["GET"]}}],"collection":[{"href":"https:\/\/www.europesays.com\/fr\/wp-json\/wp\/v2\/posts"}],"about":[{"href":"https:\/\/www.europesays.com\/fr\/wp-json\/wp\/v2\/types\/post"}],"author":[{"embeddable":true,"href":"https:\/\/www.europesays.com\/fr\/wp-json\/wp\/v2\/users\/2"}],"replies":[{"embeddable":true,"href":"https:\/\/www.europesays.com\/fr\/wp-json\/wp\/v2\/comments?post=78712"}],"version-history":[{"count":0,"href":"https:\/\/www.europesays.com\/fr\/wp-json\/wp\/v2\/posts\/78712\/revisions"}],"wp:featuredmedia":[{"embeddable":true,"href":"https:\/\/www.europesays.com\/fr\/wp-json\/wp\/v2\/media\/78713"}],"wp:attachment":[{"href":"https:\/\/www.europesays.com\/fr\/wp-json\/wp\/v2\/media?parent=78712"}],"wp:term":[{"taxonomy":"category","embeddable":true,"href":"https:\/\/www.europesays.com\/fr\/wp-json\/wp\/v2\/categories?post=78712"},{"taxonomy":"post_tag","embeddable":true,"href":"https:\/\/www.europesays.com\/fr\/wp-json\/wp\/v2\/tags?post=78712"}],"curies":[{"name":"wp","href":"https:\/\/api.w.org\/{rel}","templated":true}]}}