{"id":78739,"date":"2025-05-06T07:47:08","date_gmt":"2025-05-06T07:47:08","guid":{"rendered":"https:\/\/www.europesays.com\/fr\/78739\/"},"modified":"2025-05-06T07:47:08","modified_gmt":"2025-05-06T07:47:08","slug":"atp-mouratoglou-sur-djokovic-jai-ete-tres-surpris-de-le-voir-comme-ca-je-ne-comprends-pas-et-je-me-pose-une-question","status":"publish","type":"post","link":"https:\/\/www.europesays.com\/fr\/78739\/","title":{"rendered":"ATP > Mouratoglou sur Djokovic : \u00ab\u00a0J&rsquo;ai \u00e9t\u00e9 tr\u00e8s surpris de le voir comme \u00e7a. Je ne comprends pas et je me pose une question&#8230;\u00a0\u00bb"},"content":{"rendered":"<p>Dans une vid\u00e9o post\u00e9e sur sa page Instagram, Patrick Mouratoglou est revenu sur les perfor\u00admances d\u00e9ce\u00advantes de Novak Djokovic sur terre battue avant son forfait pour le Masters 1000 de Rome (7 au 18 mai). L\u2019entra\u00eeneur fran\u00ad\u00e7ais s\u2019in\u00adter\u00adroge \u00e0 quelques semaines de Roland\u2010Garros (25 mai au 8\u00a0juin).\u00a0<\/p>\n<blockquote class=\"instagram-media\" data-instgrm-captioned=\"\" data-instgrm-permalink=\"https:\/\/www.instagram.com\/reel\/DJRR9PEt3gg\/?utm_source=ig_embed&amp;utm_campaign=loading\" data-instgrm-version=\"14\" style=\" background:#FFF; border:0; border-radius:3px; box-shadow:0 0 1px 0 rgba(0,0,0,0.5),0 1px 10px 0 rgba(0,0,0,0.15); margin: 1px; max-width:540px; min-width:326px; padding:0; width:99.375%; width:-webkit-calc(100% - 2px); width:calc(100% - 2px);\"\/>\n<p><strong>\u00ab\u202fJ\u2019ai \u00e9t\u00e9 tr\u00e8s surpris de voir Novak Djokovic jouer comme \u00e7a \u00e0 Monte\u2010Carlo puis \u00e0 Madrid. Pour un gars comme lui, s\u2019il n\u2019a pas envie de jouer, s\u2019il n\u2019a pas la moti\u00adva\u00adtion, je ne pense pas qu\u2019il devrait jouer parce qu\u2019il n\u2019avait m\u00eame pas l\u2019air d\u2019es\u00adsayer de gagner. La ques\u00adtion est de savoir pour\u00adquoi il a jou\u00e9 \u00e0 ce moment\u2010l\u00e0. Je ne comprends pas. C\u2019est une ques\u00adtion de moti\u00adva\u00adtion. Je le dis depuis long\u00adtemps. Apr\u00e8s sa grande saison (2023) et la saison derni\u00e8re qui \u00e9tait loin de son niveau, \u00e0 l\u2019ex\u00adcep\u00adtion des Jeux olym\u00adpiques, il \u00e9tait \u00e9vident qu\u2019il avait besoin d\u2019un objectif pour se concen\u00adtrer et se motiver. La vraie ques\u00adtion est de savoir s\u2019il parviendra \u00e0 jouer des matches et \u00e0 se pr\u00e9parer pour un \u00e9v\u00e9ne\u00adment aussi impor\u00adtant qu\u2019un Grand Chelem. Rien ne remplace les matches, bien s\u00fbr, il n\u2019a pas besoin d\u2019en jouer beau\u00adcoup. Mais il faut qu\u2019il en joue quelques\u2010uns qu\u2019il va gagner avec le bon \u00e9tat d\u2019es\u00adprit, et penser qu\u2019il va aller en Grand Chelem et que tout va s\u2019en\u00adclen\u00adcher tout d\u2019un coup, c\u2019est un sacr\u00e9 pari. Je me pose des questions.\u202f\u00bb<\/strong><\/p>\n<p class=\"post-published-date\" style=\"color: silver; font-size: 75%; text-align: left;\">Publi\u00e9 le mardi 6 mai 2025 \u00e0 08:52<\/p>\n<p><script async src=\"\/\/www.instagram.com\/embed.js\"><\/script><\/p>\n","protected":false},"excerpt":{"rendered":"Dans une vid\u00e9o post\u00e9e sur sa page Instagram, Patrick Mouratoglou est revenu sur les perfor\u00admances d\u00e9ce\u00advantes de Novak&hellip;\n","protected":false},"author":2,"featured_media":15493,"comment_status":"","ping_status":"","sticky":false,"template":"","format":"standard","meta":{"footnotes":""},"categories":[1415],"tags":[105,1011,27,60,1467],"class_list":{"0":"post-78739","1":"post","2":"type-post","3":"status-publish","4":"format-standard","5":"has-post-thumbnail","7":"category-tennis","8":"tag-djokovic","9":"tag-fr","10":"tag-france","11":"tag-sports","12":"tag-tennis"},"share_on_mastodon":{"url":"https:\/\/pubeurope.com\/@fr\/114459786813377200","error":""},"_links":{"self":[{"href":"https:\/\/www.europesays.com\/fr\/wp-json\/wp\/v2\/posts\/78739","targetHints":{"allow":["GET"]}}],"collection":[{"href":"https:\/\/www.europesays.com\/fr\/wp-json\/wp\/v2\/posts"}],"about":[{"href":"https:\/\/www.europesays.com\/fr\/wp-json\/wp\/v2\/types\/post"}],"author":[{"embeddable":true,"href":"https:\/\/www.europesays.com\/fr\/wp-json\/wp\/v2\/users\/2"}],"replies":[{"embeddable":true,"href":"https:\/\/www.europesays.com\/fr\/wp-json\/wp\/v2\/comments?post=78739"}],"version-history":[{"count":0,"href":"https:\/\/www.europesays.com\/fr\/wp-json\/wp\/v2\/posts\/78739\/revisions"}],"wp:featuredmedia":[{"embeddable":true,"href":"https:\/\/www.europesays.com\/fr\/wp-json\/wp\/v2\/media\/15493"}],"wp:attachment":[{"href":"https:\/\/www.europesays.com\/fr\/wp-json\/wp\/v2\/media?parent=78739"}],"wp:term":[{"taxonomy":"category","embeddable":true,"href":"https:\/\/www.europesays.com\/fr\/wp-json\/wp\/v2\/categories?post=78739"},{"taxonomy":"post_tag","embeddable":true,"href":"https:\/\/www.europesays.com\/fr\/wp-json\/wp\/v2\/tags?post=78739"}],"curies":[{"name":"wp","href":"https:\/\/api.w.org\/{rel}","templated":true}]}}