{"id":78750,"date":"2025-05-06T07:56:24","date_gmt":"2025-05-06T07:56:24","guid":{"rendered":"https:\/\/www.europesays.com\/fr\/78750\/"},"modified":"2025-05-06T07:56:24","modified_gmt":"2025-05-06T07:56:24","slug":"conference-les-gouts-et-les-couleurs","status":"publish","type":"post","link":"https:\/\/www.europesays.com\/fr\/78750\/","title":{"rendered":"Conf\u00e9rence : \u00ab\u00a0Les go\u00fbts et les couleurs\u00a0\u00bb"},"content":{"rendered":"<p><img fetchpriority=\"high\" decoding=\"async\" class=\"alignnone size-full wp-image-76310\" src=\"https:\/\/www.europesays.com\/fr\/wp-content\/uploads\/2025\/05\/les-gouts-etles-couleurs-1080.gif\" alt=\"les go\u00fbts et les couleurs\" width=\"1080\" height=\"608\"\/><\/p>\n<p>\ud83c\udf08 \u00a0Les go\u00fbts et les couleurs<\/p>\n<p>Pour ce nouvel \u00e9v\u00e9nement, on avait envie d\u2019aborder un sujet hautement clivant et pourvoyeur de d\u00e9bats impossibles :\u00a0<strong>les go\u00fbts et les couleurs<\/strong>.<\/p>\n<p>Comme il para\u00eet que \u00ab \u00e7a ne discute pas \u00bb et qu\u2019on a un go\u00fbt tr\u00e8s prononc\u00e9 pour les couleurs, on s\u2019est dit \u00ab pourquoi pas ? \u00bb. En r\u00e9alit\u00e9, on souhaitait surtout donner la parole \u00e0 3 intervenants dont les regards singuliers sur la couleur \u2013 ceux des sciences de la lumi\u00e8re, du design culinaire et de la litt\u00e9rature \u2013 pourraient nourrir notre mani\u00e8re d\u2019appr\u00e9hender des r\u00e9alit\u00e9s sensibles et sensorielles que nous manipulons, choisissons, agen\u00e7ons, discutons au quotidien, dans la diversit\u00e9 de nos pratiques et des m\u00e9tiers du design.<\/p>\n<p>Un \u00e9v\u00e9nement organis\u00e9 et pr\u00e9par\u00e9 en collaboration avec <a id=\"ember469\" class=\"ember-view\" href=\"https:\/\/www.linkedin.com\/in\/jbjoatton\/\" target=\"_blank\" rel=\"noopener\">Jean-Baptiste Joatton<\/a> et <a id=\"ember470\" class=\"ember-view\" href=\"http:\/\/www.societe-alter.com\" target=\"_blank\" rel=\"noopener\">Emmanuelle VALLI<\/a>.<\/p>\n<p>Mathieu H\u00e9bert<\/p>\n<p>C\u2019est la science qui a ouvert le bal, par l\u2019interm\u00e9diaire de <a id=\"ember467\" class=\"ember-view\" href=\"https:\/\/www.linkedin.com\/in\/mathieu-hebert-76889321\/\" target=\"_blank\" rel=\"noopener\">Mathieu Hebert<\/a>, Professeur \u00e0 l&rsquo;Institut d&rsquo;Optique Graduate School et l\u2019Universit\u00e9 Jean Monnet, sp\u00e9cialiste de la lumi\u00e8re et des apparences.<\/p>\n<p>\t\t\tEmmanuelle Valli<\/p>\n<p><a id=\"ember470\" class=\"ember-view\" href=\"http:\/\/www.societe-alter.com\" target=\"_blank\" rel=\"noopener\">Emmanuelle VALLI<\/a>, s\u00e9miologue et architexte, nous propose une intervention litt\u00e9raire autour \u00ab\u00a0De gustibus et coloribus non est disputandum\u00a0\u00bb, non, ce n\u2019est pas une formule d\u2019Harry Potter, c\u2019est une locution latine qui dit que \u00ab\u00a0<strong>des go\u00fbts et des couleurs, on ne discute pas<\/strong> \u00bb&#8230;<\/p>\n<p>De Black Mirror au Petit Chaperon rouge, du vert de jalousie au rouge de honte, on navigue entre langage courant, symbolique et r\u00e9f\u00e9rences artistiques. Derri\u00e8re l\u2019humour, une vraie r\u00e9flexion s\u2019installe : nos pr\u00e9f\u00e9rences esth\u00e9tiques sont-elles vraiment personnelles\u2026 ou format\u00e9es ?<\/p>\n<p>Vous pouvez retrouver le contenu de son intervention sur son <a href=\"https:\/\/www.societe-alter.com\/non-classe\/des-gouts-et-des-couleurs\/\" target=\"_blank\" rel=\"noopener\">blog<\/a>.<\/p>\n<p>\t\t\tAna\u00efs Silvestro<\/p>\n<p>Puis, <a id=\"ember468\" class=\"ember-view\" href=\"https:\/\/www.linkedin.com\/in\/ana%C3%AFs-silvestro-b1504959\/\" target=\"_blank\" rel=\"noopener\">Ana\u00efs Silvestro<\/a> nous parle de sa d\u00e9marche en design culinaire, avant de nous proposer un prolongement comestible de son intervention \u00e0 travers une exp\u00e9rience gustative et chromatique qui se joue des apparences sensibles.<\/p>\n","protected":false},"excerpt":{"rendered":"\ud83c\udf08 \u00a0Les go\u00fbts et les couleurs Pour ce nouvel \u00e9v\u00e9nement, on avait envie d\u2019aborder un sujet hautement clivant&hellip;\n","protected":false},"author":2,"featured_media":78751,"comment_status":"","ping_status":"","sticky":false,"template":"","format":"standard","meta":{"footnotes":""},"categories":[1358],"tags":[1348,1384,1385,6211,18493,1386,58,59,1011,27,3011,18494],"class_list":{"0":"post-78750","1":"post","2":"type-post","3":"status-publish","4":"format-standard","5":"has-post-thumbnail","7":"category-arts-et-design","8":"tag-arts","9":"tag-arts-and-design","10":"tag-arts-et-design","11":"tag-conference","12":"tag-couleurs","13":"tag-design","14":"tag-divertissement","15":"tag-entertainment","16":"tag-fr","17":"tag-france","18":"tag-gouts","19":"tag-valli"},"share_on_mastodon":{"url":"https:\/\/pubeurope.com\/@fr\/114459822306351052","error":""},"_links":{"self":[{"href":"https:\/\/www.europesays.com\/fr\/wp-json\/wp\/v2\/posts\/78750","targetHints":{"allow":["GET"]}}],"collection":[{"href":"https:\/\/www.europesays.com\/fr\/wp-json\/wp\/v2\/posts"}],"about":[{"href":"https:\/\/www.europesays.com\/fr\/wp-json\/wp\/v2\/types\/post"}],"author":[{"embeddable":true,"href":"https:\/\/www.europesays.com\/fr\/wp-json\/wp\/v2\/users\/2"}],"replies":[{"embeddable":true,"href":"https:\/\/www.europesays.com\/fr\/wp-json\/wp\/v2\/comments?post=78750"}],"version-history":[{"count":0,"href":"https:\/\/www.europesays.com\/fr\/wp-json\/wp\/v2\/posts\/78750\/revisions"}],"wp:featuredmedia":[{"embeddable":true,"href":"https:\/\/www.europesays.com\/fr\/wp-json\/wp\/v2\/media\/78751"}],"wp:attachment":[{"href":"https:\/\/www.europesays.com\/fr\/wp-json\/wp\/v2\/media?parent=78750"}],"wp:term":[{"taxonomy":"category","embeddable":true,"href":"https:\/\/www.europesays.com\/fr\/wp-json\/wp\/v2\/categories?post=78750"},{"taxonomy":"post_tag","embeddable":true,"href":"https:\/\/www.europesays.com\/fr\/wp-json\/wp\/v2\/tags?post=78750"}],"curies":[{"name":"wp","href":"https:\/\/api.w.org\/{rel}","templated":true}]}}