{"id":787521,"date":"2026-03-09T22:54:14","date_gmt":"2026-03-09T22:54:14","guid":{"rendered":"https:\/\/www.europesays.com\/fr\/787521\/"},"modified":"2026-03-09T22:54:14","modified_gmt":"2026-03-09T22:54:14","slug":"le-traditionnel-stade-de-france-ou-un-stade-en-province-ou-aura-lieu-la-finale-de-la-coupe-de-france","status":"publish","type":"post","link":"https:\/\/www.europesays.com\/fr\/787521\/","title":{"rendered":"Le traditionnel Stade de France ou un stade en province\u00a0: o\u00f9 aura lieu la finale de la Coupe de France\u00a0?"},"content":{"rendered":"<p class=\"paragraph text_align_left lp-f-body-02\">Il n\u2019y a plus que quatre \u00e9quipes qui peuvent la viser, mais ils s\u2019en rapprochent diablement. Qualifi\u00e9s pour <a href=\"https:\/\/www.leparisien.fr\/sports\/football\/coupe-de-france-les-affiches-des-demi-finales-sont-connues-05-03-2026-G75YXE6EWVGQDEJGXCKXSCNKGM.php\" target=\"_blank\" rel=\"noreferrer nofollow noopener\">les demi-finales de la Coupe de France<\/a>, Lens, Toulouse, Strasbourg et Nice sont d\u00e9sormais \u00e0 deux matchs d\u2019un prestigieux troph\u00e9e. Si les affiches et le lieu des deux matchs sont connus, ce n\u2019est toutefois pas le cas de la finale, qui n\u2019a pas encore de stade.<\/p>\n<p class=\"\">La date pourrait \u00e9galement changer. Pr\u00e9vue initialement le samedi 23 mai, cette finale pourrait \u00eatre avanc\u00e9e d\u2019un jour, au vendredi 22 mai, afin qu\u2019elle ait lieu <a href=\"https:\/\/www.leparisien.fr\/seine-saint-denis-93\/saint-denis-93200\/stade-de-france\/\" target=\"_blank\" rel=\"noreferrer nofollow noopener\">au Stade de France<\/a>. C\u2019est en tout cas l\u2019une des options sur la table selon <a href=\"https:\/\/www.lequipe.fr\/Football\/Actualites\/Le-stade-de-france-en-plan-a-le-groupama-stadium-en-plan-b-les-options-de-la-fff-pour-la-finale-de-la-coupe-de-france\/1658173\" target=\"_blank\" rel=\"noreferrer nofollow noopener\">L\u2019\u00c9quipe<\/a>, les travaux sur les lignes B et D du RER rendant impossible la tenue de la rencontre le samedi soir dans l\u2019enceinte de Saint-Denis. Et elle serait m\u00eame privil\u00e9gi\u00e9e par la F\u00e9d\u00e9ration fran\u00e7aise de football.<\/p>\n<p class=\"\">\u00ab Le Stade de France a une port\u00e9e symbolique pour la Coupe de France. C\u2019est celui des Bleus, mais traditionnellement aussi celui de la finale de la Coupe, remarque <a href=\"https:\/\/www.leparisien.fr\/sports\/football\/equipe-de-france\/une-option-cest-la-fin-du-premier-trimestre-2026-philippe-diallo-evoque-lannonce-du-successeur-de-deschamps-21-11-2025-5VOGCH3B3NDSBCCDQANOKDTZR4.php\" target=\"_blank\" rel=\"noreferrer nofollow noopener\">Philippe Diallo, le pr\u00e9sident de la FFF<\/a>. Il b\u00e9n\u00e9ficie de ce caract\u00e8re de neutralit\u00e9 tr\u00e8s important d\u2019un point de vue d\u2019\u00e9thique sportive. Je crois aussi que les \u00e9quipes qui y participent, comme les supporters, sont heureuses de se retrouver dans ce stade charg\u00e9 d\u2019histoire. C\u2019est donc vraiment l\u2019option que l\u2019on privil\u00e9gie. \u00bb<\/p>\n<p class=\"\">Si la date est maintenue, il faudra voir ailleurs qu\u2019au Stade de France, et se rendre en province. <a href=\"https:\/\/www.leparisien.fr\/sports\/football\/ligue-1\/ol-land-ambiance-transports-dix-ans-apres-le-demenagement-du-stade-de-lyon-a-decines-est-il-une-reussite-08-03-2026-BB5H3X47VVH5DFT6W6ETOD4S6A.php\" target=\"_blank\" rel=\"noreferrer nofollow noopener\">Le Groupama Stadium de Lyon<\/a> constituerait alors une possibilit\u00e9 r\u00e9elle. En 2024, la finale de la Coupe de France avait d\u00e9j\u00e0 \u00e9t\u00e9 d\u00e9localis\u00e9e \u00e0 Lille \u00e0 cause des travaux pr\u00e9vus au Stade de France en vue des Jeux olympiques de Paris 2024. Si la raison est diff\u00e9rente cette fois, la solution pourrait \u00eatre la m\u00eame.<\/p>\n","protected":false},"excerpt":{"rendered":"Il n\u2019y a plus que quatre \u00e9quipes qui peuvent la viser, mais ils s\u2019en rapprochent diablement. Qualifi\u00e9s pour&hellip;\n","protected":false},"author":2,"featured_media":787522,"comment_status":"","ping_status":"","sticky":false,"template":"","format":"standard","meta":{"footnotes":""},"categories":[4],"tags":[11,63,1011,27,12,25,60],"class_list":{"0":"post-787521","1":"post","2":"type-post","3":"status-publish","4":"format-standard","5":"has-post-thumbnail","7":"category-france","8":"tag-actualites","9":"tag-football","10":"tag-fr","11":"tag-france","12":"tag-news","13":"tag-republique-francaise","14":"tag-sports"},"share_on_mastodon":{"url":"https:\/\/pubeurope.com\/@fr\/116201682830148584","error":""},"_links":{"self":[{"href":"https:\/\/www.europesays.com\/fr\/wp-json\/wp\/v2\/posts\/787521","targetHints":{"allow":["GET"]}}],"collection":[{"href":"https:\/\/www.europesays.com\/fr\/wp-json\/wp\/v2\/posts"}],"about":[{"href":"https:\/\/www.europesays.com\/fr\/wp-json\/wp\/v2\/types\/post"}],"author":[{"embeddable":true,"href":"https:\/\/www.europesays.com\/fr\/wp-json\/wp\/v2\/users\/2"}],"replies":[{"embeddable":true,"href":"https:\/\/www.europesays.com\/fr\/wp-json\/wp\/v2\/comments?post=787521"}],"version-history":[{"count":0,"href":"https:\/\/www.europesays.com\/fr\/wp-json\/wp\/v2\/posts\/787521\/revisions"}],"wp:featuredmedia":[{"embeddable":true,"href":"https:\/\/www.europesays.com\/fr\/wp-json\/wp\/v2\/media\/787522"}],"wp:attachment":[{"href":"https:\/\/www.europesays.com\/fr\/wp-json\/wp\/v2\/media?parent=787521"}],"wp:term":[{"taxonomy":"category","embeddable":true,"href":"https:\/\/www.europesays.com\/fr\/wp-json\/wp\/v2\/categories?post=787521"},{"taxonomy":"post_tag","embeddable":true,"href":"https:\/\/www.europesays.com\/fr\/wp-json\/wp\/v2\/tags?post=787521"}],"curies":[{"name":"wp","href":"https:\/\/api.w.org\/{rel}","templated":true}]}}