{"id":78763,"date":"2025-05-06T08:03:08","date_gmt":"2025-05-06T08:03:08","guid":{"rendered":"https:\/\/www.europesays.com\/fr\/78763\/"},"modified":"2025-05-06T08:03:08","modified_gmt":"2025-05-06T08:03:08","slug":"cette-saloperie-nest-jamais-derriere-florent-pagny-face-au-cancer-les-nouvelles-revelations","status":"publish","type":"post","link":"https:\/\/www.europesays.com\/fr\/78763\/","title":{"rendered":"\u00ab\u00a0Cette saloperie n\u2019est jamais derri\u00e8re\u2026\u00a0\u00bb : Florent Pagny face au cancer, les nouvelles r\u00e9v\u00e9lations"},"content":{"rendered":"<p>      R\u00e9sum\u00e9<\/p>\n<p>Florent Pagny partage avec optimisme son combat contre le cancer du poumon, tout en restant r\u00e9aliste sur les d\u00e9fis continus de sa condition.<\/p>\n<p>        Sommaire<\/p>\n<p>La nouvelle avait secou\u00e9 la toile comme une d\u00e9charge \u00e9lectrique. En 2022, <strong><a href=\"https:\/\/www.public.fr\/tag\/florent-pagny\" target=\"_blank\" rel=\"noopener\">Florent Pagny<\/a> <\/strong>prenait la parole sur ses r\u00e9seaux sociaux pour annoncer qu&rsquo;il \u00e9tait atteint d&rsquo;<strong>un cancer du poumon<\/strong>. Un choc pour ses fans, mais aussi un signal fort : le chanteur d\u00e9cidait alors de se mettre en retrait de la sc\u00e8ne m\u00e9diatique pour se concentrer sur l&rsquo;essentiel, sa sant\u00e9. <\/p>\n<p>Discret, mais combatif, il a pass\u00e9 ces derni\u00e8res ann\u00e9es \u00e0 faire des allers-retours entre la Patagonie et la France pour suivre son traitement. Et bonne nouvelle : les efforts ont port\u00e9 leurs fruits. <strong>Florent Pagny va mieux, et \u00e7a se voit !<\/strong> Il a d&rsquo;ailleurs retrouv\u00e9 son mythique fauteuil rouge dans <a href=\"https:\/\/www.public.fr\/tag\/the-voice\" target=\"_blank\" rel=\"noopener\">The Voice<\/a>\u2026 mais aussi le chemin des plateaux t\u00e9l\u00e9. <\/p>\n<p>Ce lundi 5 mai 2025, c&rsquo;est sur <a href=\"https:\/\/www.instagram.com\/qofficiel\/?hl=fr\" target=\"_blank\" rel=\"noreferrer noopener\"><strong>Quotidien<\/strong><\/a>, face \u00e0 Yann Barth\u00e8s, qu&rsquo;il a choisi de se confier sur son \u00e9tat de sant\u00e9. <\/p>\n<p>Florent Pagny : \u00ab\u00a0Je suis en forme, tout va bien !\u00a0\u00bb<\/p>\n<p>Tandis qu&rsquo;il \u00e9voquait son single\u00a0T&rsquo;aimer encore, Florent Pagny a racont\u00e9 une anecdote : \u00ab\u00a0Je l&rsquo;ai reprise quand mes cheveux ont repouss\u00e9. Les bonnes chansons sont intemporelles\u00a0\u00bb.<\/p>\n<p>\u00ab\u00a0Est-ce-que je peux vous dire que vous \u00eates dans une forme \u00e9blouissante ?\u00a0\u00bb, lui a alors demand\u00e9 l&rsquo;animateur vedette. Ce \u00e0 quoi le concern\u00e9 a r\u00e9pondu : \u00ab\u00a0Ouais, <strong>je suis en forme, tout va bien !<\/strong>\u00a0\u00bb Un soulagement pour ses admirateurs.<\/p>\n<p>Si l&rsquo;artiste est d\u00e9sormais \u00ab\u00a0en forme\u00a0\u00bb, il n&rsquo;a tout de m\u00eame pas manqu\u00e9 de souligner que \u00ab\u00a0cette saloperie\u00a0\u00bb\u00a0n&rsquo;\u00e9tait\u00a0\u00ab\u00a0jamais derri\u00e8re nous\u00a0\u00bb.<\/p>\n<p>Plus les semaines passent, plus les rendez-vous m\u00e9dicaux lui rappellent la r\u00e9alit\u00e9. \u00ab\u00a0<strong>Tous les trois mois, on passe dans les b\u00e9canes. IRM, scanners, on contr\u00f4le<\/strong>\u00ab\u00a0, a-t-il r\u00e9v\u00e9l\u00e9. <\/p>\n<p>Deux rechutes pour l&rsquo;artiste<\/p>\n<p>Rappelons en effet que Florent Pagny a v\u00e9cu deux rechutes depuis son diagnostic. Il sait donc \u00ab\u00a0que tout est possible\u00a0\u00bb. \u00ab\u00a0D&rsquo;autant que <strong>les rechutes, on ne les sent pas forc\u00e9ment<\/strong>\u00ab\u00a0. <\/p>\n<p>Malgr\u00e9 cette incertitude, le compagnon d&rsquo;Azucena pr\u00e9f\u00e8re rester positif. \u00ab\u00a0Un peu la veille, le jour m\u00eame, tu attends. Apr\u00e8s, quand on te dit &lsquo;C&rsquo;est bon&rsquo;, tu le zappes pendant les trois mois qui suivent,\u00a0tu n&rsquo;y penses jamais.\u00a0Moi je n&rsquo;y pense pas (&#8230;), je ne vis pas avec \u00e7a, j&rsquo;ai de la chance, \u00e7a ne m&#8217;emp\u00eache pas de dormir !\u00a0\u00bb, a-t-il conclu. Un touchant t\u00e9moignage. <\/p>\n<p>      Mentionn\u00e9s dans cet article<\/p>\n<p>\u00c0 lire aussi<\/p>\n<p><script async src=\"\/\/www.instagram.com\/embed.js\"><\/script><\/p>\n","protected":false},"excerpt":{"rendered":"R\u00e9sum\u00e9 Florent Pagny partage avec optimisme son combat contre le cancer du poumon, tout en restant r\u00e9aliste sur&hellip;\n","protected":false},"author":2,"featured_media":78764,"comment_status":"","ping_status":"","sticky":false,"template":"","format":"standard","meta":{"footnotes":""},"categories":[8],"tags":[58,59,3109,1011,27,1404,71],"class_list":{"0":"post-78763","1":"post","2":"type-post","3":"status-publish","4":"format-standard","5":"has-post-thumbnail","7":"category-divertissement","8":"tag-divertissement","9":"tag-entertainment","10":"tag-florent-pagny","11":"tag-fr","12":"tag-france","13":"tag-quotidien","14":"tag-sante"},"share_on_mastodon":{"url":"https:\/\/pubeurope.com\/@fr\/114459849934694314","error":""},"_links":{"self":[{"href":"https:\/\/www.europesays.com\/fr\/wp-json\/wp\/v2\/posts\/78763","targetHints":{"allow":["GET"]}}],"collection":[{"href":"https:\/\/www.europesays.com\/fr\/wp-json\/wp\/v2\/posts"}],"about":[{"href":"https:\/\/www.europesays.com\/fr\/wp-json\/wp\/v2\/types\/post"}],"author":[{"embeddable":true,"href":"https:\/\/www.europesays.com\/fr\/wp-json\/wp\/v2\/users\/2"}],"replies":[{"embeddable":true,"href":"https:\/\/www.europesays.com\/fr\/wp-json\/wp\/v2\/comments?post=78763"}],"version-history":[{"count":0,"href":"https:\/\/www.europesays.com\/fr\/wp-json\/wp\/v2\/posts\/78763\/revisions"}],"wp:featuredmedia":[{"embeddable":true,"href":"https:\/\/www.europesays.com\/fr\/wp-json\/wp\/v2\/media\/78764"}],"wp:attachment":[{"href":"https:\/\/www.europesays.com\/fr\/wp-json\/wp\/v2\/media?parent=78763"}],"wp:term":[{"taxonomy":"category","embeddable":true,"href":"https:\/\/www.europesays.com\/fr\/wp-json\/wp\/v2\/categories?post=78763"},{"taxonomy":"post_tag","embeddable":true,"href":"https:\/\/www.europesays.com\/fr\/wp-json\/wp\/v2\/tags?post=78763"}],"curies":[{"name":"wp","href":"https:\/\/api.w.org\/{rel}","templated":true}]}}