{"id":78767,"date":"2025-05-06T08:05:10","date_gmt":"2025-05-06T08:05:10","guid":{"rendered":"https:\/\/www.europesays.com\/fr\/78767\/"},"modified":"2025-05-06T08:05:10","modified_gmt":"2025-05-06T08:05:10","slug":"la-revelation-hybride-qui-defie-toyota-meme-puissance-meme-gabarit-mais-8-500-e-moins-cher-que-le-rav4","status":"publish","type":"post","link":"https:\/\/www.europesays.com\/fr\/78767\/","title":{"rendered":"La r\u00e9v\u00e9lation hybride qui d\u00e9fie Toyota : m\u00eame puissance, m\u00eame gabarit, mais 8 500 \u20ac moins cher que le RAV4"},"content":{"rendered":"<p><strong>Face \u00e0 une concurrence f\u00e9roce dans le segment des SUV familiaux, Nissan mise sur une technologie unique et une offre tarifaire muscl\u00e9e.<\/strong> En mai 2025, le <strong>Nissan X-Trail e-POWER<\/strong> b\u00e9n\u00e9ficie d\u2019une r\u00e9duction significative, de quoi susciter l\u2019int\u00e9r\u00eat des automobilistes fran\u00e7ais en qu\u00eate d\u2019un v\u00e9hicule spacieux, efficient et bien \u00e9quip\u00e9.<\/p>\n<p>Mais cette op\u00e9ration commerciale ne doit pas occulter les v\u00e9ritables atouts du mod\u00e8le. Car derri\u00e8re son style aff\u00fbt\u00e9 et ses 7 places se cache une <strong>hybridation non conventionnelle<\/strong>, qui fait du X-Trail un SUV \u00e0 part sur le march\u00e9. Avec un moteur thermique qui ne sert qu\u2019\u00e0 recharger la batterie, et une propulsion 100 % \u00e9lectrique, le X-Trail e-POWER promet <strong>le plaisir de conduite d\u2019un VE, sans recharge \u00e0 la borne<\/strong>.<\/p>\n<p>Un concept pens\u00e9 pour r\u00e9pondre aux besoins des familles modernes, entre autonomie maximale, confort de roulage et respect des zones \u00e0 faibles \u00e9missions. Et avec la <strong>remise actuelle de plus de 9 000 \u20ac<\/strong>, difficile de l\u2019ignorer.<\/p>\n<p><img fetchpriority=\"high\" decoding=\"async\" class=\"size-full wp-image-20932 webpexpress-processed\" src=\"data:image\/svg+xml,%3Csvg%20xmlns=\" http:=\"\" alt=\"Vue lat\u00e9rale du Nissan X-Trail e-POWER 2025 avec ligne robuste et jantes alliage\" width=\"1200\" height=\"675\" data-lazy- data-lazy- data-lazy-src=\"https:\/\/www.europesays.com\/fr\/wp-content\/uploads\/2025\/05\/nissan-x-trail-2025-02.jpg.webp.webp\"\/>Le profil du X-Trail 2025 illustre son ADN familial avec une silhouette haute, des arches de roues muscl\u00e9es et un design aff\u00fbt\u00e9 \u2013 \u00a9 Nissan<br \/>\nUne technologie hybride unique sur le march\u00e9<\/p>\n<p>Le Nissan X-Trail e-POWER n\u2019est pas un hybride comme les autres. Il adopte un <strong>syst\u00e8me de propulsion \u00e9lectrique aliment\u00e9 par un moteur thermique<\/strong> qui agit uniquement comme g\u00e9n\u00e9rateur. En clair, les roues sont toujours entra\u00een\u00e9es par un <strong>moteur \u00e9lectrique<\/strong>, garantissant une r\u00e9ponse imm\u00e9diate \u00e0 l\u2019acc\u00e9l\u00e9ration, une conduite douce et silencieuse, typique des v\u00e9hicules 100 % \u00e9lectriques.<\/p>\n<blockquote class=\"wp-embedded-content\" data-secret=\"rhyuLCagxJ\">\n<p><a href=\"https:\/\/www.passionandcar.fr\/2025\/05\/06\/375-ch-et-aptitudes-tout-terrain-exceptionnelles-le-compromis-parfait-existe-enfin-pour-les-amateurs-daventure\/\" target=\"_blank\" rel=\"noopener\">375 ch et aptitudes tout-terrain exceptionnelles : le compromis parfait existe enfin pour les amateurs d\u2019aventure<\/a><\/p>\n<\/blockquote>\n<p>Ce syst\u00e8me pr\u00e9sente un <strong>avantage majeur<\/strong> : il n\u2019a pas besoin d\u2019\u00eatre branch\u00e9. Contrairement aux hybrides rechargeables, il est <strong>id\u00e9al pour les utilisateurs qui ne disposent pas d\u2019une borne \u00e0 domicile<\/strong> mais souhaitent une conduite \u00e9lectrique en ville. \u00c0 cela s\u2019ajoute une <strong>version e-4ORCE \u00e0 transmission int\u00e9grale<\/strong>, avec deux moteurs \u00e9lectriques, pour une motricit\u00e9 optimale par tous les temps.<\/p>\n<p><img loading=\"lazy\" decoding=\"async\" class=\"size-full wp-image-20934 webpexpress-processed\" src=\"data:image\/svg+xml,%3Csvg%20xmlns=\" http:=\"\" alt=\"Int\u00e9rieur conducteur du X-Trail e-POWER avec instrumentation num\u00e9rique et \u00e9cran central\" width=\"1200\" height=\"800\" data-lazy- data-lazy- data-lazy-src=\"https:\/\/www.europesays.com\/fr\/wp-content\/uploads\/2025\/05\/nissan-x-trail-2025-03.jpg.webp.webp\"\/>L\u2019habitacle du X-Trail se veut moderne et confortable, avec un combin\u00e9 num\u00e9rique complet et une console centrale intuitive \u2013 \u00a9 Nissan<br \/>\nUne offre commerciale agressive pour le mois de mai<\/p>\n<p>En mai 2025, Nissan propose le <strong>X-Trail e-POWER avec une remise d\u00e9passant les 9 000 \u20ac<\/strong>, ramenant le prix d\u2019entr\u00e9e \u00e0 environ <strong>36 800 \u20ac<\/strong> pour une configuration 5 places bien \u00e9quip\u00e9e. Pour les versions 7 places ou \u00e0 transmission int\u00e9grale, les tarifs remontent l\u00e9g\u00e8rement, mais restent comp\u00e9titifs face \u00e0 des concurrents comme le Toyota RAV4 Hybride ou le Peugeot 5008 mild-hybrid.<\/p>\n<p>Cette op\u00e9ration inclut aussi <strong>un financement \u00e0 taux pr\u00e9f\u00e9rentiel<\/strong> et des services comme la garantie prolong\u00e9e ou l\u2019entretien offert pendant 3 ans. Une mani\u00e8re de <strong>renforcer l\u2019attractivit\u00e9 d\u2019un SUV technologique<\/strong>, dans un march\u00e9 tr\u00e8s sensible au rapport prix\/\u00e9quipements.<\/p>\n<p><img loading=\"lazy\" decoding=\"async\" class=\"size-full wp-image-20935 webpexpress-processed\" src=\"data:image\/svg+xml,%3Csvg%20xmlns=\" http:=\"\" alt=\"Avant du Nissan X-Trail e-POWER avec calandre en V et feux LED\" width=\"1200\" height=\"675\" data-lazy- data-lazy- data-lazy-src=\"https:\/\/www.europesays.com\/fr\/wp-content\/uploads\/2025\/05\/nissan-x-trail-2025-01.jpg.webp.webp\"\/>La face avant du X-Trail reste fid\u00e8le \u00e0 l\u2019identit\u00e9 Nissan avec sa calandre en V marqu\u00e9e et une signature lumineuse distinctive \u2013 \u00a9 Nissan<br \/>\nUn SUV familial pens\u00e9 pour la polyvalence<\/p>\n<p>Le X-Trail conserve ce qui a toujours fait son succ\u00e8s : <strong>de la place, du confort et de la praticit\u00e9<\/strong>. Disponible en <strong>5 ou 7 places<\/strong>, il s\u2019adresse aux familles nombreuses comme aux professionnels \u00e0 la recherche d\u2019un v\u00e9hicule polyvalent. Le coffre est spacieux, les si\u00e8ges coulissent, les mat\u00e9riaux sont soign\u00e9s, et l\u2019<strong>interface multim\u00e9dia de 12,3 pouces<\/strong> int\u00e8gre les derni\u00e8res fonctionnalit\u00e9s connect\u00e9es.<\/p>\n<blockquote class=\"wp-embedded-content\" data-secret=\"tdQf4Gtf9w\">\n<p><a href=\"https:\/\/www.passionandcar.fr\/2025\/05\/05\/le-monospace-electrique-qui-reconcilie-familles-nombreuses-et-zero-emission-340-km-sans-compromis\/\" target=\"_blank\" rel=\"noopener\">Le monospace \u00e9lectrique qui r\u00e9concilie familles nombreuses et z\u00e9ro \u00e9mission : 340 km sans compromis<\/a><\/p>\n<\/blockquote>\n<p>Nissan a aussi mis\u00e9 sur la s\u00e9curit\u00e9 avec le <strong>pack ProPILOT<\/strong>, comprenant un r\u00e9gulateur de vitesse intelligent, une aide au maintien dans la voie et un syst\u00e8me de freinage d\u2019urgence autonome. \u00c0 cela s\u2019ajoute la technologie <strong>e-Pedal Step<\/strong>, permettant de moduler la vitesse avec la seule p\u00e9dale d\u2019acc\u00e9l\u00e9rateur, comme sur une voiture 100 % \u00e9lectrique.<\/p>\n<p><img loading=\"lazy\" decoding=\"async\" class=\"size-full wp-image-20936 webpexpress-processed\" src=\"data:image\/svg+xml,%3Csvg%20xmlns=\" http:=\"\" alt=\"Arri\u00e8re du Nissan X-Trail e-POWER 2025 avec feux LED horizontaux\" width=\"1200\" height=\"675\" data-lazy- data-lazy- data-lazy-src=\"https:\/\/www.europesays.com\/fr\/wp-content\/uploads\/2025\/05\/nissan-x-trail-2025-04.jpg.webp.webp\"\/>\u00c0 l\u2019arri\u00e8re, le X-Trail affiche une largeur visuelle renforc\u00e9e par les feux LED horizontaux et un hayon sculpt\u00e9 \u2013 \u00a9 Nissan<br \/>\nUn choix malin face \u00e0 l\u2019\u00e9lectrification forc\u00e9e<\/p>\n<p>Dans un contexte o\u00f9 les ZFE s\u2019imposent dans les grandes villes fran\u00e7aises, le Nissan X-Trail e-POWER constitue une <strong>alternative cr\u00e9dible \u00e0 l\u2019\u00e9lectrique pur<\/strong>. Il permet de rouler en mode \u00e9lectrique en ville, tout en \u00e9vitant les contraintes de recharge. Son <strong>\u00e9tiquette Crit\u2019Air 1<\/strong> lui assure une compatibilit\u00e9 totale avec les zones \u00e0 faibles \u00e9missions, sans compromis sur l\u2019autonomie.<\/p>\n<p>En cumulant <strong>technologie innovante, confort familial et offre tarifaire temporaire<\/strong>, le X-Trail e-POWER 2025 s\u2019impose comme une solution r\u00e9aliste pour ceux qui veulent le meilleur des deux mondes : <strong>la libert\u00e9 thermique, la conduite \u00e9lectrique<\/strong><\/p>\n","protected":false},"excerpt":{"rendered":"Face \u00e0 une concurrence f\u00e9roce dans le segment des SUV familiaux, Nissan mise sur une technologie unique et&hellip;\n","protected":false},"author":2,"featured_media":78768,"comment_status":"","ping_status":"","sticky":false,"template":"","format":"standard","meta":{"footnotes":""},"categories":[6],"tags":[35,33,34,1011,27,2657],"class_list":{"0":"post-78767","1":"post","2":"type-post","3":"status-publish","4":"format-standard","5":"has-post-thumbnail","7":"category-economie","8":"tag-business","9":"tag-economie","10":"tag-economy","11":"tag-fr","12":"tag-france","13":"tag-nissan"},"share_on_mastodon":{"url":"https:\/\/pubeurope.com\/@fr\/114459857869975866","error":""},"_links":{"self":[{"href":"https:\/\/www.europesays.com\/fr\/wp-json\/wp\/v2\/posts\/78767","targetHints":{"allow":["GET"]}}],"collection":[{"href":"https:\/\/www.europesays.com\/fr\/wp-json\/wp\/v2\/posts"}],"about":[{"href":"https:\/\/www.europesays.com\/fr\/wp-json\/wp\/v2\/types\/post"}],"author":[{"embeddable":true,"href":"https:\/\/www.europesays.com\/fr\/wp-json\/wp\/v2\/users\/2"}],"replies":[{"embeddable":true,"href":"https:\/\/www.europesays.com\/fr\/wp-json\/wp\/v2\/comments?post=78767"}],"version-history":[{"count":0,"href":"https:\/\/www.europesays.com\/fr\/wp-json\/wp\/v2\/posts\/78767\/revisions"}],"wp:featuredmedia":[{"embeddable":true,"href":"https:\/\/www.europesays.com\/fr\/wp-json\/wp\/v2\/media\/78768"}],"wp:attachment":[{"href":"https:\/\/www.europesays.com\/fr\/wp-json\/wp\/v2\/media?parent=78767"}],"wp:term":[{"taxonomy":"category","embeddable":true,"href":"https:\/\/www.europesays.com\/fr\/wp-json\/wp\/v2\/categories?post=78767"},{"taxonomy":"post_tag","embeddable":true,"href":"https:\/\/www.europesays.com\/fr\/wp-json\/wp\/v2\/tags?post=78767"}],"curies":[{"name":"wp","href":"https:\/\/api.w.org\/{rel}","templated":true}]}}