{"id":78800,"date":"2025-05-06T08:22:11","date_gmt":"2025-05-06T08:22:11","guid":{"rendered":"https:\/\/www.europesays.com\/fr\/78800\/"},"modified":"2025-05-06T08:22:11","modified_gmt":"2025-05-06T08:22:11","slug":"les-gardes-a-vue-des-3-suspects-prolongees","status":"publish","type":"post","link":"https:\/\/www.europesays.com\/fr\/78800\/","title":{"rendered":"les gardes \u00e0 vue des 3 suspects prolong\u00e9es"},"content":{"rendered":"<p>La fusillade a eu lieu samedi dans le quartier populaire de Villejean. Les trois victimes, des mineurs \u00e2g\u00e9s de 16 \u00e0 17 ans, ont \u00e9t\u00e9 hospitalis\u00e9es.<\/p>\n<p class=\"fig-paragraph\">Les gardes \u00e0 vue des trois hommes suspect\u00e9s d&rsquo;avoir tir\u00e9 \u00e0 l&rsquo;arme automatique \u00e0\u00a0<a href=\"http:\/\/www.lefigaro.fr\/faits-divers\/rennes-deux-hommes-blesses-par-balles-au-cours-d-une-fusillade-trois-interpellations-20250503\" data-fig-type=\"NewsFlash\" data-gtm-custom-categorie=\"navigation\" data-gtm-custom-action=\"crossclick\" data-gtm-custom-label=\"Contextuel\" data-gtm-event=\"customEventSPE\" data-fig-domain=\"LEFIGARO\" target=\"_blank\" rel=\"noopener\">Rennes\u00a0<\/a>ce samedi faisant trois bless\u00e9s a \u00e9t\u00e9 prolong\u00e9e ce lundi soir, a indiqu\u00e9 ce mardi le parquet de la capitale bretonne. \u00abLe juge des libert\u00e9s et de la d\u00e9tention (JLD) a bien prolong\u00e9 les gardes \u00e0 vue hier soir. Le d\u00e9ferrement au palais de justice devrait avoir lieu demain (mercredi) apr\u00e8s-midi\u00bb, a indiqu\u00e9 \u00e0 l&rsquo;AFP Fr\u00e9d\u00e9ric Teillet, procureur de la R\u00e9publique de Rennes.<\/p>\n<p class=\"fig-paragraph\">Ce samedi en d\u00e9but de soir\u00e9e, dans le quartier populaire et anim\u00e9 de Villejean, \u00abun groupe d&rsquo;hommes arriv\u00e9s dans un v\u00e9hicule en descendent munis d&rsquo;au moins une arme automatique, et font feu sur un groupe d&rsquo;individus pr\u00e9sent sur place\u00bb, selon un communiqu\u00e9 du magistrat transmis ce dimanche.<\/p>\n<p class=\"fig-body-link\">\n            \u00c0 lire aussi<br \/>\n        <a class=\"fig-body-link__link\" href=\"http:\/\/www.lefigaro.fr\/flash-actu\/rennes-trois-personnes-blessees-par-balle-20250417\" data-fig-type=\"NewsFlash\" data-gtm-custom-categorie=\"navigation\" data-gtm-custom-action=\"crossclick\" data-gtm-custom-label=\"Contextuel\" data-gtm-event=\"customEventSPE\" data-fig-domain=\"LEFIGARO\" target=\"_blank\" rel=\"noopener\">Fusillade \u00e0 Rennes sur un point de deal\u00a0: quatre bless\u00e9s et quatre individus en garde \u00e0 vue<br \/>\n    <\/a>\n<\/p>\n<p>\u00abDes impacts constat\u00e9s sur trois v\u00e9hicules\u00bb<\/p>\n<p class=\"fig-paragraph\">Une dizaine de coups de feu ont \u00e9t\u00e9 tir\u00e9s, blessant deux personnes aux jambes. Un troisi\u00e8me individu est frapp\u00e9 par plusieurs assaillants, d&rsquo;apr\u00e8s la m\u00eame source. Les trois victimes, des mineurs \u00e2g\u00e9s de 16 \u00e0 17 ans, ont \u00e9t\u00e9 hospitalis\u00e9es. Les deux bless\u00e9s par balles ont subi une intervention chirurgicale, sans que leur pronostic vital ne soit engag\u00e9, tandis que le troisi\u00e8me a pu rapidement sortir de\u00a0<a href=\"https:\/\/www.lefigaro.fr\/sciences\/des-oeuvres-d-art-contemporain-a-l-hopital-pour-apaiser-les-malades-20250426\" target=\"_blank\" data-fig-type=\"Article\" rel=\"noopener\" data-gtm-custom-categorie=\"navigation\" data-gtm-custom-action=\"crossclick\" data-gtm-custom-label=\"Contextuel\" data-gtm-event=\"customEventSPE\" data-fig-domain=\"LEFIGARO\">l&rsquo;h\u00f4pital<\/a>.<\/p>\n<p class=\"fig-paragraph\">Les trois suspects de l&rsquo;agression, \u00e2g\u00e9s de 19 \u00e0 21 ans, ont \u00e9t\u00e9 arr\u00eat\u00e9s ce samedi \u00e0 Saint-Gr\u00e9goire, commune proche de Rennes, puis plac\u00e9s en garde \u00e0 vue. Preuve de l&rsquo;intensit\u00e9 des tirs \u00e0 Villejean, \u00absur les lieux des faits, ont \u00e9t\u00e9 constat\u00e9s des impacts sur trois v\u00e9hicules et un autre dans un appartement inoccup\u00e9. L&rsquo;arme probablement utilis\u00e9e, de type<a href=\"http:\/\/www.lefigaro.fr\/actualite-france\/des-balkans-a-paris-en-passant-par-bruxelles-ce-tentaculaire-trafic-de-kalachnikovs-qui-equipent-desormais-les-petits-delinquants-20250205\" target=\"_blank\" data-fig-type=\"Article\" rel=\"noopener\" data-gtm-custom-categorie=\"navigation\" data-gtm-custom-action=\"crossclick\" data-gtm-custom-label=\"Contextuel\" data-gtm-event=\"customEventSPE\" data-fig-domain=\"LEFIGARO\">\u00a0kalachnikov<\/a> , a \u00e9t\u00e9 retrouv\u00e9e sur l&rsquo;itin\u00e9raire de fuite\u00bb, avait pr\u00e9cis\u00e9 le procureur. Le parquet JIRS de Rennes, sp\u00e9cialis\u00e9 dans la criminalit\u00e9 organis\u00e9e, s&rsquo;est saisi de l&rsquo;enqu\u00eate.<\/p>\n","protected":false},"excerpt":{"rendered":"La fusillade a eu lieu samedi dans le quartier populaire de Villejean. Les trois victimes, des mineurs \u00e2g\u00e9s&hellip;\n","protected":false},"author":2,"featured_media":78801,"comment_status":"","ping_status":"","sticky":false,"template":"","format":"standard","meta":{"footnotes":""},"categories":[2821],"tags":[119,1111,11,3694,829,271,2951,3695,1777,674,3696,118,1011,27,3832,7774,2825,1253,303,12,1072,2694,584,25,2949],"class_list":{"0":"post-78800","1":"post","2":"type-post","3":"status-publish","4":"format-standard","5":"has-post-thumbnail","7":"category-rennes","8":"tag-accident","9":"tag-actu","10":"tag-actualites","11":"tag-affaires","12":"tag-bretagne","13":"tag-crime","14":"tag-criminalite","15":"tag-enquetes","16":"tag-eu","17":"tag-europe","18":"tag-evenements","19":"tag-faits-divers","20":"tag-fr","21":"tag-france","22":"tag-fusillade","23":"tag-garde-a-vue","24":"tag-insecurite","25":"tag-islamisme","26":"tag-justice","27":"tag-news","28":"tag-police","29":"tag-proces","30":"tag-rennes","31":"tag-republique-francaise","32":"tag-violences"},"share_on_mastodon":{"url":"https:\/\/pubeurope.com\/@fr\/114459924468798091","error":""},"_links":{"self":[{"href":"https:\/\/www.europesays.com\/fr\/wp-json\/wp\/v2\/posts\/78800","targetHints":{"allow":["GET"]}}],"collection":[{"href":"https:\/\/www.europesays.com\/fr\/wp-json\/wp\/v2\/posts"}],"about":[{"href":"https:\/\/www.europesays.com\/fr\/wp-json\/wp\/v2\/types\/post"}],"author":[{"embeddable":true,"href":"https:\/\/www.europesays.com\/fr\/wp-json\/wp\/v2\/users\/2"}],"replies":[{"embeddable":true,"href":"https:\/\/www.europesays.com\/fr\/wp-json\/wp\/v2\/comments?post=78800"}],"version-history":[{"count":0,"href":"https:\/\/www.europesays.com\/fr\/wp-json\/wp\/v2\/posts\/78800\/revisions"}],"wp:featuredmedia":[{"embeddable":true,"href":"https:\/\/www.europesays.com\/fr\/wp-json\/wp\/v2\/media\/78801"}],"wp:attachment":[{"href":"https:\/\/www.europesays.com\/fr\/wp-json\/wp\/v2\/media?parent=78800"}],"wp:term":[{"taxonomy":"category","embeddable":true,"href":"https:\/\/www.europesays.com\/fr\/wp-json\/wp\/v2\/categories?post=78800"},{"taxonomy":"post_tag","embeddable":true,"href":"https:\/\/www.europesays.com\/fr\/wp-json\/wp\/v2\/tags?post=78800"}],"curies":[{"name":"wp","href":"https:\/\/api.w.org\/{rel}","templated":true}]}}