{"id":78806,"date":"2025-05-06T08:25:10","date_gmt":"2025-05-06T08:25:10","guid":{"rendered":"https:\/\/www.europesays.com\/fr\/78806\/"},"modified":"2025-05-06T08:25:10","modified_gmt":"2025-05-06T08:25:10","slug":"importante-operation-de-securite-a-nice-est-et-dans-les-communes-voisines","status":"publish","type":"post","link":"https:\/\/www.europesays.com\/fr\/78806\/","title":{"rendered":"Importante op\u00e9ration de s\u00e9curit\u00e9 \u00e0 Nice-Est et dans les communes voisines : (\u2026)"},"content":{"rendered":"<p>                    <img loading=\"lazy\" decoding=\"async\" src=\"https:\/\/www.europesays.com\/fr\/wp-content\/uploads\/2025\/05\/16bf68d44d3069a5241984eeb5712b.png\" class=\"img-responsive post-image\" width=\"680\" height=\"510\" alt=\"Importante op\u00e9ration (\u2026)\" title=\"Importante op\u00e9ration de s\u00e9curit\u00e9 \u00e0 Nice-Est et dans les communes voisines : 214 infractions relev\u00e9es, 18 gardes \u00e0 vue\"\/><\/p>\n<p class=\"chapo\">Du 28 au 30 avril 2025, une vaste op\u00e9ration de contr\u00f4le a \u00e9t\u00e9 men\u00e9e sur le secteur de Nice-Est ainsi que dans les communes de La Trinit\u00e9, Drap, Cantaron et Saint-Andr\u00e9 de la Roche.<\/p>\n<p>Dans un communiqu\u00e9 ce 6 mai, <strong>Damien Martinelli, <\/strong> procureur de la R\u00e9publique et <strong>Aur\u00e9lie Lebourgeois <\/strong> directrice de cabinet d\u00e9taillent que, sous double autorit\u00e9 administrative et judiciaire, 22 op\u00e9rations ont mobilis\u00e9 282 policiers (DIPN 06) et 220 gendarmes (GGD 06), avec le soutien des douanes, de l\u2019OFB, de la police municipale, des CRS et d\u2019agents de la r\u00e9gie Lignes d\u2019Azur. Ces op\u00e9rations ont principalement vis\u00e9 les axes li\u00e9s aux trafics de stup\u00e9fiants, impliquant le contr\u00f4le de 1 134 personnes et 1 023 v\u00e9hicules, ainsi que de commerces et d\u2019immeubles. Des \u00e9quipes cynophiles ont \u00e9t\u00e9 mobilis\u00e9es.<\/p>\n<p>Au total, 214 infractions ont \u00e9t\u00e9 constat\u00e9es, dont de nombreuses pour usage ou conduite sous l\u2019emprise de stup\u00e9fiants. Dix-huit personnes ont \u00e9t\u00e9 plac\u00e9es en garde \u00e0 vue, notamment dans le cadre du d\u00e9mant\u00e8lement d\u2019une plantation de 212 pieds de cannabis par le GGD 06.<br class=\"texte\"\/><br \/>\nLes autorit\u00e9s ont \u00e9galement saisi 23 300 euros. Une partie de cette somme (8 000 euros) a \u00e9t\u00e9 appr\u00e9hend\u00e9e en application d\u2019une nouvelle convention sign\u00e9e le 7 avril 2025 avec les finances publiques, facilitant la r\u00e9cup\u00e9ration de cr\u00e9ances fiscales.<br class=\"autobr\"\/><br \/>\nCes op\u00e9rations s\u2019inscrivent dans la continuit\u00e9 des actions quotidiennes contre la d\u00e9linquance et la criminalit\u00e9 organis\u00e9e, men\u00e9es par les forces de l\u2019ordre et les services judiciaires du d\u00e9partement.<\/p>\n<p>Visuel de Une\u00a0: illustration \u00a9DR<\/p>\n","protected":false},"excerpt":{"rendered":"Du 28 au 30 avril 2025, une vaste op\u00e9ration de contr\u00f4le a \u00e9t\u00e9 men\u00e9e sur le secteur de&hellip;\n","protected":false},"author":2,"featured_media":78807,"comment_status":"","ping_status":"","sticky":false,"template":"","format":"standard","meta":{"footnotes":""},"categories":[2819],"tags":[1111,11,2408,1777,674,1011,27,12,2401,882,25],"class_list":{"0":"post-78806","1":"post","2":"type-post","3":"status-publish","4":"format-standard","5":"has-post-thumbnail","7":"category-nice","8":"tag-actu","9":"tag-actualites","10":"tag-appels-d","11":"tag-eu","12":"tag-europe","13":"tag-fr","14":"tag-france","15":"tag-news","16":"tag-nice","17":"tag-provence-alpes-cote-dazur","18":"tag-republique-francaise"},"share_on_mastodon":{"url":"https:\/\/pubeurope.com\/@fr\/114459936333302735","error":""},"_links":{"self":[{"href":"https:\/\/www.europesays.com\/fr\/wp-json\/wp\/v2\/posts\/78806","targetHints":{"allow":["GET"]}}],"collection":[{"href":"https:\/\/www.europesays.com\/fr\/wp-json\/wp\/v2\/posts"}],"about":[{"href":"https:\/\/www.europesays.com\/fr\/wp-json\/wp\/v2\/types\/post"}],"author":[{"embeddable":true,"href":"https:\/\/www.europesays.com\/fr\/wp-json\/wp\/v2\/users\/2"}],"replies":[{"embeddable":true,"href":"https:\/\/www.europesays.com\/fr\/wp-json\/wp\/v2\/comments?post=78806"}],"version-history":[{"count":0,"href":"https:\/\/www.europesays.com\/fr\/wp-json\/wp\/v2\/posts\/78806\/revisions"}],"wp:featuredmedia":[{"embeddable":true,"href":"https:\/\/www.europesays.com\/fr\/wp-json\/wp\/v2\/media\/78807"}],"wp:attachment":[{"href":"https:\/\/www.europesays.com\/fr\/wp-json\/wp\/v2\/media?parent=78806"}],"wp:term":[{"taxonomy":"category","embeddable":true,"href":"https:\/\/www.europesays.com\/fr\/wp-json\/wp\/v2\/categories?post=78806"},{"taxonomy":"post_tag","embeddable":true,"href":"https:\/\/www.europesays.com\/fr\/wp-json\/wp\/v2\/tags?post=78806"}],"curies":[{"name":"wp","href":"https:\/\/api.w.org\/{rel}","templated":true}]}}