{"id":78810,"date":"2025-05-06T08:27:16","date_gmt":"2025-05-06T08:27:16","guid":{"rendered":"https:\/\/www.europesays.com\/fr\/78810\/"},"modified":"2025-05-06T08:27:16","modified_gmt":"2025-05-06T08:27:16","slug":"sos-medecins-a-nantes-des-patients-plus-lourds-a-prendre-en-charge","status":"publish","type":"post","link":"https:\/\/www.europesays.com\/fr\/78810\/","title":{"rendered":"SOS m\u00e9decins \u00e0 Nantes\u00a0: des patients plus lourds \u00e0 prendre en charge"},"content":{"rendered":"<p>SOS m\u00e9decins fait partie du paysage nantais. L\u2019association de quarante-six\u00a0m\u00e9decins lib\u00e9raux assure, 24\u00a0heures sur 24 et 365\u00a0jours sur 365, la prise en charge des urgences non vitales et la permanence de soins, dans les quinze\u00a0plus grosses\u00a0communes de l\u2019agglom\u00e9ration (1).<\/p>\n<p>En 2024, son centre de r\u00e9gulation, autofinanc\u00e9, a\u00a0re\u00e7u <strong>\u00ab\u00a0pr\u00e8s de 240\u00a0000\u00a0appels\u00a0\u00bb,<\/strong> d\u00e9voile son pr\u00e9sident, Fr\u00e9d\u00e9ric Massard. Consid\u00e9rable. Cela repr\u00e9sente 20\u00a0000\u00a0appels par mois, un chiffre en augmentation par rapport aux autres ann\u00e9es. <strong>\u00ab\u00a0160\u00a0000\u00a0de ces appels ont d\u00e9bouch\u00e9 sur une prise en charge par un m\u00e9decin de SOS\u00a0: 70\u00a0000\u00a0visites \u00e0 domicile et 90\u00a0000\u00a0consultations en cabinet.\u00a0\u00bb<\/strong><\/p>\n<p>Parfois, les habitants ont pu en faire l\u2019exp\u00e9rience, SOS ne peut intervenir dans un d\u00e9lai raisonnable. Il est alors impossible de joindre l\u2019op\u00e9rateur ou l\u2019op\u00e9ratrice. C\u2019est un r\u00e9pondeur qui invite \u00e0 appeler plus tard ou \u00e0 joindre le 15. La raison principale\u00a0? SOS m\u00e9decins intervient aussi sur sollicitation du Samu ou bien \u00e0 la demande d\u2019\u00e9tablissements m\u00e9dico-sociaux, notamment les maisons de retraite, avec lesquelles elle a pass\u00e9 des conventions.<\/p>\n<p>Plus de consultations en cabinets<\/p>\n<p><strong>\u00ab\u00a0Mais 55\u00a0% de notre activit\u00e9 se fait toujours \u00e0 la demande directe des particuliers. Leur r\u00e9pondre en direct doit demeurer\u00a0notre c\u0153ur de m\u00e9tier\u00a0\u00bb,<\/strong> insiste Fr\u00e9d\u00e9ric Massard.<\/p>\n<p><strong>Lire aussi\u00a0: <\/strong> <a href=\"https:\/\/nantes.maville.com\/actu\/actudet_-sos-medecins-la-consultation-a-domicile-notre-adn-_52716-4846665_actu.Htm\" target=\"_blank\" rel=\"noopener\">SOS m\u00e9decins, \u00ab\u00a0la consultation \u00e0 domicile, notre ADN\u00a0\u00bb<\/a><\/p>\n<p>La part des consultations dans un des deux cabinets de SOS (\u00e0 Rez\u00e9 ou \u00e0 Nantes) augmente. L\u2019association devra-t-elle un jour ouvrir un troisi\u00e8me cabinet dans la r\u00e9gion nantaise\u00a0? \u00ab<strong>\u00a0On se pose la question\u00a0\u00bb,<\/strong> r\u00e9pond son pr\u00e9sident.<\/p>\n<p>Pour cela, il faudra attirer de nouveaux docteurs. <strong>\u00ab\u00a0Pour ce faire, les rempla\u00e7ants chez SOS, qui auparavant se concentraient sur les visites, peuvent aussi se lancer dans la consultation.\u00a0\u00bb<\/strong><\/p>\n<p>Les visites restent\u00a0toutefois importantes, en particulier la nuit. \u00ab<strong>\u00a0Chaque visite nous r\u00e9clame plus de temps qu\u2019avant, car les pathologies sont plus compliqu\u00e9es. \u00c0 domicile, les profils des patients sont plus \u00e2g\u00e9s.\u00a0Alors qu\u2019il y a dix ans, on pouvait faire jusqu\u2019\u00e0 vingt\u00a0visites dans une journ\u00e9e, aujourd\u2019hui on n\u2019en fait que quatorze, en moyenne.\u00a0\u00bb<\/strong><\/p>\n<p>Autre constatation, la part de la psychiatrie augmente l\u00e9g\u00e8rement, <strong>\u00ab\u00a0m\u00eame si, on a toujours fait cette pratique\u00a0\u00bb.<\/strong><\/p>\n<p>(1) La zone de SOS m\u00e9decins Nantes couvre quinze\u00a0communes sur vingt-quatre, soit plus de 90\u00a0% de la population de Nantes m\u00e9tropole, \u00e0 savoir\u00a0: Nantes, Saint-Herblain, Indre, Orvault, Sautron, La Chapelle-sur-Erdre, Carquefou, Sainte-Luce\u00a0et Thouar\u00e9-sur-Loire ainsi que Rez\u00e9, Les Sorini\u00e8res, Bouguenais, Saint-S\u00e9bastien-sur-Loire, Vertou, Basse-Goulaine.<\/p>\n<p>\u00a0<\/p>\n","protected":false},"excerpt":{"rendered":"SOS m\u00e9decins fait partie du paysage nantais. L\u2019association de quarante-six\u00a0m\u00e9decins lib\u00e9raux assure, 24\u00a0heures sur 24 et 365\u00a0jours sur&hellip;\n","protected":false},"author":2,"featured_media":78811,"comment_status":"","ping_status":"","sticky":false,"template":"","format":"standard","meta":{"footnotes":""},"categories":[2818],"tags":[1111,11,17070,1777,674,1011,27,18501,2673,766,12,18500,2636,4571,25,12781],"class_list":{"0":"post-78810","1":"post","2":"type-post","3":"status-publish","4":"format-standard","5":"has-post-thumbnail","7":"category-nantes","8":"tag-actu","9":"tag-actualites","10":"tag-charge","11":"tag-eu","12":"tag-europe","13":"tag-fr","14":"tag-france","15":"tag-lourds","16":"tag-medecins","17":"tag-nantes","18":"tag-news","19":"tag-patients","20":"tag-pays-de-la-loire","21":"tag-prendre","22":"tag-republique-francaise","23":"tag-sos"},"share_on_mastodon":{"url":"https:\/\/pubeurope.com\/@fr\/114459944152756257","error":""},"_links":{"self":[{"href":"https:\/\/www.europesays.com\/fr\/wp-json\/wp\/v2\/posts\/78810","targetHints":{"allow":["GET"]}}],"collection":[{"href":"https:\/\/www.europesays.com\/fr\/wp-json\/wp\/v2\/posts"}],"about":[{"href":"https:\/\/www.europesays.com\/fr\/wp-json\/wp\/v2\/types\/post"}],"author":[{"embeddable":true,"href":"https:\/\/www.europesays.com\/fr\/wp-json\/wp\/v2\/users\/2"}],"replies":[{"embeddable":true,"href":"https:\/\/www.europesays.com\/fr\/wp-json\/wp\/v2\/comments?post=78810"}],"version-history":[{"count":0,"href":"https:\/\/www.europesays.com\/fr\/wp-json\/wp\/v2\/posts\/78810\/revisions"}],"wp:featuredmedia":[{"embeddable":true,"href":"https:\/\/www.europesays.com\/fr\/wp-json\/wp\/v2\/media\/78811"}],"wp:attachment":[{"href":"https:\/\/www.europesays.com\/fr\/wp-json\/wp\/v2\/media?parent=78810"}],"wp:term":[{"taxonomy":"category","embeddable":true,"href":"https:\/\/www.europesays.com\/fr\/wp-json\/wp\/v2\/categories?post=78810"},{"taxonomy":"post_tag","embeddable":true,"href":"https:\/\/www.europesays.com\/fr\/wp-json\/wp\/v2\/tags?post=78810"}],"curies":[{"name":"wp","href":"https:\/\/api.w.org\/{rel}","templated":true}]}}