{"id":78812,"date":"2025-05-06T08:28:09","date_gmt":"2025-05-06T08:28:09","guid":{"rendered":"https:\/\/www.europesays.com\/fr\/78812\/"},"modified":"2025-05-06T08:28:09","modified_gmt":"2025-05-06T08:28:09","slug":"une-information-judiciaire-ouverte-pour-assassinat","status":"publish","type":"post","link":"https:\/\/www.europesays.com\/fr\/78812\/","title":{"rendered":"une information judiciaire ouverte pour \u00abassassinat\u00bb"},"content":{"rendered":"<p>Le procureur de la R\u00e9publique de la cit\u00e9 des ducs a annonc\u00e9 mardi la saisine d\u2019un juge d\u2019instruction, sur le dossier du drame qui avait co\u00fbt\u00e9 la vie \u00e0 une lyc\u00e9enne, le 24 avril. Le principal suspect reste \u00e0 ce jour hospitalis\u00e9 \u00aben soins psychiatriques\u00bb.<\/p>\n<p class=\"fig-paragraph\">L\u2019enqu\u00eate progresse, deux semaines apr\u00e8s\u00a0<a href=\"http:\/\/www.lefigaro.fr\/actualite-france\/attaque-au-couteau-a-nantes-le-drame-relance-la-polemique-sur-la-securisation-des-etablissements-20250425\" target=\"_blank\" data-fig-type=\"Article\" rel=\"noopener\" data-gtm-custom-categorie=\"navigation\" data-gtm-custom-action=\"crossclick\" data-gtm-custom-label=\"Contextuel\" data-gtm-event=\"customEventSPE\" data-fig-domain=\"LEFIGARO\">l\u2019attaque au couteau qui a co\u00fbt\u00e9 la vie \u00e0 une adolescente de 15 ans<\/a>, dans un lyc\u00e9e de\u00a0<a href=\"https:\/\/www.lefigaro.fr\/nantes\" target=\"_blank\" data-fig-type=\"Section\" rel=\"noopener\" data-gtm-custom-categorie=\"navigation\" data-gtm-custom-action=\"crossclick\" data-gtm-custom-label=\"Contextuel\" data-gtm-event=\"customEventSPE\" data-fig-domain=\"LEFIGARO\">Nantes<\/a>\u00a0(Loire-Atlantique). Le parquet de la ville a annonc\u00e9, mardi 6 mai, l\u2019ouverture d\u2019une information judiciaire pour \u00abassassinat\u00bb, dans le cadre des investigations men\u00e9es sur le drame du 24 avril, au cours duquel un adolescent a tu\u00e9 une lyc\u00e9enne et bless\u00e9 trois autres lyc\u00e9ens.<\/p>\n<p class=\"fig-paragraph\">\u00abJe confirme (&#8230;) la saisine du juge d&rsquo;instruction de Nantes, le 30 avril 2025, des chefs d&rsquo;assassinat, tentative de meurtre et violences aggrav\u00e9es par trois circonstances, en l&rsquo;occurrence avec arme, au sein d&rsquo;un \u00e9tablissement scolaire et avec le visage dissimul\u00e9\u00bb, a indiqu\u00e9 \u00e0 la presse le procureur de la R\u00e9publique de Nantes, Antoine Leroy, pr\u00e9cisant que le mis en cause \u00e9tait \u00abtoujours en soins psychiatriques\u00bb. Le 24 avril, peu apr\u00e8s midi, un jeune gar\u00e7on de 16 ans, masqu\u00e9 et muni d&rsquo;un couteau de chasse d&rsquo;environ 20 cm, a tu\u00e9 une lyc\u00e9enne de 15 ans, en la frappant de 57 coups de couteau dans une salle du groupe scolaire de Notre-Dame-de-Toutes-Aides. Dans une autre salle, il a fait trois bless\u00e9s, deux gar\u00e7ons et une fille, \u00e2g\u00e9s de 15 \u00e0 16 ans.<\/p>\n<p>Possible pr\u00e9m\u00e9ditation<\/p>\n<p class=\"fig-paragraph\">Lors d&rsquo;une conf\u00e9rence de presse le 25 avril, le procureur avait indiqu\u00e9 qu&rsquo;\u00abaucun mobile\u00bb ne pouvait \u00eatre \u00e9voqu\u00e9 de \u00abfa\u00e7on certaine\u00bb. Le magistrat avait alors indiqu\u00e9 qu&rsquo;une enqu\u00eate pour \u00abmeurtre\u00bb \u00e9tait ouverte, n&rsquo;\u00e9cartant toutefois pas la possibilit\u00e9 que celle-ci \u00e9volue en \u00abassassinat\u00bb compte tenu \u00abdes \u00e9l\u00e9ments susceptibles de caract\u00e9riser une pr\u00e9m\u00e9ditation\u00bb.<\/p>\n<p class=\"fig-body-link\">\n            \u00c0 lire aussi<br \/>\n        <a class=\"fig-body-link__link fig-premium-mark\" href=\"http:\/\/www.lefigaro.fr\/nantes\/attaque-au-couteau-a-nantes-au-lendemain-du-drame-des-interrogations-sur-le-profil-du-tueur-20250425\" target=\"_blank\" data-fig-type=\"NewsFlash\" rel=\"noopener\" data-gtm-custom-categorie=\"navigation\" data-gtm-custom-action=\"crossclick\" data-gtm-custom-label=\"Contextuel\" data-gtm-event=\"customEventSPE\" data-fig-domain=\"LEFIGARO\">Drame \u00e0 Nantes\u00a0: le r\u00e9cit d\u2019une attaque \u00e0 la violence inou\u00efe<br \/>\n    <\/a>\n<\/p>\n<p class=\"fig-paragraph\">L&rsquo;intervention d&rsquo;un technicien en informatique qui a donn\u00e9 \u00abun coup de chaise dans le dos\u00bb de l&rsquo;agresseur a mis fin \u00e0 l&rsquo;attaque du lyc\u00e9en, qui a \u00e9t\u00e9 interpell\u00e9 quelques minutes plus tard par la police, plac\u00e9 en garde \u00e0 vue, puis hospitalis\u00e9 dans une unit\u00e9 psychiatrique.<\/p>\n<p class=\"fig-paragraph\">Le procureur a \u00e9galement d\u00e9crit la personnalit\u00e9 de l&rsquo;agresseur, pr\u00e9sent\u00e9 comme \u00abextr\u00eamement solitaire\u00bb avec peu d&rsquo;amis. Le jeune homme manifeste \u00abclairement une certaine fascination pour Hitler\u00bb, qui lui a valu une convocation avec sa m\u00e8re devant le sous-directeur du lyc\u00e9e la veille des vacances de P\u00e2ques. Les obs\u00e8ques de la jeune adolescente tu\u00e9e ont eu lieu le 2 mai dans l&rsquo;intimit\u00e9 familiale.<\/p>\n","protected":false},"excerpt":{"rendered":"Le procureur de la R\u00e9publique de la cit\u00e9 des ducs a annonc\u00e9 mardi la saisine d\u2019un juge d\u2019instruction,&hellip;\n","protected":false},"author":2,"featured_media":78813,"comment_status":"","ping_status":"","sticky":false,"template":"","format":"standard","meta":{"footnotes":""},"categories":[2818],"tags":[1111,11,6744,14118,1777,674,462,1011,27,2640,2642,766,2638,2643,2637,2639,2646,2645,2641,2635,2644,2647,12,2636,25],"class_list":{"0":"post-78812","1":"post","2":"type-post","3":"status-publish","4":"format-standard","5":"has-post-thumbnail","7":"category-nantes","8":"tag-actu","9":"tag-actualites","10":"tag-assassinat","11":"tag-attaque-au-couteau","12":"tag-eu","13":"tag-europe","14":"tag-fc-nantes","15":"tag-fr","16":"tag-france","17":"tag-hauts-paves-saint-felix","18":"tag-ile-de-nantes","19":"tag-nantes","20":"tag-nantes-bellevue-chantenay-sainte-anne","21":"tag-nantes-breil-barberie","22":"tag-nantes-centre-ville","23":"tag-nantes-dervallieres-zola","24":"tag-nantes-doulon-bottiere","25":"tag-nantes-erdre","26":"tag-nantes-malakoff-saint-donatien","27":"tag-nantes-metropole","28":"tag-nantes-nord","29":"tag-nantes-sud","30":"tag-news","31":"tag-pays-de-la-loire","32":"tag-republique-francaise"},"share_on_mastodon":{"url":"https:\/\/pubeurope.com\/@fr\/114459948285112699","error":""},"_links":{"self":[{"href":"https:\/\/www.europesays.com\/fr\/wp-json\/wp\/v2\/posts\/78812","targetHints":{"allow":["GET"]}}],"collection":[{"href":"https:\/\/www.europesays.com\/fr\/wp-json\/wp\/v2\/posts"}],"about":[{"href":"https:\/\/www.europesays.com\/fr\/wp-json\/wp\/v2\/types\/post"}],"author":[{"embeddable":true,"href":"https:\/\/www.europesays.com\/fr\/wp-json\/wp\/v2\/users\/2"}],"replies":[{"embeddable":true,"href":"https:\/\/www.europesays.com\/fr\/wp-json\/wp\/v2\/comments?post=78812"}],"version-history":[{"count":0,"href":"https:\/\/www.europesays.com\/fr\/wp-json\/wp\/v2\/posts\/78812\/revisions"}],"wp:featuredmedia":[{"embeddable":true,"href":"https:\/\/www.europesays.com\/fr\/wp-json\/wp\/v2\/media\/78813"}],"wp:attachment":[{"href":"https:\/\/www.europesays.com\/fr\/wp-json\/wp\/v2\/media?parent=78812"}],"wp:term":[{"taxonomy":"category","embeddable":true,"href":"https:\/\/www.europesays.com\/fr\/wp-json\/wp\/v2\/categories?post=78812"},{"taxonomy":"post_tag","embeddable":true,"href":"https:\/\/www.europesays.com\/fr\/wp-json\/wp\/v2\/tags?post=78812"}],"curies":[{"name":"wp","href":"https:\/\/api.w.org\/{rel}","templated":true}]}}