{"id":78816,"date":"2025-05-06T08:30:13","date_gmt":"2025-05-06T08:30:13","guid":{"rendered":"https:\/\/www.europesays.com\/fr\/78816\/"},"modified":"2025-05-06T08:30:13","modified_gmt":"2025-05-06T08:30:13","slug":"un-ecran-geant-a-bordeaux-pour-la-finale-contre-northampton","status":"publish","type":"post","link":"https:\/\/www.europesays.com\/fr\/78816\/","title":{"rendered":"un \u00e9cran g\u00e9ant \u00e0 Bordeaux pour la finale contre Northampton"},"content":{"rendered":"<p>Les supporters de l\u2019UBB qui n\u2019auront pas fait le voyage \u00e0 Cardiff, pourront se retrouver place des Quinconces le samedi 24 mai.<\/p>\n<p class=\"fig-paragraph\"><a href=\"https:\/\/lefigaro.fr\/sports\/rugby\/coupe-d-europe\/ubb-toulouse-lucu-et-jalibert-en-feu-des-gros-revanchards-ntamack-pas-classe-coups-de-coeur-et-coups-de-griffe-de-notre-envoye-special-20250505\" target=\"_blank\" rel=\"nofollow noopener\" data-gtm-custom-categorie=\"navigation\" data-gtm-custom-action=\"crossclick\" data-gtm-custom-label=\"Contextuel\" data-gtm-event=\"customEventSPE\">Vainqueur du tenant du titre toulousain dimanche<\/a>, l\u2019Union Bordeaux-B\u00e8gles disputera sa premi\u00e8re finale de Champions Cup,\u00a0<a href=\"http:\/\/www.lefigaro.fr\/sports\/rugby\/coupe-d-europe\/champions-cup-a-quelle-heure-et-sur-quelle-chaine-suivre-la-finale-ubb-northampton-20250505\" data-fig-type=\"NewsFlash\" data-gtm-custom-categorie=\"navigation\" data-gtm-custom-action=\"crossclick\" data-gtm-custom-label=\"Contextuel\" data-gtm-event=\"customEventSPE\" data-fig-domain=\"LEFIGARO\" target=\"_blank\" rel=\"noopener\">le 24 mai \u00e0 Cardiff<\/a>, face aux Anglais de Northampton, tombeurs, \u00e0 Dublin, du Leinster.<\/p>\n<p class=\"fig-paragraph\">Le maire de Bordeaux, Pierre Hurmic, a annonc\u00e9 d\u00e8s ce lundi qu\u2019un \u00e9cran g\u00e9ant serait install\u00e9 le samedi 24 mai pour permettre aux supporters de l\u2019UBB de suivre cette rencontre, dont le coup d\u2019envoi sera donn\u00e9 \u00e0 15h45. Une aubaine pour tous ceux qui n\u2019auront pas la chance de se rendre au pays de Galles.<\/p>\n<p class=\"fig-paragraph\"><strong>\u00c0 VOIR AUSSI &#8211; <\/strong>\u00ab\u00c7a fait du bien\u00bb, Harry Kane combl\u00e9 apr\u00e8s avoir remport\u00e9 son premier troph\u00e9e avec le FC Bayern Munich<\/p>\n<p>\u00a0\u00bb<br \/>\n        data-script=\u00a0\u00bbhttps:\/\/static.lefigaro.fr\/widget-video\/short-ttl\/dugout\/index.js\u00a0\u00bb<br \/>\n    &gt;<\/p>\n","protected":false},"excerpt":{"rendered":"Les supporters de l\u2019UBB qui n\u2019auront pas fait le voyage \u00e0 Cardiff, pourront se retrouver place des Quinconces&hellip;\n","protected":false},"author":2,"featured_media":78817,"comment_status":"","ping_status":"","sticky":false,"template":"","format":"standard","meta":{"footnotes":""},"categories":[2817],"tags":[1111,11,3463,1997,525,2211,3460,1089,814,1777,674,2396,1011,27,3462,955,2411,12,2219,3464,2311,25,1980,479,2259,2310,2312,4364],"class_list":{"0":"post-78816","1":"post","2":"type-post","3":"status-publish","4":"format-standard","5":"has-post-thumbnail","7":"category-bordeaux","8":"tag-actu","9":"tag-actualites","10":"tag-biarritz","11":"tag-bordeaux","12":"tag-calendrier","13":"tag-championnat-deurope","14":"tag-champions-cup","15":"tag-coupe-deurope","16":"tag-direct","17":"tag-eu","18":"tag-europe","19":"tag-finale","20":"tag-fr","21":"tag-france","22":"tag-leinster","23":"tag-match","24":"tag-munster","25":"tag-news","26":"tag-nouvelle-aquitaine","27":"tag-perpignan","28":"tag-racing","29":"tag-republique-francaise","30":"tag-resultats","31":"tag-rugby","32":"tag-score","33":"tag-toulon","34":"tag-toulouse","35":"tag-ubb"},"share_on_mastodon":{"url":"https:\/\/pubeurope.com\/@fr\/114459955923609071","error":""},"_links":{"self":[{"href":"https:\/\/www.europesays.com\/fr\/wp-json\/wp\/v2\/posts\/78816","targetHints":{"allow":["GET"]}}],"collection":[{"href":"https:\/\/www.europesays.com\/fr\/wp-json\/wp\/v2\/posts"}],"about":[{"href":"https:\/\/www.europesays.com\/fr\/wp-json\/wp\/v2\/types\/post"}],"author":[{"embeddable":true,"href":"https:\/\/www.europesays.com\/fr\/wp-json\/wp\/v2\/users\/2"}],"replies":[{"embeddable":true,"href":"https:\/\/www.europesays.com\/fr\/wp-json\/wp\/v2\/comments?post=78816"}],"version-history":[{"count":0,"href":"https:\/\/www.europesays.com\/fr\/wp-json\/wp\/v2\/posts\/78816\/revisions"}],"wp:featuredmedia":[{"embeddable":true,"href":"https:\/\/www.europesays.com\/fr\/wp-json\/wp\/v2\/media\/78817"}],"wp:attachment":[{"href":"https:\/\/www.europesays.com\/fr\/wp-json\/wp\/v2\/media?parent=78816"}],"wp:term":[{"taxonomy":"category","embeddable":true,"href":"https:\/\/www.europesays.com\/fr\/wp-json\/wp\/v2\/categories?post=78816"},{"taxonomy":"post_tag","embeddable":true,"href":"https:\/\/www.europesays.com\/fr\/wp-json\/wp\/v2\/tags?post=78816"}],"curies":[{"name":"wp","href":"https:\/\/api.w.org\/{rel}","templated":true}]}}