{"id":78828,"date":"2025-05-06T08:36:15","date_gmt":"2025-05-06T08:36:15","guid":{"rendered":"https:\/\/www.europesays.com\/fr\/78828\/"},"modified":"2025-05-06T08:36:15","modified_gmt":"2025-05-06T08:36:15","slug":"une-rencontre-pour-accompagner-les-elus-locaux-le-30-juin-2025-a-marseille","status":"publish","type":"post","link":"https:\/\/www.europesays.com\/fr\/78828\/","title":{"rendered":"une rencontre pour accompagner les \u00e9lus locaux, le 30 juin 2025 \u00e0 Marseille"},"content":{"rendered":"<p>\t\t\t\t <img decoding=\"async\" src=\"https:\/\/www.europesays.com\/fr\/wp-content\/uploads\/2025\/05\/A201800_89872f72b3de86b0227f3e1df110e9c0.png\" alt=\"\" class=\"img-fluid illustration\"\/>\t\t\t\t<\/p>\n<p>Dans un contexte d\u2019exigence croissante en mati\u00e8re d\u2019\u00e9thique et de transparence dans la gestion publique, la Chambre R\u00e9gionale des Comptes, l\u2019Agence Fran\u00e7aise Anticorruption, Aix-Marseille Universit\u00e9 et l\u2019AMF coorganisent, en partenariat avec les associations d\u00e9partementales de maires de la r\u00e9gion Sud &#8211; Provence-Alpes-C\u00f4te d&rsquo;Azur, un colloque intitul\u00e9 : \u00ab R\u00e8gles de probit\u00e9 et responsabilit\u00e9 financi\u00e8re, quel accompagnement pour les \u00e9lus ? \u00bb, le 30 juin 2025 \u00e0 Marseille, de 14h \u00e0 18h30.<\/p>\n<p>Plac\u00e9s par leurs concitoyens devant une exigence d\u2019exemplarit\u00e9 toujours plus forte, les maires doivent int\u00e9grer dans leur action quotidienne de d\u00e9cideur, d\u2019employeur et d\u2019acheteur, des r\u00e8gles dont l\u2019inobservation ou l\u2019ignorance peuvent emporter des cons\u00e9quences, y compris \u00e0 titre personnel. La responsabilit\u00e9 s\u2019\u00e9tend aussi aux gestionnaires publics susceptibles de r\u00e9pondre de leurs actes de gestion devant la Cour des comptes, en application de l\u2019ordonnance du 23 mars 2022.<\/p>\n<p>Dans ce contexte, et dans les perspectives d\u2019\u00e9volution qui sont ouvertes, la Chambre R\u00e9gionale des Comptes, l\u2019Agence Fran\u00e7aise Anticorruption, Aix-Marseille Universit\u00e9 et l&rsquo;AMF vous invitent \u00e0 assister et participer au colloque du 30 juin prochain, \u00e0 l\u2019universit\u00e9 Aix-Marseille.\u00a0Cet \u00e9v\u00e9nement r\u00e9unira experts, \u00e9lus et repr\u00e9sentants institutionnels autour de deux grandes tables rondes et d&rsquo;une conf\u00e9rence de presse.<\/p>\n<p><strong>Programme<\/strong><\/p>\n<p><strong>14h00 &#8211; Ouverture par :<\/strong><\/p>\n<p><strong>&#8211; Nathalie GERVAIS<\/strong>, pr\u00e9sidente de la Chambre R\u00e9gionale des Comptes<\/p>\n<p><strong>&#8211; Isabelle JEZOUGO<\/strong>, directrice de l\u2019Agence Fran\u00e7aise Anticorruption<\/p>\n<p><strong>&#8211; Jean-Baptiste PERRIER<\/strong>, doyen de la facult\u00e9 de droit et science politique, professeur des universit\u00e9s en droit priv\u00e9 et sciences criminelles<\/p>\n<p><strong>&#8211; Franck RASTOUL<\/strong>, procureur g\u00e9n\u00e9ral<\/p>\n<p><strong>14h30 &#8211; Table ronde :\u00a0<\/strong><strong>Identifier les risques par domaine de l\u2019action publique locale : urbanisme, march\u00e9s publics, domanialit\u00e9, et autres champs \u00e0 vigilance renforc\u00e9e<\/strong><\/p>\n<p><strong>15h45 &#8211; Conf\u00e9rence : Le r\u00e9gime de responsabilit\u00e9 financi\u00e8re des gestionnaires publics issu de l\u2019ordonnance du 23 mars 2022<\/strong><\/p>\n<p><strong>16h50 &#8211; Table ronde :\u00a0Le maire face aux risques, comment peut-il s\u2019en pr\u00e9munir ?\u00a0<\/strong><\/p>\n<p><strong>18h00 &#8211; Cl\u00f4ture par :<\/strong><\/p>\n<p>&#8211; <strong>Christian Vigouroux<\/strong>, pr\u00e9sident de section honoraire au Conseil d\u2019\u00c9tat<\/p>\n<p>L&rsquo;inscription au colloque est r\u00e9serv\u00e9e aux \u00e9lus et \u00e0 la presse. Inscriptions ici : <a href=\"https:\/\/questionnaire.amf.asso.fr\/index.php\/381222\" target=\"_blank\" rel=\"noopener\">https:\/\/questionnaire.amf.asso.fr\/index.php\/381222<\/a><\/p>\n","protected":false},"excerpt":{"rendered":"Dans un contexte d\u2019exigence croissante en mati\u00e8re d\u2019\u00e9thique et de transparence dans la gestion publique, la Chambre R\u00e9gionale&hellip;\n","protected":false},"author":2,"featured_media":78829,"comment_status":"","ping_status":"","sticky":false,"template":"","format":"standard","meta":{"footnotes":""},"categories":[2814],"tags":[1111,11,18502,7331,18503,10153,1777,674,1011,27,884,12,882,25],"class_list":{"0":"post-78828","1":"post","2":"type-post","3":"status-publish","4":"format-standard","5":"has-post-thumbnail","7":"category-marseille","8":"tag-actu","9":"tag-actualites","10":"tag-association-des-maires","11":"tag-collectivites-locales","12":"tag-congres-des-maires-de-france","13":"tag-elus","14":"tag-eu","15":"tag-europe","16":"tag-fr","17":"tag-france","18":"tag-marseille","19":"tag-news","20":"tag-provence-alpes-cote-dazur","21":"tag-republique-francaise"},"share_on_mastodon":{"url":"https:\/\/pubeurope.com\/@fr\/114459979829187026","error":""},"_links":{"self":[{"href":"https:\/\/www.europesays.com\/fr\/wp-json\/wp\/v2\/posts\/78828","targetHints":{"allow":["GET"]}}],"collection":[{"href":"https:\/\/www.europesays.com\/fr\/wp-json\/wp\/v2\/posts"}],"about":[{"href":"https:\/\/www.europesays.com\/fr\/wp-json\/wp\/v2\/types\/post"}],"author":[{"embeddable":true,"href":"https:\/\/www.europesays.com\/fr\/wp-json\/wp\/v2\/users\/2"}],"replies":[{"embeddable":true,"href":"https:\/\/www.europesays.com\/fr\/wp-json\/wp\/v2\/comments?post=78828"}],"version-history":[{"count":0,"href":"https:\/\/www.europesays.com\/fr\/wp-json\/wp\/v2\/posts\/78828\/revisions"}],"wp:featuredmedia":[{"embeddable":true,"href":"https:\/\/www.europesays.com\/fr\/wp-json\/wp\/v2\/media\/78829"}],"wp:attachment":[{"href":"https:\/\/www.europesays.com\/fr\/wp-json\/wp\/v2\/media?parent=78828"}],"wp:term":[{"taxonomy":"category","embeddable":true,"href":"https:\/\/www.europesays.com\/fr\/wp-json\/wp\/v2\/categories?post=78828"},{"taxonomy":"post_tag","embeddable":true,"href":"https:\/\/www.europesays.com\/fr\/wp-json\/wp\/v2\/tags?post=78828"}],"curies":[{"name":"wp","href":"https:\/\/api.w.org\/{rel}","templated":true}]}}