{"id":78832,"date":"2025-05-06T08:38:11","date_gmt":"2025-05-06T08:38:11","guid":{"rendered":"https:\/\/www.europesays.com\/fr\/78832\/"},"modified":"2025-05-06T08:38:11","modified_gmt":"2025-05-06T08:38:11","slug":"cetait-quoi-ce-gigantesque-avion-qui-sest-pose-a-laeroport","status":"publish","type":"post","link":"https:\/\/www.europesays.com\/fr\/78832\/","title":{"rendered":"c&rsquo;\u00e9tait quoi ce gigantesque avion qui s&rsquo;est pos\u00e9 \u00e0 l&rsquo;a\u00e9roport\u00a0?"},"content":{"rendered":"<p>            Par<br \/>\n        <strong><br \/>\n            <a href=\"https:\/\/actu.fr\/auteur\/ludivine-caporal\" title=\"Consulter tous les articles de Ludivine Caporal\" target=\"_blank\" rel=\"noopener\">Ludivine Caporal<\/a><br \/>\n        <\/strong><\/p>\n<p>        Publi\u00e9 le<\/p>\n<p>            6 mai 2025 \u00e0 10h10        <\/p>\n<p>C\u2019\u00e9tait un atterrissage \u00e0 ne pas rater pour tous les amoureux d\u2019aviation.<\/p>\n<p class=\" wall-content\">Ce vendredi 2\u00a0mai 2025, un <strong>Antonov AN-124<\/strong>, le deuxi\u00e8me plus gros avion du monde produit en s\u00e9rie, s\u2019est pos\u00e9 sur le tarmac de <a href=\"https:\/\/actu.fr\/tag\/aeroport-lyon-saint-exupery\" target=\"_blank\" rel=\"noopener\">l\u2019a\u00e9roport de Lyon Saint-Exup\u00e9ry<\/a>, a appris actu Lyon de source officielle \u00e0 la suite d\u2019une premi\u00e8re publication du <a href=\"https:\/\/c.leprogres.fr\/insolite\/2025\/05\/06\/le-deuxieme-plus-gros-avion-du-monde-etait-a-lyon-saint-exupery-ce-week-end-on-etait-fiers-de-l-avoir-chez-nous-c-est-rare\" target=\"_blank\" rel=\"noopener\">Progr\u00e8s<\/a>.<\/p>\n<p class=\" wall-content\">Il est reparti environ 24\u00a0heures plus tard.<\/p>\n<p>69\u00a0m\u00e8tres de long et 21\u00a0m\u00e8tres de haut<\/p>\n<p class=\" wall-content\">\u00c0 peine plus petit qu\u2019un Airbus A380, ce mastodonte de 69\u00a0m\u00e8tres de long et de 21\u00a0m\u00e8tres de haut est principalement utilis\u00e9 pour du transport de fret puisque capable de contenir <strong>jusqu\u2019\u00e0 150\u00a0tonnes de marchandises.<\/strong><\/p>\n<blockquote class=\"tiktok-embed\" cite=\"https:\/\/www.tiktok.com\/@spotting_lfll_\/video\/7499789317804494102\" data-video-id=\"7499789317804494102\" data-embed-from=\"oembed\" style=\"max-width:605px; min-width:325px;\"><p>\n<a target=\"_blank\" title=\"@spotting_lfll_\" href=\"https:\/\/www.tiktok.com\/@spotting_lfll_?refer=embed\" rel=\"noopener\">@spotting_lfll_<\/a> <\/p>\n<p>Atterrissage de L\u2019ANTONOV 124 sur Lyon St Exupery Airport <a title=\"antonov124\" target=\"_blank\" href=\"https:\/\/www.tiktok.com\/tag\/antonov124?refer=embed\" rel=\"noopener\">#antonov124<\/a><a title=\"aviationlovers\" target=\"_blank\" href=\"https:\/\/www.tiktok.com\/tag\/aviationlovers?refer=embed\" rel=\"noopener\">#aviationlovers<\/a> <a title=\"lfll\" target=\"_blank\" href=\"https:\/\/www.tiktok.com\/tag\/lfll?refer=embed\" rel=\"noopener\">#lfll<\/a> <a title=\"lyon\" target=\"_blank\" href=\"https:\/\/www.tiktok.com\/tag\/lyon?refer=embed\" rel=\"noopener\">#lyon<\/a> <a title=\"stexupery\" target=\"_blank\" href=\"https:\/\/www.tiktok.com\/tag\/stexupery?refer=embed\" rel=\"noopener\">#stexupery<\/a> <\/p>\n<p> <a target=\"_blank\" title=\"\u266c sonido original - \ud835\udc08\ud835\udc2f\ud835\udc1a\u0301\ud835\udc27 \ud835\udc11\ud835\udc0c\ud835\udc2e\ud835\udc2c\ud835\udc22\ud835\udc1c \ud83c\udfa7\" href=\"https:\/\/www.tiktok.com\/music\/sonido-original-7474012079683783429?refer=embed\" rel=\"noopener\">\u266c sonido original \u2013 \ud835\udc08\ud835\udc2f\ud835\udc1a\u0301\ud835\udc27 \ud835\udc11\ud835\udc0c\ud835\udc2e\ud835\udc2c\ud835\udc22\ud835\udc1c \ud83c\udfa7<\/a> <\/p>\n<\/blockquote>\n<p>Vid\u00e9os : en ce moment sur Actu<\/p>\n<p class=\" wall-content\">Il y a quelques mois, il avait notamment \u00e9t\u00e9 vu <a href=\"https:\/\/actu.fr\/occitanie\/toulouse_31555\/veritable-mastodonte-des-airs-cet-avion-impressionnant-a-fait-escale-a-l-aeroport-de-toulouse-blagnac_62092957.html\" target=\"_blank\" rel=\"noopener\">du c\u00f4t\u00e9 de Toulouse<\/a>.<\/p>\n<p class=\" wall-content\">Selon nos confr\u00e8res, l\u2019Antonov AN-124 aper\u00e7u \u00e0 Lyon transportait lui une importante cargaison de <strong>mat\u00e9riel m\u00e9dical<\/strong>. Une quinzaine de spotters, ces fans d\u2019avions post\u00e9s pr\u00e8s des pistes d\u2019atterrissage pour faire des photos, \u00e9taient pr\u00e9sents pour cette occasion sp\u00e9ciale.<\/p>\n<p class=\" wall-content\">Suivez toute l\u2019actualit\u00e9 de vos villes et m\u00e9dias favoris en vous inscrivant \u00e0 <a href=\"https:\/\/moncompte.actu.fr\" title=\"D\u00e9couvez Mon Actu\" rel=\"nofollow noopener\" data-trk=\"{&quot;cta&quot;:{&quot;action&quot;:&quot;https:\\\/\\\/moncompte.actu.fr&quot;,&quot;category&quot;:&quot;mon compte&quot;,&quot;from&quot;:&quot;article footer&quot;,&quot;name&quot;:&quot;Mon actu&quot;,&quot;type&quot;:&quot;cta&quot;}}\" target=\"_blank\">Mon Actu<\/a>.<\/p>\n<ul class=\"ac-article-tag wall-content\">\n<li><a href=\"https:\/\/actu.fr\/tag\/aeroport-lyon-saint-exupery\" data-trk=\"{&quot;cta&quot;:{&quot;action&quot;:&quot;A\\u00e9roport Lyon-Saint-Exupery&quot;,&quot;category&quot;:&quot;tag&quot;,&quot;from&quot;:&quot;article footer&quot;,&quot;name&quot;:&quot;A\\u00e9roport Lyon-Saint-Exupery&quot;,&quot;type&quot;:&quot;cta&quot;}}\" target=\"_blank\" rel=\"noopener\">#A\u00e9roport Lyon-Saint-Exupery<\/a><\/li>\n<\/ul>\n<p>                    <script async src=\"\/\/www.tiktok.com\/embed.js\"><\/script><\/p>\n","protected":false},"excerpt":{"rendered":"Par Ludivine Caporal Publi\u00e9 le 6 mai 2025 \u00e0 10h10 C\u2019\u00e9tait un atterrissage \u00e0 ne pas rater pour&hellip;\n","protected":false},"author":2,"featured_media":78833,"comment_status":"","ping_status":"","sticky":false,"template":"","format":"standard","meta":{"footnotes":""},"categories":[1889],"tags":[1111,11,12526,2430,1777,674,1011,27,2428,12,25,104],"class_list":{"0":"post-78832","1":"post","2":"type-post","3":"status-publish","4":"format-standard","5":"has-post-thumbnail","7":"category-lyon","8":"tag-actu","9":"tag-actualites","10":"tag-aeroport-lyon-saint-exupery","11":"tag-auvergne-rhone-alpes","12":"tag-eu","13":"tag-europe","14":"tag-fr","15":"tag-france","16":"tag-lyon","17":"tag-news","18":"tag-republique-francaise","19":"tag-societe"},"share_on_mastodon":{"url":"https:\/\/pubeurope.com\/@fr\/114459987539488742","error":""},"_links":{"self":[{"href":"https:\/\/www.europesays.com\/fr\/wp-json\/wp\/v2\/posts\/78832","targetHints":{"allow":["GET"]}}],"collection":[{"href":"https:\/\/www.europesays.com\/fr\/wp-json\/wp\/v2\/posts"}],"about":[{"href":"https:\/\/www.europesays.com\/fr\/wp-json\/wp\/v2\/types\/post"}],"author":[{"embeddable":true,"href":"https:\/\/www.europesays.com\/fr\/wp-json\/wp\/v2\/users\/2"}],"replies":[{"embeddable":true,"href":"https:\/\/www.europesays.com\/fr\/wp-json\/wp\/v2\/comments?post=78832"}],"version-history":[{"count":0,"href":"https:\/\/www.europesays.com\/fr\/wp-json\/wp\/v2\/posts\/78832\/revisions"}],"wp:featuredmedia":[{"embeddable":true,"href":"https:\/\/www.europesays.com\/fr\/wp-json\/wp\/v2\/media\/78833"}],"wp:attachment":[{"href":"https:\/\/www.europesays.com\/fr\/wp-json\/wp\/v2\/media?parent=78832"}],"wp:term":[{"taxonomy":"category","embeddable":true,"href":"https:\/\/www.europesays.com\/fr\/wp-json\/wp\/v2\/categories?post=78832"},{"taxonomy":"post_tag","embeddable":true,"href":"https:\/\/www.europesays.com\/fr\/wp-json\/wp\/v2\/tags?post=78832"}],"curies":[{"name":"wp","href":"https:\/\/api.w.org\/{rel}","templated":true}]}}