{"id":78840,"date":"2025-05-06T08:42:09","date_gmt":"2025-05-06T08:42:09","guid":{"rendered":"https:\/\/www.europesays.com\/fr\/78840\/"},"modified":"2025-05-06T08:42:09","modified_gmt":"2025-05-06T08:42:09","slug":"la-situation-est-bloquee-lambassadeur-de-france-toujours-coince-a-paris","status":"publish","type":"post","link":"https:\/\/www.europesays.com\/fr\/78840\/","title":{"rendered":"\u00ab La situation est bloqu\u00e9e \u00bb, l\u2019ambassadeur de France toujours coinc\u00e9 \u00e0 Paris"},"content":{"rendered":"<p><strong>crise diplomatique &#8211; Les relations franco alg\u00e9riennes ne s\u2019arrangent pas depuis un an. \u00ab\u00a0A ce stade la situation est bloqu\u00e9e et c\u2019est la responsabilit\u00e9 des autorit\u00e9s alg\u00e9riennes\u00a0\u00bb, affirme le ministre des Affaires \u00e9trang\u00e8res<\/strong><\/p>\n<p>L\u2019ambassadeur de France \u00e0 Alger St\u00e9phane Romatet est toujours \u00e0 Paris depuis la mi-avril. <a href=\"https:\/\/www.20minutes.fr\/monde\/4148935-20250417-tensions-france-algerie-deux-coteshttps:\/\/www.20minutes.fr\/monde\/4148935-20250417-tensions-france-algerie-deux-cotes-certains-voient-apaisement-bon-certains-voient-apaisement-bon?at_medium=RSS+feed&amp;at_campaign=ynews&amp;utm_source=yahoo&amp;utm_medium=rss&amp;utm_campaign=news_feed&amp;utm_content=in_article_link\" rel=\"nofollow noopener\" target=\"_blank\" data-ylk=\"slk:L;elm:context_link;itc:0;sec:content-canvas\" class=\"link \">L<\/a><a href=\"https:\/\/www.20minutes.fr\/monde\/4148935-20250417-tensions-france-algerie-deux-coteshttps:\/\/www.20minutes.fr\/monde\/4148935-20250417-tensions-france-algerie-deux-cotes-certains-voient-apaisement-bon-certains-voient-apaisement-bon?at_medium=RSS+feed&amp;at_campaign=ynews&amp;utm_source=yahoo&amp;utm_medium=rss&amp;utm_campaign=news_feed&amp;utm_content=in_article_link\" rel=\"nofollow noopener\" target=\"_blank\" data-ylk=\"slk:a situation \u00ab\u00a0est bloqu\u00e9e\u00a0\u00bb;elm:context_link;itc:0;sec:content-canvas\" class=\"link \">a situation \u00ab\u00a0est bloqu\u00e9e\u00a0\u00bb<\/a> entre les deux pays, a indiqu\u00e9 mardi 6\u00a0mai le ministre fran\u00e7ais des Affaires \u00e9trang\u00e8res Jean-No\u00ebl Barrot. \u00ab\u00a0A ce stade la situation est bloqu\u00e9e et c\u2019est la responsabilit\u00e9 des autorit\u00e9s alg\u00e9riennes\u00a0\u00bb, a not\u00e9 l\u2019homme politique sur la radio RTL.<\/p>\n<p>Le pr\u00e9sident fran\u00e7ais <a href=\"https:\/\/www.20minutes.fr\/politique\/emmanuel-macron\/?at_medium=RSS+feed&amp;at_campaign=ynews&amp;utm_source=yahoo&amp;utm_medium=rss&amp;utm_campaign=news_feed&amp;utm_content=in_article_link\" rel=\"nofollow noopener\" target=\"_blank\" data-ylk=\"slk:Emmanuel Macron;elm:context_link;itc:0;sec:content-canvas\" class=\"link \">Emmanuel Macron<\/a> avait d\u00e9cid\u00e9 le 15\u00a0avril d\u2019expulser \u00ab\u00a0douze agents servant dans le r\u00e9seau consulaire et diplomatique alg\u00e9rien en France\u00a0\u00bb et de rappeler son ambassadeur \u00e0 Alger pour consultations en repr\u00e9sailles \u00e0 des expulsions similaires annonc\u00e9es par l\u2019Alg\u00e9rie. Le chef de la diplomatie fran\u00e7aise a de nouveau d\u00e9nonc\u00e9 \u00e0 cet \u00e9gard la \u00ab\u00a0d\u00e9cision tr\u00e8s violente\u00a0\u00bb d\u2019Alger.<\/p>\n<p>\u00ab\u00a0Faire preuve d\u2019humanit\u00e9\u00a0\u00bb<\/p>\n<p>Emmanuel Macron a soulign\u00e9 par ailleurs la situation \u00ab\u00a0tr\u00e8s difficile\u00a0\u00bb de l\u2019\u00e9crivain franco-alg\u00e9rien Boualem Sansal, emprisonn\u00e9 en Alg\u00e9rie et actuellement hospitalis\u00e9, \u00ab\u00a0un homme de 80 ans qui est \u00e9loign\u00e9 de ses amis\u00a0\u00bb et en faveur duquel il a dit esp\u00e9rer que les autorit\u00e9s alg\u00e9riennes \u00ab\u00a0sauront faire preuve d\u2019humanit\u00e9\u00a0\u00bb.<\/p>\n<p>Le cas de l\u2019\u00e9crivain a consid\u00e9rablement tendu les relations bilat\u00e9rales, enflamm\u00e9es depuis des semaines par la question de la r\u00e9admission dans leur pays d\u2019origine des Alg\u00e9riens sous obligation de quitter le territoire fran\u00e7ais (OQTF). Une question brandie \u00e0 de multiples reprises par le ministre fran\u00e7ais de l\u2019Int\u00e9rieur, <a href=\"https:\/\/www.20minutes.fr\/societe\/4143103-20250312-migrants-bruno-retailleau-veut-allonger-duree-retention-administrative-18-mois-contre-trois-actuellement?at_medium=RSS+feed&amp;at_campaign=ynews&amp;utm_source=yahoo&amp;utm_medium=rss&amp;utm_campaign=news_feed&amp;utm_content=in_article_link\" rel=\"nofollow noopener\" target=\"_blank\" data-ylk=\"slk:Bruno Retailleau;elm:context_link;itc:0;sec:content-canvas\" class=\"link \">Bruno Retailleau<\/a>.<\/p>\n<p>\u00ab\u00a0Nous avons int\u00e9r\u00eat [\u2026] \u00e0 ne pas faire de l\u2019Alg\u00e9ri(&#8230;)<\/p>\n<p><a href=\"https:\/\/www.20minutes.fr\/monde\/4151993-20250506-crise-algerie-situation-bloquee-ambassadeur-france-toujours-coince-paris?at_medium=RSS+feed&amp;at_campaign=ynews&amp;utm_source=yahoo&amp;utm_medium=rss&amp;utm_campaign=news_feed&amp;utm_content=read_more_link&quot;\" rel=\"nofollow noopener\" target=\"_blank\" data-ylk=\"slk:Lire la suite sur 20minutes;elm:context_link;itc:0;sec:content-canvas\" class=\"link \">Lire la suite sur 20minutes<\/a><\/p>\n<p>\u00c0 lire aussi :<br \/><a href=\"https:\/\/www.20minutes.fr\/monde\/4148804-20250415-algerie-paris-replique-rappel-ambassadeur-renvoi-12-agents-algeriens?at_medium=RSS+feed&amp;at_campaign=ynews&amp;utm_source=yahoo&amp;utm_medium=rss&amp;utm_campaign=news_feed&amp;utm_content=related_content_link\" rel=\"nofollow noopener\" target=\"_blank\" data-ylk=\"slk:Tensions avec l\u2019Alg\u00e9rie\u00a0: Paris riposte avec le rappel de son ambassadeur et le renvoi de 12 agents alg\u00e9riens;elm:context_link;itc:0;sec:content-canvas\" class=\"link \">Tensions avec l\u2019Alg\u00e9rie\u00a0: Paris riposte avec le rappel de son ambassadeur et le renvoi de 12 agents alg\u00e9riens<\/a><br \/><a href=\"https:\/\/www.20minutes.fr\/auto\/4141209-20250303-renault-victime-crise-diplomatique-entre-france-algerie?at_medium=RSS+feed&amp;at_campaign=ynews&amp;utm_source=yahoo&amp;utm_medium=rss&amp;utm_campaign=news_feed&amp;utm_content=related_content_link\" rel=\"nofollow noopener\" target=\"_blank\" data-ylk=\"slk:Renault, victime de la crise diplomatique entre la France et l\u2019Alg\u00e9rie;elm:context_link;itc:0;sec:content-canvas\" class=\"link \">Renault, victime de la crise diplomatique entre la France et l\u2019Alg\u00e9rie<\/a><\/p>\n","protected":false},"excerpt":{"rendered":"crise diplomatique &#8211; Les relations franco alg\u00e9riennes ne s\u2019arrangent pas depuis un an. \u00ab\u00a0A ce stade la situation&hellip;\n","protected":false},"author":2,"featured_media":78841,"comment_status":"","ping_status":"","sticky":false,"template":"","format":"standard","meta":{"footnotes":""},"categories":[1888],"tags":[1111,1928,11,1927,1777,674,1011,27,2121,8270,12,1926,626,1925,25,1447],"class_list":{"0":"post-78840","1":"post","2":"type-post","3":"status-publish","4":"format-standard","5":"has-post-thumbnail","7":"category-paris","8":"tag-actu","9":"tag-actu-paris","10":"tag-actualites","11":"tag-actualites-paris","12":"tag-eu","13":"tag-europe","14":"tag-fr","15":"tag-france","16":"tag-jean-noel-barrot","17":"tag-ministre-francais-des-affaires-etrangeres","18":"tag-news","19":"tag-news-paris","20":"tag-paris","21":"tag-paris-news","22":"tag-republique-francaise","23":"tag-situation"},"share_on_mastodon":{"url":"https:\/\/pubeurope.com\/@fr\/114460003096353792","error":""},"_links":{"self":[{"href":"https:\/\/www.europesays.com\/fr\/wp-json\/wp\/v2\/posts\/78840","targetHints":{"allow":["GET"]}}],"collection":[{"href":"https:\/\/www.europesays.com\/fr\/wp-json\/wp\/v2\/posts"}],"about":[{"href":"https:\/\/www.europesays.com\/fr\/wp-json\/wp\/v2\/types\/post"}],"author":[{"embeddable":true,"href":"https:\/\/www.europesays.com\/fr\/wp-json\/wp\/v2\/users\/2"}],"replies":[{"embeddable":true,"href":"https:\/\/www.europesays.com\/fr\/wp-json\/wp\/v2\/comments?post=78840"}],"version-history":[{"count":0,"href":"https:\/\/www.europesays.com\/fr\/wp-json\/wp\/v2\/posts\/78840\/revisions"}],"wp:featuredmedia":[{"embeddable":true,"href":"https:\/\/www.europesays.com\/fr\/wp-json\/wp\/v2\/media\/78841"}],"wp:attachment":[{"href":"https:\/\/www.europesays.com\/fr\/wp-json\/wp\/v2\/media?parent=78840"}],"wp:term":[{"taxonomy":"category","embeddable":true,"href":"https:\/\/www.europesays.com\/fr\/wp-json\/wp\/v2\/categories?post=78840"},{"taxonomy":"post_tag","embeddable":true,"href":"https:\/\/www.europesays.com\/fr\/wp-json\/wp\/v2\/tags?post=78840"}],"curies":[{"name":"wp","href":"https:\/\/api.w.org\/{rel}","templated":true}]}}