{"id":78846,"date":"2025-05-06T08:45:14","date_gmt":"2025-05-06T08:45:14","guid":{"rendered":"https:\/\/www.europesays.com\/fr\/78846\/"},"modified":"2025-05-06T08:45:14","modified_gmt":"2025-05-06T08:45:14","slug":"a-la-une-parti-en-russie-pour-devenir-pharmacien-il-finit-par-combattre-pour-moscou-en-ukraine","status":"publish","type":"post","link":"https:\/\/www.europesays.com\/fr\/78846\/","title":{"rendered":"\u00c0 la Une: parti en Russie pour devenir pharmacien, il finit par combattre pour Moscou en Ukraine"},"content":{"rendered":"<p>Le journal\u00a0<strong><a target=\"_blank\" href=\"https:\/\/www.lemonde.fr\/afrique\/article\/2025\/05\/05\/itineraire-de-dosseh-k-un-jeune-togolais-enrole-de-force-dans-l-armee-russe-et-fait-prisonnier-en-ukraine_6603196_3212.html\" rel=\"noopener\">Le Monde<\/a><\/strong>, \u00e0 Paris, nous raconte l\u2019histoire de Dosseh. Un jeune togolais de 27 ans, originaire d\u2019un village proche d\u2019An\u00e9ho. El\u00e8ve brillant, il obtient une licence d\u2019histoire \u00e0 l\u2019universit\u00e9 de Lom\u00e9, cherche ensuite \u00e0 partir pour gagner plus de sous. Il tente sa chance au Canada, puis en France, mais aucun pays ne l\u2019accepte.<\/p>\n<p>Aucun, sauf la <a target=\"_self\" href=\"https:\/\/www.rfi.fr\/fr\/tag\/russie\/\" rel=\"noopener\"><strong>Russie<\/strong><\/a>\u00a0! Il part donc \u00e9tudier \u00e0 l\u2019Universit\u00e9 d\u2019\u00c9tat de Saratov, mais en f\u00e9vrier, plus de nouvelles. Sa famille s\u2019inqui\u00e8te et ce n\u2019est qu\u2019un mois apr\u00e8s qu\u2019il r\u00e9apparait dans une vid\u00e9o YouTube, interview\u00e9 par un ukrainien.\u00a0\u00ab\u00a0Il porte une combinaison bleu marine et se contente de hocher la t\u00eate pour signifier qu\u2019il comprend son interlocuteur \u00bb,\u00a0d\u00e9crit le quotidien fran\u00e7ais.<\/p>\n<p>Il raconte les derniers mois\u00a0: ces policiers qui lui font signer un contrat en russe, langue qu\u2019il ne sait pas lire, avant d\u2019\u00eatre conduit dans un camp \u00e0 Donetsk pour y suivre une formation militaire et ensuite \u00eatre envoy\u00e9 sur le front o\u00f9 il sera captur\u00e9.<\/p>\n<p>Le Monde\u00a0n\u2019a pas r\u00e9ussi \u00e0 s\u2019entretenir avec Dosseh, mais son fr\u00e8re Michel l\u2019assure, il n\u2019est pas all\u00e9 faire la guerre volontairement\u00a0:\u00a0\u00ab\u00a0M\u00eame quand il \u00e9tait au Togo, on lui a propos\u00e9 de rejoindre l\u2019arm\u00e9e et il a dit non. Dosseh n\u2019est pas un militaire. Alors pourquoi l\u00e0-bas il accepterait\u00a0?\u00a0\u00c0 quel prix\u00a0?\u00a0\u00bb. Le prix, on le conna\u00eet\u00a0pour les jeunes hommes recrut\u00e9s : 200 000 roubles, soit plus de 2130 euros pour se battre pour un pays qui n\u2019est pas le sien et risquer sa vie sur le champ de bataille.<\/p>\n<p>Facebook et Instagram, peut-\u00eatre bient\u00f4t ferm\u00e9s au Nig\u00e9ria\u2026<\/p>\n<p>\u00ab\u00a0La confrontation vient de prendre une tournure critique\u00a0\u00bb\u00a0\u00e9crit le\u00a0<strong><a target=\"_blank\" href=\"https:\/\/www.financialafrik.com\/2025\/05\/06\/nigeria-vs-meta-quand-la-souverainete-numerique-defie-lhegemonie-des-geants-de-la-tech\/\" rel=\"noopener\">Financial Afrik<\/a><\/strong>. Alors que M\u00e9ta, la maison m\u00e8re des deux <a target=\"_self\" href=\"https:\/\/www.rfi.fr\/fr\/tag\/r\u00e9seaux-sociaux\/\" rel=\"noopener\"><strong>r\u00e9seaux sociaux<\/strong><\/a> s\u2019est vue infliger une amende de pr\u00e8s de 290 millions de dollars et menace maintenant de les fermer dans le pays. Un bras de fer qui \u00ab\u00a0soul\u00e8ve des questions fondamentales sur la souverainet\u00e9 num\u00e9rique, la r\u00e9gulation des entreprises technologiques globales et la protection des consommateurs dans les \u00e9conomies \u00e9mergentes \u00bb,\u00a0selon le journal.<\/p>\n<p>Le Nig\u00e9ria compte 30 millions d\u2019utilisateurs Facebook, 12 millions 600 mille pour Instagram et 51 millions pour WhatsApp\u00a0! Alors qui gagnera ce combat qui implique d\u2019un c\u00f4t\u00e9, un pays qui insiste sur le respect des lois et de l\u2019autre, un g\u00e9ant du web qui menace de perturber des millions de personnes et de petites entreprises\u00a0? Une chose est s\u00fbre dit le\u00a0Financial Afrik\u00a0: \u00ab\u00a0L\u2019issue de ce bras de fer fa\u00e7onnera in\u00e9vitablement le paysage de la r\u00e9gulation num\u00e9rique pour les ann\u00e9es \u00e0 venir \u00bb.<\/p>\n<p>\u00c0 la veille du d\u00e9but du conclave, \u00e0 Rome, pour \u00e9lire un nouveau Pape, \u00e0 Kigali,\u00a0le New Times\u00a0se f\u00e9licite de la pr\u00e9sence d\u2019un cardinal rwandais<\/p>\n<p>Antoine Kambanda, 66 ans, archev\u00eaque de Kigali. C\u2019est la premi\u00e8re fois que cela arrive.\u00a0\u00ab\u00a0Cette inclusion est plus que symbolique \u00bb,\u00a0affirme le journal,\u00a0\u00ab elle t\u00e9moigne de la diversit\u00e9 croissante de l&rsquo;\u00c9glise catholique et du r\u00f4le essentiel que joue l&rsquo;Afrique dans l&rsquo;avenir de la foi\u00a0\u00bb, ajoute-t-il, tout en plaidant pour l\u2019\u00e9lection d\u2019un Pape r\u00e9formateur, audacieux, qui s\u2019attaquera aux abus, \u00e0 la corruption et qui fera entendre la voix du Sud.<\/p>\n<p><strong><a target=\"_blank\" href=\"https:\/\/www.newtimes.co.rw\/article\/26203\/opinions\/editorial\/as-the-historic-conclave-convenes-we-hope-for-a-progressive-church\" rel=\"noopener\">Le New Times<\/a><\/strong>\u00a0attend donc beaucoup du futur souverain pontife et conclut\u00a0:\u00a0\u00ab\u00a0L&rsquo;\u00c9glise \u2013 et le monde \u2013 m\u00e9ritent un pape pour demain, et non pour hier \u00bb.<\/p>\n<p>\u00ab\u00a0God Protect Ibrahim Traor\u00e9\u00a0\u00bb<\/p>\n<p>Ce serait le nom de la derni\u00e8re chanson de Beyonc\u00e9, publi\u00e9e il y a peu sur internet.<\/p>\n<p>Probl\u00e8me, c&rsquo;est faux ! La chanteuse, actuellement en tourn\u00e9e, ne l\u2019a jamais chant\u00e9e, et pour cause, c\u2019est une <a target=\"_self\" href=\"https:\/\/www.rfi.fr\/fr\/tag\/intelligence-artificielle\/\" rel=\"noopener\"><strong>intelligence artificielle<\/strong><\/a> qui l\u2019a cr\u00e9\u00e9. C\u2019est ce que nous rapporte\u00a0<a target=\"_blank\" href=\"https:\/\/www.jeuneafrique.com\/1685504\/politique\/ibrahim-traore-beyonce-et-rihanna-lia-a-fond-pour-ib\/\" rel=\"noopener\"><strong>Jeune Afrique<\/strong><\/a>\u00a0: la naissance de vraies-fausses chansons \u00e0 la gloire de\u00a0! \u00ab\u00a0Ainsi a-t-on vu fleurir les titres \u00ab\u00a0Victory\u00a0\u00bb\u00a0d\u2019un avatar de Gims et m\u00eame un pr\u00e9tendu duo entre Drake\u00a0et\u00a0Shakira : \u00ab\u00a0Tribute to Burkina Faso &amp; Captain Ibrahim Traor\u00e9 officiel 2025\u00a0\u00bb \u00bb.<\/p>\n<p>Ce qui effraie le plus sans doute, c\u2019est la cr\u00e9dulit\u00e9 de certains internautes\u00a0: \u00ab\u00a0brave fille d\u2019Afrique et d\u2019Am\u00e9rique\u00a0\u00bb\u00a0commente l\u2019un\u2026\u00a0\u00ab\u00a0Hommage bien m\u00e9rit\u00e9 \u00e0 notre capitaine\u00a0\u00bb\u00a0r\u00e9agit un second\u2026 Mais, comme le dit\u00a0Jeune Afrique\u00a0:\u00a0\u00ab\u00a0difficile de savoir si ces posts ne sont pas eux-m\u00eames r\u00e9dig\u00e9s par des manipulateurs\u00a0\u00bb\u00a0avant de conclure\u00a0\u00ab\u00a0un outil artificiel qui profite \u00e0 un camp finit par servir l\u2019autre \u00bb.\u00a0<\/p>\n","protected":false},"excerpt":{"rendered":"Le journal\u00a0Le Monde, \u00e0 Paris, nous raconte l\u2019histoire de Dosseh. Un jeune togolais de 27 ans, originaire d\u2019un&hellip;\n","protected":false},"author":2,"featured_media":78847,"comment_status":"","ping_status":"","sticky":false,"template":"","format":"standard","meta":{"footnotes":""},"categories":[1591],"tags":[11,879,1887,18505,12,4778,938,13125,18504,1885,1886,132,15568,17716,4193],"class_list":{"0":"post-78846","1":"post","2":"type-post","3":"status-publish","4":"format-standard","5":"has-post-thumbnail","7":"category-russie","8":"tag-actualites","9":"tag-afrique","10":"tag-federation-de-russie","11":"tag-infox","12":"tag-news","13":"tag-nigeria","14":"tag-reseaux-sociaux","15":"tag-revue-de-presse","16":"tag-revue-de-presse-afrique","17":"tag-russia","18":"tag-russian-federation","19":"tag-russie","20":"tag-rwanda","21":"tag-togo","22":"tag-vatican"},"share_on_mastodon":{"url":"https:\/\/pubeurope.com\/@fr\/114460014971697724","error":""},"_links":{"self":[{"href":"https:\/\/www.europesays.com\/fr\/wp-json\/wp\/v2\/posts\/78846","targetHints":{"allow":["GET"]}}],"collection":[{"href":"https:\/\/www.europesays.com\/fr\/wp-json\/wp\/v2\/posts"}],"about":[{"href":"https:\/\/www.europesays.com\/fr\/wp-json\/wp\/v2\/types\/post"}],"author":[{"embeddable":true,"href":"https:\/\/www.europesays.com\/fr\/wp-json\/wp\/v2\/users\/2"}],"replies":[{"embeddable":true,"href":"https:\/\/www.europesays.com\/fr\/wp-json\/wp\/v2\/comments?post=78846"}],"version-history":[{"count":0,"href":"https:\/\/www.europesays.com\/fr\/wp-json\/wp\/v2\/posts\/78846\/revisions"}],"wp:featuredmedia":[{"embeddable":true,"href":"https:\/\/www.europesays.com\/fr\/wp-json\/wp\/v2\/media\/78847"}],"wp:attachment":[{"href":"https:\/\/www.europesays.com\/fr\/wp-json\/wp\/v2\/media?parent=78846"}],"wp:term":[{"taxonomy":"category","embeddable":true,"href":"https:\/\/www.europesays.com\/fr\/wp-json\/wp\/v2\/categories?post=78846"},{"taxonomy":"post_tag","embeddable":true,"href":"https:\/\/www.europesays.com\/fr\/wp-json\/wp\/v2\/tags?post=78846"}],"curies":[{"name":"wp","href":"https:\/\/api.w.org\/{rel}","templated":true}]}}