{"id":78848,"date":"2025-05-06T08:46:09","date_gmt":"2025-05-06T08:46:09","guid":{"rendered":"https:\/\/www.europesays.com\/fr\/78848\/"},"modified":"2025-05-06T08:46:09","modified_gmt":"2025-05-06T08:46:09","slug":"des-morceaux-de-f-16-pour-lukraine","status":"publish","type":"post","link":"https:\/\/www.europesays.com\/fr\/78848\/","title":{"rendered":"Des morceaux de F-16 pour l\u2019Ukraine !"},"content":{"rendered":"<p>\t\t\t\t\t\t\t\tAvant de lire l&rsquo;article<\/p>\n<p>L\u2019article est class\u00e9 dans la cat\u00e9gorie \u00ab\u00a0d\u00e9bat et opinion\u00a0\u00bb, il refl\u00e8te donc le point de vue de l\u2019auteur. Il n\u2019engage pas la r\u00e9daction d\u2019Aerobuzz. Si vous souhaitez, r\u00e9agir n\u2019h\u00e9sitez pas \u00e0 le faire via les commentaires au bas de la page.<\/p>\n<p>\t\t\t\t\t\t\t\t<img width=\"800\" height=\"554\" src=\"data:image\/svg+xml,%3Csvg%20xmlns=\" http:=\"\" class=\"attachment-article size-article wp-post-image\" alt=\"\" decoding=\"async\" fetchpriority=\"high\" data-lazy- data-lazy- data-attachment-id=\"7922373\" data-permalink=\"https:\/\/www.aerobuzz.fr\/breves-defense\/un-sukhoi-30-russe-abattu-par-un-drone-naval-ukrainien\/attachment\/screenshot-186\/\" data-orig-file=\"https:\/\/i0.wp.com\/www.aerobuzz.fr\/wp-content\/uploads\/2025\/05\/F16-drone-ukraine.jpg?fit=800%2C554&amp;quality=89&amp;ssl=1\" data-orig-size=\"800,554\" data-comments-opened=\"1\" data-image-meta=\"{&quot;aperture&quot;:&quot;0&quot;,&quot;credit&quot;:&quot;&quot;,&quot;camera&quot;:&quot;&quot;,&quot;caption&quot;:&quot;Screenshot&quot;,&quot;created_timestamp&quot;:&quot;0&quot;,&quot;copyright&quot;:&quot;&quot;,&quot;focal_length&quot;:&quot;0&quot;,&quot;iso&quot;:&quot;0&quot;,&quot;shutter_speed&quot;:&quot;0&quot;,&quot;title&quot;:&quot;Screenshot&quot;,&quot;orientation&quot;:&quot;1&quot;}\" data-image-title=\"\" data-image-description=\"\" data-image-caption=\"&lt;p&gt;Plusieurs centaines de F-16A\/B sont actuellement stock\u00e9s sur la base de Davis-Monthan (Arizona) \u00a9 US Air Force&lt;\/p&gt;&#10;\" data-medium-file=\"https:\/\/i0.wp.com\/www.aerobuzz.fr\/wp-content\/uploads\/2025\/05\/F16-drone-ukraine.jpg?resize=300%2C208&amp;quality=89&amp;ssl=1\" data-large-file=\"https:\/\/i0.wp.com\/www.aerobuzz.fr\/wp-content\/uploads\/2025\/05\/F16-drone-ukraine.jpg?resize=600%2C416&amp;quality=89&amp;ssl=1\" data-lazy-src=\"https:\/\/www.europesays.com\/fr\/wp-content\/uploads\/2025\/05\/F16-drone-ukraine.jpg\"\/>\t\t\t\t\t\t\t<\/p>\n<p>Plusieurs centaines de F-16A\/B sont actuellement stock\u00e9s sur la base de Davis-Monthan (Arizona) \u00a9 US Air Force<\/p>\n<p>Le Pentagone donne \u00e0 l\u2019Ukraine des \u00e9l\u00e9ments de F-16 qui \u00e9taient en stockage longue dur\u00e9e sur la base de Davis-Monthan (Arizona).<\/p>\n<p>Les Etats-Unis ne c\u00e8dent pas (pour l\u2019instant) de F-16 en \u00e9tat de vol \u00e0 l\u2019Ukraine. Mais un pas a \u00e9t\u00e9 franchi avec l\u2019exp\u00e9dition de plusieurs fuselages et autres sous-ensembles susceptibles de servir de r\u00e9servoirs de pi\u00e8ces d\u00e9tach\u00e9es aux avions d\u00e9j\u00e0 utilis\u00e9s par Kiev. Dans les derni\u00e8res heures du mois d\u2019avril, des fuselages complets (mais d\u00e9pourvus de pointe avant et de d\u00e9rive) soigneusement emball\u00e9s et tir\u00e9s du d\u00e9p\u00f4t de Davis Monthan\u00a0ont \u00e9t\u00e9 charg\u00e9s dans un Antonov 124&#8230;<\/p>\n","protected":false},"excerpt":{"rendered":"Avant de lire l&rsquo;article L\u2019article est class\u00e9 dans la cat\u00e9gorie \u00ab\u00a0d\u00e9bat et opinion\u00a0\u00bb, il refl\u00e8te donc le point&hellip;\n","protected":false},"author":2,"featured_media":78849,"comment_status":"","ping_status":"","sticky":false,"template":"","format":"standard","meta":{"footnotes":""},"categories":[1590],"tags":[11,1777,674,17593,12,220],"class_list":{"0":"post-78848","1":"post","2":"type-post","3":"status-publish","4":"format-standard","5":"has-post-thumbnail","7":"category-ukraine","8":"tag-actualites","9":"tag-eu","10":"tag-europe","11":"tag-f-16","12":"tag-news","13":"tag-ukraine"},"share_on_mastodon":{"url":"https:\/\/pubeurope.com\/@fr\/114460019156520796","error":""},"_links":{"self":[{"href":"https:\/\/www.europesays.com\/fr\/wp-json\/wp\/v2\/posts\/78848","targetHints":{"allow":["GET"]}}],"collection":[{"href":"https:\/\/www.europesays.com\/fr\/wp-json\/wp\/v2\/posts"}],"about":[{"href":"https:\/\/www.europesays.com\/fr\/wp-json\/wp\/v2\/types\/post"}],"author":[{"embeddable":true,"href":"https:\/\/www.europesays.com\/fr\/wp-json\/wp\/v2\/users\/2"}],"replies":[{"embeddable":true,"href":"https:\/\/www.europesays.com\/fr\/wp-json\/wp\/v2\/comments?post=78848"}],"version-history":[{"count":0,"href":"https:\/\/www.europesays.com\/fr\/wp-json\/wp\/v2\/posts\/78848\/revisions"}],"wp:featuredmedia":[{"embeddable":true,"href":"https:\/\/www.europesays.com\/fr\/wp-json\/wp\/v2\/media\/78849"}],"wp:attachment":[{"href":"https:\/\/www.europesays.com\/fr\/wp-json\/wp\/v2\/media?parent=78848"}],"wp:term":[{"taxonomy":"category","embeddable":true,"href":"https:\/\/www.europesays.com\/fr\/wp-json\/wp\/v2\/categories?post=78848"},{"taxonomy":"post_tag","embeddable":true,"href":"https:\/\/www.europesays.com\/fr\/wp-json\/wp\/v2\/tags?post=78848"}],"curies":[{"name":"wp","href":"https:\/\/api.w.org\/{rel}","templated":true}]}}