{"id":78850,"date":"2025-05-06T08:47:10","date_gmt":"2025-05-06T08:47:10","guid":{"rendered":"https:\/\/www.europesays.com\/fr\/78850\/"},"modified":"2025-05-06T08:47:10","modified_gmt":"2025-05-06T08:47:10","slug":"un-juge-federal-ordonne-a-ladministration-trump-de-laisser-entrer-12-000-refugies-aux-etats-unis","status":"publish","type":"post","link":"https:\/\/www.europesays.com\/fr\/78850\/","title":{"rendered":"Un juge f\u00e9d\u00e9ral ordonne \u00e0 l\u2019administration Trump de laisser entrer 12\u00a0000 r\u00e9fugi\u00e9s aux Etats-Unis"},"content":{"rendered":"<p class=\"latino-300b text-grey-800\">\n<p>  Par\u00a0<br \/>\nLe Nouvel Obs avec AFP          <\/p>\n<p class=\"latino-300r text-grey-600\">\n      Publi\u00e9 le<\/p>\n<p>    6 mai 2025 \u00e0 10h20<\/p>\n<p>      <img fetchpriority=\"high\" decoding=\"async\" class=\"mx-auto\" src=\"data:image\/svg+xml,%3Csvg%20xmlns%3D%27http%3A%2F%2Fwww.w3.org%2F2000%2Fsvg%27%20fill%3D%22%23e4e4e4%22%20viewBox%3D%270%200%20510%20340%27%20width%3D%22510%22%20height%3D%22340%22%3E%3Cpath%20d%3D%27M0%200h510v340H0z%27%2F%3E%3C%2Fsvg%3E\"  loading=\"eager\" width=\"510\" height=\"340\" data-oncrawl-image-size=\"510x340\" alt=\"Donald Trump signe une s\u00e9rie de d\u00e9crets \u00e0 la Maison Blanche \u00e0 Washington, le 5\u00a0mai 2025.\"\/>      <\/p>\n<p class=\"latino-100m text-grey-600\">\n            Donald Trump signe une s\u00e9rie de d\u00e9crets \u00e0 la Maison Blanche \u00e0 Washington, le 5\u00a0mai 2025.\u00a0CNP\/NEWSCOM\/SIPA         <\/p>\n<p>    Lire\u00a0plus\u00a0tard  <\/p>\n<p><a aria-label=\"Nous suivre sur Google News\" href=\"https:\/\/news.google.com\/publications\/CAAqBwgKMJe4nQkw3dFs?hl=fr&amp;gl=FR&amp;ceid=FR%3Afr\" target=\"_blank\" data-piano=\"Page_Article,Sous_date_publi,Nous_suivre_sur_google_news,1er_clic,action\" class=\"btn btn--small btn--secondary\" rel=\"noopener\"><\/p>\n<p>      Google Actualit\u00e9s<br \/>\n  <\/a><\/p>\n<p>  Partager<\/p>\n<p>        Facebook<\/p>\n<p>        Bluesky<\/p>\n<p>        E-mail<\/p>\n<p>        Copier le lien<\/p>\n<p>      Envoyer<\/p>\n<p>    Temps de lecture\u00a0:\u00a01\u00a0min.<\/p>\n<p class=\"node__paragraphe antonia-750r text-grey-800 pb-20 pb-md-30\">\nUn juge f\u00e9d\u00e9ral am\u00e9ricain a ordonn\u00e9 lundi 5\u00a0mai \u00e0 l\u2019administration de Donald Trump de laisser entrer <a href=\"https:\/\/www.nouvelobs.com\/monde\/20250322.OBS101790\/etats-unis-l-administration-trump-met-fin-au-statut-legal-de-plus-de-500-000-migrants.html\" target=\"_blank\" rel=\"noopener\">12\u00a0000 r\u00e9fugi\u00e9s aux Etats-Unis<\/a>, nouveau revers judiciaire aux tentatives du pr\u00e9sident de suspendre ces admissions.<\/p>\n<p class=\"latino-500b text-grey-600 pb-15\">A lire aussi<\/p>\n<p><a href=\"https:\/\/www.nouvelobs.com\/monde\/20250326.OBS101943\/les-juges-americains-derniers-garde-fous-face-a-donald-trump.html\" data-article-key=\"20250326.OBS101943\" class=\"link--box flex-grow-1\" data-piano=\"Page_Article,Lire_aussi,,Lien1,navigation\" target=\"_blank\" rel=\"noopener\"><\/p>\n<p>                <img decoding=\"async\" src=\"data:image\/svg+xml,%3Csvg%20xmlns%3D%27http%3A%2F%2Fwww.w3.org%2F2000%2Fsvg%27%20fill%3D%22%23e4e4e4%22%20viewBox%3D%270%200%20120%2080%27%20width%3D%22120%22%20height%3D%2280%22%3E%3Cpath%20d%3D%27M0%200h120v80H0z%27%2F%3E%3C%2Fsvg%3E\"  width=\"120\" height=\"79\" loading=\"lazy\" alt=\"Le b\u00e2timent de la Cour supr\u00eame vu depuis le Capitole, \u00e0 Washington.\"\/><\/p>\n<p class=\"latino-300r latino-lg-600m text-grey-800\">\n                      <strong class=\"latino-300b latino-lg-600m text-grey-500\">D\u00e9cryptage\u00a0<\/strong><br \/>\n                    Les juges am\u00e9ricains, derniers garde-fous face \u00e0 Donald Trump\u00a0?        <\/p>\n<p><\/a><\/p>\n<p>    Lire\u00a0plus\u00a0tard  <\/p>\n<p class=\"node__paragraphe antonia-750r text-grey-800 pb-20 pb-md-30\">\nLa d\u00e9cision rendue lundi clarifie les contours d\u2019une autre d\u00e9cision prise en avril par une cour d\u2019appel f\u00e9d\u00e9rale, qui autorisait l\u2019administration Trump \u00e0 <a href=\"https:\/\/www.nouvelobs.com\/monde\/20250425.OBS103210\/aux-etats-unis-le-fbi-arrete-la-juge-hannah-dugan-pour-entrave-a-l-arrestation-d-un-migrant.html\" target=\"_blank\" rel=\"noopener\">suspendre les admissions de r\u00e9fugi\u00e9s<\/a> tout en lui ordonnant d\u2019admettre ceux ayant d\u00e9j\u00e0 obtenu ce statut et organis\u00e9 leur voyage vers les Etats-Unis.<\/p>\n<p class=\"node__paragraphe antonia-750r text-grey-800 pb-20 pb-md-30\">\nL\u2019administration Trump estimait que ce dernier volet ne concernait que les 160 personnes ayant pr\u00e9vu de voyager dans les deux semaines suivant le d\u00e9cret sign\u00e9 en janvier par le pr\u00e9sident, suspendant les arriv\u00e9es de r\u00e9fugi\u00e9s aux Etats-Unis. Mais un juge f\u00e9d\u00e9ral de Seattle a affirm\u00e9 lundi que cette interpr\u00e9tation de l\u2019administration Trump repr\u00e9sentait un \u00ab\u00a0micmac interpr\u00e9tatif\u00a0\u00bb.<\/p>\n<p>Un autre d\u00e9cret bloqu\u00e9 par la m\u00eame juge<\/p>\n<p class=\"node__paragraphe antonia-750r text-grey-800 pb-20 pb-md-30\">\nSi cette cour d\u2019appel f\u00e9d\u00e9rale \u00ab\u00a0avait voulu imposer une limite de deux semaines \u2013 qui aurait r\u00e9duit la population prot\u00e9g\u00e9e de 12\u00a0000 \u00e0 160 personnes \u2013, elle l\u2019aurait fait de mani\u00e8re explicite\u00a0\u00bb, affirme dans sa d\u00e9cision le juge Jamal Whitehead.<\/p>\n<p class=\"node__paragraphe antonia-750r text-grey-800 pb-20 pb-md-30\">\nFin f\u00e9vrier, le m\u00eame juge avait bloqu\u00e9 le d\u00e9cret de Donald Trump mettant <a href=\"https:\/\/www.nouvelobs.com\/monde\/20250122.OBS99351\/offensive-anti-immigration-de-donald-trump-il-utilise-cette-thematique-pour-montrer-qu-il-veut-s-affranchir-des-lois.html\" target=\"_blank\" rel=\"noopener\">un terme aux admissions de r\u00e9fugi\u00e9s<\/a> aux \u00c9tats-Unis. Le texte pr\u00e9sidentiel estimait que le programme d\u2019admission des r\u00e9fugi\u00e9s, men\u00e9 de longue date aux Etats-Unis, \u00e9tait \u00ab\u00a0pr\u00e9judiciable aux int\u00e9r\u00eats\u00a0\u00bb du pays.<\/p>\n<p class=\"latino-500b text-grey-600 pb-15\">A lire aussi<\/p>\n<p><a href=\"https:\/\/www.nouvelobs.com\/monde\/20250415.OBS102751\/pourquoi-l-europe-apparait-rassurante-face-au-spectacle-effrayant-de-la-presidence-trump.html\" data-article-key=\"20250415.OBS102751\" class=\"link--box flex-grow-1\" data-piano=\"Page_Article,Lire_aussi,,Lien2,navigation\" target=\"_blank\" rel=\"noopener\"><\/p>\n<p>                <img decoding=\"async\" src=\"data:image\/svg+xml,%3Csvg%20xmlns%3D%27http%3A%2F%2Fwww.w3.org%2F2000%2Fsvg%27%20fill%3D%22%23e4e4e4%22%20viewBox%3D%270%200%20120%2080%27%20width%3D%22120%22%20height%3D%2280%22%3E%3Cpath%20d%3D%27M0%200h120v80H0z%27%2F%3E%3C%2Fsvg%3E\"  width=\"120\" height=\"80\" loading=\"lazy\" alt=\"Au sommet des chefs d\u2019Etat et de gouvernement de l\u2019Union europ\u00e9enne, \u00e0 Bruxelles, le 20\u00a0mars 2025.\"\/><\/p>\n<p class=\"latino-300r latino-lg-600m text-grey-800\">\n                      <strong class=\"latino-300b latino-lg-600m text-grey-500\">Chronique\u00a0<\/strong><br \/>\n                    Pourquoi l\u2019Europe appara\u00eet rassurante face au spectacle effrayant de la pr\u00e9sidence Trump        <\/p>\n<p><\/a><\/p>\n<p>    Lire\u00a0plus\u00a0tard  <\/p>\n<p class=\"node__paragraphe antonia-750r text-grey-800 pb-20 pb-md-30\">\nLes Etats-Unis accueillent des r\u00e9fugi\u00e9s depuis des d\u00e9cennies, via un programme qui constitue l\u2019une des rares voies d\u2019acc\u00e8s \u00e0 la citoyennet\u00e9 am\u00e9ricaine.<\/p>\n<p class=\"node__paragraphe antonia-750r text-grey-800 pb-20 pb-md-30\">\nLa pr\u00e9c\u00e9dente administration de Joe Biden avait fait de l\u2019accueil des r\u00e9fugi\u00e9s une priorit\u00e9. Au cours de l\u2019ann\u00e9e fiscale 2024, quelque 100\u00a0000 r\u00e9fugi\u00e9s se sont r\u00e9install\u00e9s aux Etats-Unis, soit le nombre le plus \u00e9lev\u00e9 depuis trois d\u00e9cennies, selon des chiffres officiels. Depuis son retour au pouvoir, Donald Trump a mis en place une vaste offensive anti-immigration, conform\u00e9ment \u00e0 ses promesses de campagne.<\/p>\n<p class=\"latino-600m text-grey-800\">\n<p>  Par\u00a0<br \/>\nLe Nouvel Obs avec AFP    <\/p>\n","protected":false},"excerpt":{"rendered":"Par\u00a0 Le Nouvel Obs avec AFP Publi\u00e9 le 6 mai 2025 \u00e0 10h20 Donald Trump signe une s\u00e9rie&hellip;\n","protected":false},"author":2,"featured_media":78851,"comment_status":"","ping_status":"","sticky":false,"template":"","format":"standard","meta":{"footnotes":""},"categories":[1589],"tags":[6888,17,11,18506,75,18507,73,1866,17364,9342,74,12,11759,467,1864,1865,1863,308],"class_list":{"0":"post-78850","1":"post","2":"type-post","3":"status-publish","4":"format-standard","5":"has-post-thumbnail","7":"category-etats-unis","8":"tag-6888","9":"tag-17","10":"tag-actualites","11":"tag-administration","12":"tag-donald-trump","13":"tag-entrer","14":"tag-etats-unis","15":"tag-etats-unis-damerique","16":"tag-federal","17":"tag-juge","18":"tag-monde","19":"tag-news","20":"tag-ordonne","21":"tag-trump","22":"tag-united-states","23":"tag-united-states-of-america","24":"tag-us","25":"tag-usa"},"share_on_mastodon":{"url":"https:\/\/pubeurope.com\/@fr\/114460022977772643","error":""},"_links":{"self":[{"href":"https:\/\/www.europesays.com\/fr\/wp-json\/wp\/v2\/posts\/78850","targetHints":{"allow":["GET"]}}],"collection":[{"href":"https:\/\/www.europesays.com\/fr\/wp-json\/wp\/v2\/posts"}],"about":[{"href":"https:\/\/www.europesays.com\/fr\/wp-json\/wp\/v2\/types\/post"}],"author":[{"embeddable":true,"href":"https:\/\/www.europesays.com\/fr\/wp-json\/wp\/v2\/users\/2"}],"replies":[{"embeddable":true,"href":"https:\/\/www.europesays.com\/fr\/wp-json\/wp\/v2\/comments?post=78850"}],"version-history":[{"count":0,"href":"https:\/\/www.europesays.com\/fr\/wp-json\/wp\/v2\/posts\/78850\/revisions"}],"wp:featuredmedia":[{"embeddable":true,"href":"https:\/\/www.europesays.com\/fr\/wp-json\/wp\/v2\/media\/78851"}],"wp:attachment":[{"href":"https:\/\/www.europesays.com\/fr\/wp-json\/wp\/v2\/media?parent=78850"}],"wp:term":[{"taxonomy":"category","embeddable":true,"href":"https:\/\/www.europesays.com\/fr\/wp-json\/wp\/v2\/categories?post=78850"},{"taxonomy":"post_tag","embeddable":true,"href":"https:\/\/www.europesays.com\/fr\/wp-json\/wp\/v2\/tags?post=78850"}],"curies":[{"name":"wp","href":"https:\/\/api.w.org\/{rel}","templated":true}]}}