{"id":788628,"date":"2026-03-10T10:28:15","date_gmt":"2026-03-10T10:28:15","guid":{"rendered":"https:\/\/www.europesays.com\/fr\/788628\/"},"modified":"2026-03-10T10:28:15","modified_gmt":"2026-03-10T10:28:15","slug":"accor-et-extendam-annoncent-un-hotel-tribe-de-209-chambres-a-paris","status":"publish","type":"post","link":"https:\/\/www.europesays.com\/fr\/788628\/","title":{"rendered":"Accor et EXTENDAM annoncent un h\u00f4tel TRIBE de 209 chambres \u00e0 Paris"},"content":{"rendered":"<p>\n                            Le futur \u00e9tablissement 4 \u00e9toiles ouvrira en 2028 dans le cadre du vaste projet de r\u00e9am\u00e9nagement bas carbone Python-Duvernois, dans le 20e arrondissement.\n                    <\/p>\n<p>                    Accor annonce, avec l&rsquo;investisseur h\u00f4telier EXTENDAM, la signature d&rsquo;un accord pour d\u00e9velopper un nouvel \u00e9tablissement sous la marque TRIBE au sein du projet urbain Python-Duvernois, \u00e0 Paris. L&rsquo;h\u00f4tel comptera 209 chambres et s&rsquo;inscrira dans un programme mixte de plus de 100 000 m\u00b2 comprenant logements, bureaux, commerces, \u00e9quipements publics modernis\u00e9s et un parc de 3,3 hectares.<\/p>\n<p>L&rsquo;\u00e9tablissement proposera notamment des espaces de restauration, de coworking, un espace fitness et une salle de r\u00e9union. Il int\u00e9grera \u00e9galement une solution d&rsquo;h\u00e9bergement destin\u00e9e aux professionnels de sant\u00e9, aux aidants et aux patients des h\u00f4pitaux situ\u00e9s \u00e0 proximit\u00e9.<\/p>\n<p>Le projet pr\u00e9voit une conception bas carbone avec l&rsquo;utilisation de mat\u00e9riaux locaux, un raccordement au r\u00e9seau de chaleur urbain, un toit v\u00e9g\u00e9talis\u00e9 et des am\u00e9nagements favorisant la biodiversit\u00e9. L&rsquo;h\u00f4tel vise la certification environnementale BREEAM \u00ab\u00a0Excellent\u00a0\u00bb.<\/p>\n<p>Le titre Accor progresse de plus de 3% ce matin \u00e0 Paris.<\/p>\n","protected":false},"excerpt":{"rendered":"Le futur \u00e9tablissement 4 \u00e9toiles ouvrira en 2028 dans le cadre du vaste projet de r\u00e9am\u00e9nagement bas carbone&hellip;\n","protected":false},"author":2,"featured_media":788629,"comment_status":"","ping_status":"","sticky":false,"template":"","format":"standard","meta":{"footnotes":"","_share_on_mastodon":"0"},"categories":[1888],"tags":[11,340,1777,674,1011,27,12,626,25],"class_list":["post-788628","post","type-post","status-publish","format-standard","has-post-thumbnail","category-paris","tag-actualites","tag-bourse","tag-eu","tag-europe","tag-fr","tag-france","tag-news","tag-paris","tag-republique-francaise"],"share_on_mastodon":{"url":"https:\/\/pubeurope.com\/@fr\/116204411643910242","error":""},"_links":{"self":[{"href":"https:\/\/www.europesays.com\/fr\/wp-json\/wp\/v2\/posts\/788628","targetHints":{"allow":["GET"]}}],"collection":[{"href":"https:\/\/www.europesays.com\/fr\/wp-json\/wp\/v2\/posts"}],"about":[{"href":"https:\/\/www.europesays.com\/fr\/wp-json\/wp\/v2\/types\/post"}],"author":[{"embeddable":true,"href":"https:\/\/www.europesays.com\/fr\/wp-json\/wp\/v2\/users\/2"}],"replies":[{"embeddable":true,"href":"https:\/\/www.europesays.com\/fr\/wp-json\/wp\/v2\/comments?post=788628"}],"version-history":[{"count":0,"href":"https:\/\/www.europesays.com\/fr\/wp-json\/wp\/v2\/posts\/788628\/revisions"}],"wp:featuredmedia":[{"embeddable":true,"href":"https:\/\/www.europesays.com\/fr\/wp-json\/wp\/v2\/media\/788629"}],"wp:attachment":[{"href":"https:\/\/www.europesays.com\/fr\/wp-json\/wp\/v2\/media?parent=788628"}],"wp:term":[{"taxonomy":"category","embeddable":true,"href":"https:\/\/www.europesays.com\/fr\/wp-json\/wp\/v2\/categories?post=788628"},{"taxonomy":"post_tag","embeddable":true,"href":"https:\/\/www.europesays.com\/fr\/wp-json\/wp\/v2\/tags?post=788628"}],"curies":[{"name":"wp","href":"https:\/\/api.w.org\/{rel}","templated":true}]}}