{"id":78864,"date":"2025-05-06T08:54:10","date_gmt":"2025-05-06T08:54:10","guid":{"rendered":"https:\/\/www.europesays.com\/fr\/78864\/"},"modified":"2025-05-06T08:54:10","modified_gmt":"2025-05-06T08:54:10","slug":"ou-et-quand-voir-bad-bunny-en-france-infos-pour-ne-pas-rater-sa-tournee","status":"publish","type":"post","link":"https:\/\/www.europesays.com\/fr\/78864\/","title":{"rendered":"O\u00f9 et quand voir Bad Bunny en France ? Infos pour ne pas rater sa tourn\u00e9e"},"content":{"rendered":"<p><img loading=\"lazy\" decoding=\"async\" alt=\"Shutterstok - Bad bunny a confirm\u00e9 les dates de ses concerts en Europe.\" data-zoom-src=\"https:\/\/www.europesays.com\/fr\/wp-content\/uploads\/2025\/05\/initial-bad-bunny-concert-france-1-1.jpg\" data-zoomable=\"\" height=\"702\" src=\"https:\/\/www.europesays.com\/fr\/wp-content\/uploads\/2025\/05\/initial-bad-bunny-concert-france-1-1.jpg\" width=\"1248\"\/>  <\/p>\n<p class=\"article-desc\">Shutterstok &#8211; Bad bunny a confirm\u00e9 les dates de ses concerts en Europe. <\/p>\n<p>L\u2019artiste portoricain, v\u00e9ritable ic\u00f4ne du reggaeton et du trap latino, <strong>a officialis\u00e9 son retour en France pour l\u2019\u00e9t\u00e9 2026,<\/strong> dans le cadre de son \u00ab\u00a0DeB\u00cd TiRAR M\u00e1S FOToS World Tour\u00a0\u00bb. <\/p>\n<p> Les dates des concerts de Bad Bunny en France <\/p>\n<p>Deux villes fran\u00e7aises accueilleront Bad Bunny pour des shows qui s\u2019annoncent d\u00e9j\u00e0 incroyables : <\/p>\n<p>Ce sera la premi\u00e8re fois que Bad Bunny se produira dans la plus grande salle d\u2019Europe, la Paris La D\u00e9fense Arena, promettant un spectacle \u00e0 la hauteur de sa r\u00e9putation. <\/p>\n<p>Les autres dates europ\u00e9ennes de la tourn\u00e9e <\/p>\n<p>La tourn\u00e9e europ\u00e9enne de Bad Bunny pr\u00e9voit 13 concerts dans les plus grandes villes du continent. Parmi les premi\u00e8res escales confirm\u00e9es pour l\u2019\u00e9t\u00e9 2026 : <\/p>\n<ul>\n<li>\n<p>Barcelone \u2013 Palau Sant Jordi : 22 mai 2026 ; <\/p>\n<\/li>\n<li>\n<p>Madrid \u2013 C\u00edvitas Metropolitano : 30 et 31 mai 2026 ; <\/p>\n<\/li>\n<li>\n<p>Lisbonne \u2013 Estadio da Luz : 26 mai 2026 ; <\/p>\n<\/li>\n<li>\n<p>D\u00fcsseldorf \u2013 Merkur Spiel-Arena : 20 juin 2026 ; <\/p>\n<\/li>\n<li>\n<p>Arnhem \u2013 Gelredome : 23 juin 2026 ; <\/p>\n<\/li>\n<li>\n<p>Londres \u2013 Tottenham Hotspur Stadium : 27 juin 2026 ; <\/p>\n<\/li>\n<li>\n<p>Marseille \u2013 Stade Orange V\u00e9lodrome : 1er juillet 2026 ; <\/p>\n<\/li>\n<li>\n<p>Paris \u2013 Paris La D\u00e9fense Arena : 4 juillet 2026 ; <\/p>\n<\/li>\n<li>\n<p>Stockholm \u2013 Strawberry Arena : 10 juillet 2026 ; <\/p>\n<\/li>\n<li>\n<p>Varsovie \u2013 PGE Narodowy : 14 juillet 2026 ; <\/p>\n<\/li>\n<li>\n<p>Milan \u2013 La Ma : 17 juillet 2026 ; <\/p>\n<\/li>\n<li>\n<p>Bruxelles \u2013 Stade Roi Baudouin : 22 juillet 2026.\u00a0 <\/p>\n<\/li>\n<\/ul>\n<p> Ouverture de la billetterie : les dates \u00e0 retenir <\/p>\n<p>On connait d\u00e9sormais la date de l\u2019ouverture de la billetterie qui est fix\u00e9e au<strong> vendredi 9 mai 2025 \u00e0 12 h<\/strong>. <a href=\"https:\/\/www.livenation.fr\/show\/1596792\/bad-bunny-deb%C3%AD-tirar-m%C3%A1s-fotos-world-tour\/nanterre\/2026-07-04\" target=\"_blank\" rel=\"noopener\">Une pr\u00e9vente exclusive sera organis\u00e9e par Live Nation France<\/a> d\u00e8s le <strong>jeudi 8 mai \u00e0 12 h.<\/strong> <\/p>\n<p>Les places risquent de partir en quelques minutes, comme ce fut le cas lors de ses derni\u00e8res tourn\u00e9es. Il est donc recommand\u00e9 de rester \u00e0 l\u2019aff\u00fbt d\u00e8s l\u2019ouverture de la billetterie pour ne pas passer \u00e0 c\u00f4t\u00e9 de l\u2019\u00e9v\u00e9nement.<\/p>\n","protected":false},"excerpt":{"rendered":"Shutterstok &#8211; Bad bunny a confirm\u00e9 les dates de ses concerts en Europe. L\u2019artiste portoricain, v\u00e9ritable ic\u00f4ne du&hellip;\n","protected":false},"author":2,"featured_media":78865,"comment_status":"","ping_status":"","sticky":false,"template":"","format":"standard","meta":{"footnotes":""},"categories":[4],"tags":[11,18274,4156,1011,27,12,18511,25],"class_list":{"0":"post-78864","1":"post","2":"type-post","3":"status-publish","4":"format-standard","5":"has-post-thumbnail","7":"category-france","8":"tag-actualites","9":"tag-bad-bunny","10":"tag-concerts","11":"tag-fr","12":"tag-france","13":"tag-news","14":"tag-reggaeton","15":"tag-republique-francaise"},"share_on_mastodon":{"url":"https:\/\/pubeurope.com\/@fr\/114460050815767905","error":""},"_links":{"self":[{"href":"https:\/\/www.europesays.com\/fr\/wp-json\/wp\/v2\/posts\/78864","targetHints":{"allow":["GET"]}}],"collection":[{"href":"https:\/\/www.europesays.com\/fr\/wp-json\/wp\/v2\/posts"}],"about":[{"href":"https:\/\/www.europesays.com\/fr\/wp-json\/wp\/v2\/types\/post"}],"author":[{"embeddable":true,"href":"https:\/\/www.europesays.com\/fr\/wp-json\/wp\/v2\/users\/2"}],"replies":[{"embeddable":true,"href":"https:\/\/www.europesays.com\/fr\/wp-json\/wp\/v2\/comments?post=78864"}],"version-history":[{"count":0,"href":"https:\/\/www.europesays.com\/fr\/wp-json\/wp\/v2\/posts\/78864\/revisions"}],"wp:featuredmedia":[{"embeddable":true,"href":"https:\/\/www.europesays.com\/fr\/wp-json\/wp\/v2\/media\/78865"}],"wp:attachment":[{"href":"https:\/\/www.europesays.com\/fr\/wp-json\/wp\/v2\/media?parent=78864"}],"wp:term":[{"taxonomy":"category","embeddable":true,"href":"https:\/\/www.europesays.com\/fr\/wp-json\/wp\/v2\/categories?post=78864"},{"taxonomy":"post_tag","embeddable":true,"href":"https:\/\/www.europesays.com\/fr\/wp-json\/wp\/v2\/tags?post=78864"}],"curies":[{"name":"wp","href":"https:\/\/api.w.org\/{rel}","templated":true}]}}