{"id":78870,"date":"2025-05-06T08:58:08","date_gmt":"2025-05-06T08:58:08","guid":{"rendered":"https:\/\/www.europesays.com\/fr\/78870\/"},"modified":"2025-05-06T08:58:08","modified_gmt":"2025-05-06T08:58:08","slug":"insolite-atp-casper-ruud-sur-carlos-alcaraz-jai-entendu-dire-quil-vivait-toujours-avec-ses-parents-a-murcie-et-quil-avait-toujours-sa-chambre-denfance-cest-un-homme-tres-humble-que-peut-o","status":"publish","type":"post","link":"https:\/\/www.europesays.com\/fr\/78870\/","title":{"rendered":"Insolite, ATP > Casper Ruud sur Carlos Alcaraz : \u00ab\u00a0J&rsquo;ai entendu dire qu&rsquo;il vivait toujours avec ses parents \u00e0 Murcie et qu&rsquo;il avait toujours sa chambre d&rsquo;enfance. C&rsquo;est un homme tr\u00e8s humble. Que peut-on demander de plus \u00e0 un athl\u00e8te ?\u00a0\u00bb"},"content":{"rendered":"<p>\u00c0 l\u2019oc\u00adca\u00adsion de l\u2019an\u00adni\u00adver\u00adsaire de Carlos Alcaraz, qui a f\u00eat\u00e9 ses 22 ans ce lundi, le m\u00e9dia <a href=\"https:\/\/www.tennis.com\/news\/articles\/why-tennis-very-lucky-have-carlos-alcaraz\" data-wpel-link=\"external\" target=\"_blank\" rel=\"nofollow external noopener\">Tennis.com<\/a> a recueilli quelques d\u00e9cla\u00adra\u00adtions de joueurs sur le plus jeune num\u00e9ro 1 mondial de l\u2019his\u00adtoire, d\u00e9j\u00e0 vain\u00adqueur de quatre tour\u00adnois du Grand Chelem sur les trois surfaces diff\u00e9rentes.\u00a0<\/p>\n<p>Le r\u00e9cent vain\u00adqueur du Masters 1000 de Madrid, Casper Ruud, battu par Alcaraz en finale de l\u2019US Open 2022, n\u2019a pas tari d\u2019\u00e9loges envers l\u2019Espagnol.\u00a0<\/p>\n<p><strong>\u00ab\u202fJ\u2019ai entendu dire qu\u2019il vivait toujours avec ses parents \u00e0 Murcie, qu\u2019il avait toujours sa propre chambre dans la maison. C\u2019est un homme tr\u00e8s humble. Que peut\u2010on demander de plus \u00e0 un athl\u00e8te\u202f? C\u2019est un excellent mod\u00e8le pour les enfants, de par sa fa\u00e7on de jouer, mais aussi de se comporter et d\u2019agir en dehors du terrain.\u202f\u00bb<\/strong><\/p>\n<p class=\"post-published-date\" style=\"color: silver; font-size: 75%; text-align: left;\">Publi\u00e9 le mardi 6 mai 2025 \u00e0 09:25<\/p>\n","protected":false},"excerpt":{"rendered":"\u00c0 l\u2019oc\u00adca\u00adsion de l\u2019an\u00adni\u00adver\u00adsaire de Carlos Alcaraz, qui a f\u00eat\u00e9 ses 22 ans ce lundi, le m\u00e9dia Tennis.com&hellip;\n","protected":false},"author":2,"featured_media":78871,"comment_status":"","ping_status":"","sticky":false,"template":"","format":"standard","meta":{"footnotes":""},"categories":[1415],"tags":[1744,1011,27,60,1467],"class_list":{"0":"post-78870","1":"post","2":"type-post","3":"status-publish","4":"format-standard","5":"has-post-thumbnail","7":"category-tennis","8":"tag-alcaraz","9":"tag-fr","10":"tag-france","11":"tag-sports","12":"tag-tennis"},"share_on_mastodon":{"url":"https:\/\/pubeurope.com\/@fr\/114460065959816521","error":""},"_links":{"self":[{"href":"https:\/\/www.europesays.com\/fr\/wp-json\/wp\/v2\/posts\/78870","targetHints":{"allow":["GET"]}}],"collection":[{"href":"https:\/\/www.europesays.com\/fr\/wp-json\/wp\/v2\/posts"}],"about":[{"href":"https:\/\/www.europesays.com\/fr\/wp-json\/wp\/v2\/types\/post"}],"author":[{"embeddable":true,"href":"https:\/\/www.europesays.com\/fr\/wp-json\/wp\/v2\/users\/2"}],"replies":[{"embeddable":true,"href":"https:\/\/www.europesays.com\/fr\/wp-json\/wp\/v2\/comments?post=78870"}],"version-history":[{"count":0,"href":"https:\/\/www.europesays.com\/fr\/wp-json\/wp\/v2\/posts\/78870\/revisions"}],"wp:featuredmedia":[{"embeddable":true,"href":"https:\/\/www.europesays.com\/fr\/wp-json\/wp\/v2\/media\/78871"}],"wp:attachment":[{"href":"https:\/\/www.europesays.com\/fr\/wp-json\/wp\/v2\/media?parent=78870"}],"wp:term":[{"taxonomy":"category","embeddable":true,"href":"https:\/\/www.europesays.com\/fr\/wp-json\/wp\/v2\/categories?post=78870"},{"taxonomy":"post_tag","embeddable":true,"href":"https:\/\/www.europesays.com\/fr\/wp-json\/wp\/v2\/tags?post=78870"}],"curies":[{"name":"wp","href":"https:\/\/api.w.org\/{rel}","templated":true}]}}