{"id":78908,"date":"2025-05-06T09:18:07","date_gmt":"2025-05-06T09:18:07","guid":{"rendered":"https:\/\/www.europesays.com\/fr\/78908\/"},"modified":"2025-05-06T09:18:07","modified_gmt":"2025-05-06T09:18:07","slug":"trois-forces-de-gauche-sunissent-quid-du-ps","status":"publish","type":"post","link":"https:\/\/www.europesays.com\/fr\/78908\/","title":{"rendered":"trois forces de gauche s&rsquo;unissent, quid du PS\u00a0?"},"content":{"rendered":"<p>            Par<br \/>\n        <strong><br \/>\n            <a href=\"https:\/\/actu.fr\/auteur\/mathias-souteyrat\" title=\"Consulter tous les articles de Mathias Souteyrat\" target=\"_blank\" rel=\"noopener\">Mathias Souteyrat<\/a><br \/>\n        <\/strong><\/p>\n<p>        Publi\u00e9 le<\/p>\n<p>            6 mai 2025 \u00e0 10h55        <\/p>\n<p>Les \u00c9cologistes, La France Insoumise et Saint\u00e9 populaire s\u2019associent \u00ab\u2009pour construire l\u2019union de la gauche, des \u00e9cologistes et des citoyens pour gagner ensemble\u2009\u00bb, \u00e9crivent les forces politiques de gauche (hors PS) dans un communiqu\u00e9 de presse le 5\u00a0mai 2025 en vue des \u00e9lections municipales de 2026.<\/p>\n<p class=\" wall-content\">\u00ab\u2009Toutes les forces de gauche et \u00e9cologistes de <a href=\"https:\/\/actu.fr\/saint-etienne\/\" target=\"_blank\" rel=\"noopener\">Saint-Etienne<\/a> dressent le constat accablant de la faillite politique et morale de la majorit\u00e9 municipale. Elles souhaitent b\u00e2tir une union large, permettant de tourner radicalement la page des mandats de Ga\u00ebl Perdriau tant sur le fond que sur la m\u00e9thode.\u2009\u00bb<\/p>\n<p>D\u00e9mocratie locale, services publics, transports\u2026<\/p>\n<p class=\" wall-content\">Voici quelques id\u00e9es de programme annonc\u00e9es\u2009:<\/p>\n<ul class=\" wall-content\">\n<li>R\u00e9inventer la d\u00e9mocratie locale et rendre possible la participation de tous les St\u00e9phanois aux d\u00e9cisions de la ville<\/li>\n<li>Saint-Etienne doit renforcer les services publics (\u00e9ducation, sant\u00e9, culture, sport\u2026)<\/li>\n<li>Saint-Etienne doit am\u00e9liorer l\u2019accessibilit\u00e9 de tous ses territoires\u2009: une augmentation significative de l\u2019amplitude et de la fr\u00e9quence des transports en commun, des voies pour les modes de d\u00e9placement actifs\u2026<\/li>\n<li>Le droit a un logement digne est primordial avec une lutte contre toutes les formes de mal-logement<\/li>\n<\/ul>\n<p class=\" wall-content\">\u00ab\u00a0Ce travail commun de construction, d\u2019\u00e9laboration d\u2019un projet pour Saint-Etienne doit \u00eatre men\u00e9 en totale transparence afin d\u2019offrir \u00e0 chacun le pouvoir d\u2019y participer.\u00a0\u00bb<\/p>\n<p>Vid\u00e9os : en ce moment sur ActuLa gauche rafle les deux postes de d\u00e9put\u00e9s \u00e0 Saint-Etienne<\/p>\n<p class=\" wall-content\">Quid du PS dans cette alliance\u2009? \u00ab\u2009Saint\u00e9 populaire, les \u00c9cologistes et La France Insoumise appellent toutes les forces de progr\u00e8s et de gauche \u00e0 les rejoindre et \u00e0 gagner ensemble pour construire l\u2019avenir de Saint-Etienne jusqu\u2019en 2032.\u2009\u00bb<\/p>\n<p>Andr\u00e9e Taurinya (LFI) condamn\u00e9e pour diffamation<\/p>\n<p>La d\u00e9put\u00e9e LFI de la Loire Andr\u00e9e Taurinya a \u00e9t\u00e9 condamn\u00e9e lundi par le tribunal correctionnel de Saint-Etienne \u00e0 2.000 euros d&rsquo;amende avec sursis pour diffamation envers un candidat de Debout la France aux derni\u00e8res \u00e9lections l\u00e9gislatives, qu&rsquo;elle avait accus\u00e9 d&rsquo;antis\u00e9mitisme.<br \/>Elle devra en outre verser un peu moins de 4.500 euros au titre des int\u00e9r\u00eats civils \u00e0 Gerbert Rambaud, vice-pr\u00e9sident de Debout la France.<br \/>Le pr\u00e9sident du tribunal a expliqu\u00e9 que la d\u00e9put\u00e9e  \u00ab\u00a0s&rsquo;est rendue coupable de diffamation pour avoir, sur le r\u00e9seau social X, le 4 juillet 2024, mis le message suivant : Gerbert Rambaud, candidat RN antis\u00e9mite de la Loire, qui parle d&rsquo;un grand complot juif\u00a0\u00bb.<br \/>Selon le tribunal, \u00ab\u00a0les propos qu&rsquo;il a tenus en 2020 sur le r\u00e9seau X (ex-Twitter) ne justifient pas \u00e0 eux seuls le qualificatif d&rsquo;antis\u00e9mite\u00a0\u00bb.<br \/>Par ailleurs, la justice rel\u00e8ve qu&rsquo;Andr\u00e9e Taurinya \u00ab\u00a0a elle-m\u00eame d\u00e9clar\u00e9 \u00e0 l&rsquo;audience qu&rsquo;elle ne savait pas si Gerbert Rambaud \u00e9tait antis\u00e9mite et qu&rsquo;elle pensait qu&rsquo;il \u00e9tait membre du parti Rassemblement national sans avoir effectu\u00e9 aucune v\u00e9rification, se limitant \u00e0 la lecture d&rsquo;un article et \u00e0 la rumeur populaire\u00a0\u00bb.<br \/>Dans sa d\u00e9cision, le tribunal indique que la d\u00e9put\u00e9e a \u00e9galement admis vouloir associer Gerbert Rambaud, vice-pr\u00e9sident de Debout la France, \u00ab\u00a0\u00e0 l&rsquo;ensemble des membres du parti RN qu&rsquo;elle consid\u00e8re antis\u00e9mite\u00a0\u00bb.<br \/>M. Rambaud n&rsquo;\u00e9tait pas candidat du Rassemblement national pour les \u00e9lections l\u00e9gislatives de 2024, et \u00ab\u00a0il est factuellement faux qu&rsquo;il ait parl\u00e9 de grand complot juif. Dans ces conditions, la bonne foi d&rsquo;Andr\u00e9e Taurinya ne saurait \u00eatre admise\u00a0\u00bb, a poursuivi le tribunal.<br \/>\u00c0 l&rsquo;issue du d\u00e9lib\u00e9r\u00e9, le plaignant a d\u00e9clar\u00e9 \u00e0 l&rsquo;AFP \u00eatre \u00ab\u00a0satisfait de la peine symbolique\u00a0\u00bb prononc\u00e9e. <br \/>La d\u00e9put\u00e9e a annonc\u00e9 \u00ab\u00a0faire appel du jugement\u00a0\u00bb.<\/p>\n<p>Voir tout<\/p>\n<p class=\" wall-content\">Lors des derni\u00e8res \u00e9lections l\u00e9gislatives, Pierrick Courbon (PS \/ Nouveau Front Populaire) est devenu d\u00e9put\u00e9 de la 1re circonscription de Saint-Etienne (66.7\u2009%) et\u00a0Andr\u00e9e Taurinya LFI\/ Nouveau Front Populaire) \u00e9lue dans la 2e circonscription (48,73\u2009%).<\/p>\n<p>Les r\u00e9sultats de 2020<\/p>\n<p class=\" wall-content\">Les r\u00e9sultats des \u00e9lections municipales en 2020 \u00e0 Saint-Etienne\u2009:<\/p>\n<ul class=\" wall-content\">\n<li>Ga\u00ebl Perdriau (LR \u2013 UDI \u2013 MoDem \u2013 LC \u2013 MR \u2013 AC \u2013 SL \u2013 VE) a \u00e9t\u00e9 \u00e9lu maire \u00e0 58,91\u2009%<\/li>\n<li>Pierrick Courbon (PS \u2013 PCF \u2013 G. s \u2013 PP \u2013 PRG), rejoint au second tour par Olivier Longeon (EELV)\u2009: 41,08\u2009%<\/li>\n<\/ul>\n<p class=\" wall-content\">Comme en 2020, la gauche va-t-elle partir en ordre dispers\u00e9 au 1\u1d49\u02b3 tour\u2009? Le PS n\u2019a pas encore r\u00e9agi \u00e0 cet appel \u00e0 \u00ab\u2009l\u2019union\u2009\u00bb.<\/p>\n<p class=\" wall-content\"><strong>Avec AFP<\/strong><\/p>\n<p class=\" wall-content\">Suivez toute l\u2019actualit\u00e9 de vos villes et m\u00e9dias favoris en vous inscrivant \u00e0 <a href=\"https:\/\/moncompte.actu.fr\" title=\"D\u00e9couvez Mon Actu\" rel=\"nofollow noopener\" data-trk=\"{&quot;cta&quot;:{&quot;action&quot;:&quot;https:\\\/\\\/moncompte.actu.fr&quot;,&quot;category&quot;:&quot;mon compte&quot;,&quot;from&quot;:&quot;article footer&quot;,&quot;name&quot;:&quot;Mon actu&quot;,&quot;type&quot;:&quot;cta&quot;}}\" target=\"_blank\">Mon Actu<\/a>.<\/p>\n","protected":false},"excerpt":{"rendered":"Par Mathias Souteyrat Publi\u00e9 le 6 mai 2025 \u00e0 10h55 Les \u00c9cologistes, La France Insoumise et Saint\u00e9 populaire&hellip;\n","protected":false},"author":2,"featured_media":78909,"comment_status":"","ping_status":"","sticky":false,"template":"","format":"standard","meta":{"footnotes":""},"categories":[9653],"tags":[1111,11,2430,4188,1777,674,7430,1011,27,1023,3434,12,316,25,4001],"class_list":{"0":"post-78908","1":"post","2":"type-post","3":"status-publish","4":"format-standard","5":"has-post-thumbnail","7":"category-saint-etienne","8":"tag-actu","9":"tag-actualites","10":"tag-auvergne-rhone-alpes","11":"tag-elections-municipales","12":"tag-eu","13":"tag-europe","14":"tag-europe-ecologie-les-verts-eelv","15":"tag-fr","16":"tag-france","17":"tag-la-france-insoumise-lfi","18":"tag-municipales-2026","19":"tag-news","20":"tag-politique","21":"tag-republique-francaise","22":"tag-saint-etienne"},"share_on_mastodon":{"url":"https:\/\/pubeurope.com\/@fr\/114460144661860985","error":""},"_links":{"self":[{"href":"https:\/\/www.europesays.com\/fr\/wp-json\/wp\/v2\/posts\/78908","targetHints":{"allow":["GET"]}}],"collection":[{"href":"https:\/\/www.europesays.com\/fr\/wp-json\/wp\/v2\/posts"}],"about":[{"href":"https:\/\/www.europesays.com\/fr\/wp-json\/wp\/v2\/types\/post"}],"author":[{"embeddable":true,"href":"https:\/\/www.europesays.com\/fr\/wp-json\/wp\/v2\/users\/2"}],"replies":[{"embeddable":true,"href":"https:\/\/www.europesays.com\/fr\/wp-json\/wp\/v2\/comments?post=78908"}],"version-history":[{"count":0,"href":"https:\/\/www.europesays.com\/fr\/wp-json\/wp\/v2\/posts\/78908\/revisions"}],"wp:featuredmedia":[{"embeddable":true,"href":"https:\/\/www.europesays.com\/fr\/wp-json\/wp\/v2\/media\/78909"}],"wp:attachment":[{"href":"https:\/\/www.europesays.com\/fr\/wp-json\/wp\/v2\/media?parent=78908"}],"wp:term":[{"taxonomy":"category","embeddable":true,"href":"https:\/\/www.europesays.com\/fr\/wp-json\/wp\/v2\/categories?post=78908"},{"taxonomy":"post_tag","embeddable":true,"href":"https:\/\/www.europesays.com\/fr\/wp-json\/wp\/v2\/tags?post=78908"}],"curies":[{"name":"wp","href":"https:\/\/api.w.org\/{rel}","templated":true}]}}