{"id":78925,"date":"2025-05-06T09:26:07","date_gmt":"2025-05-06T09:26:07","guid":{"rendered":"https:\/\/www.europesays.com\/fr\/78925\/"},"modified":"2025-05-06T09:26:07","modified_gmt":"2025-05-06T09:26:07","slug":"malaise-et-manifestation-autour-dune-soiree-avec-ad-laurent-a-rouen","status":"publish","type":"post","link":"https:\/\/www.europesays.com\/fr\/78925\/","title":{"rendered":"malaise et manifestation autour d&rsquo;une soir\u00e9e avec AD Laurent \u00e0 Rouen"},"content":{"rendered":"<p>            Par<br \/>\n        <strong><br \/>\n            <a href=\"https:\/\/actu.fr\/auteur\/thomas-rideau\" title=\"Consulter tous les articles de Thomas Rideau\" target=\"_blank\" rel=\"noopener\">Thomas Rideau<\/a><br \/>\n        <\/strong><\/p>\n<p>        Publi\u00e9 le<\/p>\n<p>            6 mai 2025 \u00e0 11h02        <\/p>\n<p><strong>\u00ab\u2009On n\u2019\u00e9tait pas au courant\u2009\u00bb<\/strong>, glisse \u00e076actu le patron du Boho qui oscille entre exasp\u00e9ration et l\u00e9g\u00e8re g\u00eane. La bo\u00eete de nuit de <a href=\"https:\/\/actu.fr\/normandie\/rouen_76540\" target=\"_blank\" rel=\"noopener\">Rouen (Seine-Maritime)<\/a> accueille en effet AD Laurent, presque <strong>deux millions de followers sur Tiktok<\/strong>, acteur pornographique et ancienne \u00ab\u2009star\u2009\u00bb de la t\u00e9l\u00e9r\u00e9alit\u00e9 dans les ann\u00e9es 2010. Probl\u00e8me\u2009: il fait l\u2019objet d\u2019une <a href=\"https:\/\/www.leparisien.fr\/societe\/shows-obscenes-accusation-de-viol-comment-le-controverse-adrien-laurent-est-devenu-la-star-des-jeunes-22-03-2025-GJSFNBFXRVDXZGRPVQ72KLZJ4A.php\" target=\"_blank\" rel=\"noopener\">plainte pour viols\u00a0\u2013 qu\u2019il nie cat\u00e9goriquement<\/a>. L\u2019association f\u00e9ministe <strong>Nous Toutes Rouen<\/strong> est notamment mont\u00e9e au cr\u00e9neau pour d\u00e9noncer l\u2019organisation de cette soir\u00e9e et organise une manifestation devant le Boho mercredi 7\u00a0mai, \u00e0 23h.<\/p>\n<p>\u00ab\u2009C\u2019est l\u2019influenceur du moment\u2009\u00bb<\/p>\n<p class=\" wall-content\">\u00ab\u2009C\u2019est une date qui s\u2019inscrit <strong>dans une tourn\u00e9e nationale<\/strong> et on r\u00e9pond \u00e0 une demande\u2009\u00bb, explique le responsable de la bo\u00eete de nuit du Boho qui se serait bien pass\u00e9 de cette pol\u00e9mique qui commence \u00e0 enfler. \u00ab\u2009Les accusations de viol <strong>remontent \u00e0 2018<\/strong>, en Australie. On n\u2019\u00e9tait pas au courant. On ne l\u2019aurait peut-\u00eatre pas fait [de l\u2019inviter]\u2009\u00bb, glisse le patron avant de d\u00e9fendre ce choix.<\/p>\n<p class=\" wall-content\">\u00ab\u2009On demande r\u00e9guli\u00e8rement \u00e0 notre communaut\u00e9 sur les r\u00e9seaux ce qu\u2019ils souhaitent comme soir\u00e9e et AD Laurent<strong> revenait tout le temps\u2009!<\/strong> On r\u00e9pond \u00e0 une demande\u2009\u00bb, lance le g\u00e9rant. Et de rappeler que la soir\u00e9e est interdite aux mineurs avec pr\u00e9sentation de pi\u00e8ces d\u2019identit\u00e9 avant d\u2019entrer. <strong>\u00ab\u2009C\u2019est l\u2019influenceur du moment\u2009\u00bb<\/strong>, comme pour dire qu\u2019il est compliqu\u00e9 de ne pas l\u2019inviter. Et d\u2019ailleurs, il n\u2019est pas question d\u2019annuler la soir\u00e9e. D\u2019apr\u00e8s lui, sur l\u2019ensemble des billets vendus \u00e0 la pr\u00e9vente, pr\u00e8s de la moiti\u00e9 a \u00e9t\u00e9 achet\u00e9e par des femmes.<\/p>\n<blockquote class=\"ac-article-quote wall-content\">\n<p>Il va faire des photos, distribuer des cadeaux\u2026 Il fait des dates partout en France, je ne comprends pas pourquoi il y a une pol\u00e9mique qu\u2019ici<\/p>\n<p>    <strong>Patron du Boho<\/strong>\n            <\/p><\/blockquote>\n<p class=\" wall-content\">Du c\u00f4t\u00e9 de l\u2019association f\u00e9ministe Nous Toutes Rouen, on est atterr\u00e9. Et on a signal\u00e9, sur les r\u00e9seaux sociaux, la soir\u00e9e. \u00ab\u2009Dans un contexte dans lequel de nombreuses victimes de violences sexistes et sexuelles peinent \u00e0 \u00eatre entendues, donner de la visibilit\u00e9 et une plateforme \u00e0 une personne mise en cause dans<strong> une affaire aussi grave<\/strong> participe \u00e0 banaliser ces actes et envoie un message d\u2019indiff\u00e9rence aux survivantes\u2009\u00bb, souligne le collectif.<\/p>\n<p class=\" wall-content\">Enfin, l\u2019\u00e9quipe d\u2019<strong>AD Laurent<\/strong>, qui a partag\u00e9 au maximum sur les r\u00e9seaux la soir\u00e9e du 7\u00a0mai 2025 a offert une beaucoup de visibilit\u00e9 \u00e0 la bo\u00eete rouennaise. \u00ab\u2009On n\u2019a jamais eu autant de partages sur Internet\u2009\u00bb, indique d\u2019ailleurs le patron du Boho. <a href=\"https:\/\/www.tiktok.com\/@bohoclub\/video\/7498799664238497046\" target=\"_blank\" rel=\"noopener\">\u00ab\u2009J\u2019arrive \u00e0 Rouen pour tout baiser\u2009\u00bb<\/a>, promet le principal int\u00e9ress\u00e9 qui risque malgr\u00e9 tout de se retrouver dans une ambiance un peu \u00e9trange si le collectif Nous Toutes parvient \u00e0 mettre en place <a href=\"https:\/\/www.facebook.com\/stories\/101971245307697\/UzpfSVNDOjcxODI1Mzg4NDE1Nzk2Mg==\/?bucket_count=9&amp;source=story_tray\" target=\"_blank\" rel=\"noopener\">sa manifestation<\/a>.<\/p>\n<p>Un rassemblement contre la venue d\u2019AD Laurent<\/p>\n<p class=\" wall-content\">\u00ab\u2009Il y a des personnes<strong> tr\u00e8s comp\u00e9tentes<\/strong> dans le milieu de la nuit qui n\u2019ont pas d\u2019affaire en cours\u2009\u00bb, rappelle Alice, une membre de Nous Toutes Rouen, contact\u00e9e par 76actu. \u00ab\u2009Les organisateurs disent qu\u2019ils n\u2019\u00e9taient pas au courant de cette plainte pour viols, mais se renseigner sur la personne qu\u2019on invite <strong>doit \u00eatre un r\u00e9flexe<\/strong>\u2009!\u2009\u00bb<\/p>\n<p class=\" wall-content\">\u00ab\u2009Inviter des personnes condamn\u00e9es ou mises en cause, c\u2019est envoyer<strong> un mauvais message aux victimes<\/strong>. On leur demande de parler, de lib\u00e9rer la parole, mais les auteurs de VSS (violences sexistes et sexuelles) profitent toujours d\u2019une audience. [\u2026] Cette manifestation, c\u2019est aussi pour dire \u00e0 toutes les victimes qu\u2019<strong>on les croit<\/strong> et que nous sommes avec elles\u2009\u00bb, affirme Alice.<\/p>\n<p class=\" wall-content\">\u00c0 noter que ce rassemblement contre la venue d\u2019AD Laurent va s\u2019apparenter \u00e0 <strong>une distribution d\u2019informations<\/strong> et non \u00e0 un blocage de l\u2019\u00e9tablissement, pr\u00e9cise la militante.<\/p>\n<p>Suivez l\u2019actualit\u00e9 de Rouen <a href=\"https:\/\/www.whatsapp.com\/channel\/0029VaKfnf99hXF2ddApFB1D\" target=\"_blank\" rel=\"noopener\">sur notre cha\u00eene WhatsApp<\/a> et <a href=\"https:\/\/www.tiktok.com\/@76actu.fr?lang=fr\" target=\"_blank\" rel=\"noopener\">sur notre compte TikTok<\/a><\/p>\n<p class=\" wall-content\">Suivez toute l\u2019actualit\u00e9 de vos villes et m\u00e9dias favoris en vous inscrivant \u00e0 <a href=\"https:\/\/moncompte.actu.fr\" title=\"D\u00e9couvez Mon Actu\" rel=\"nofollow noopener\" data-trk=\"{&quot;cta&quot;:{&quot;action&quot;:&quot;https:\\\/\\\/moncompte.actu.fr&quot;,&quot;category&quot;:&quot;mon compte&quot;,&quot;from&quot;:&quot;article footer&quot;,&quot;name&quot;:&quot;Mon actu&quot;,&quot;type&quot;:&quot;cta&quot;}}\" target=\"_blank\">Mon Actu<\/a>.<\/p>\n<ul class=\"ac-article-tag wall-content\">\n<li><a href=\"https:\/\/actu.fr\/tag\/feminisme\" data-trk=\"{&quot;cta&quot;:{&quot;action&quot;:&quot;F\\u00e9minisme&quot;,&quot;category&quot;:&quot;tag&quot;,&quot;from&quot;:&quot;article footer&quot;,&quot;name&quot;:&quot;F\\u00e9minisme&quot;,&quot;type&quot;:&quot;cta&quot;}}\" target=\"_blank\" rel=\"noopener\">#F\u00e9minisme<\/a><\/li>\n<li><a href=\"https:\/\/actu.fr\/tag\/violences-sexuelles\" data-trk=\"{&quot;cta&quot;:{&quot;action&quot;:&quot;Violences sexuelles&quot;,&quot;category&quot;:&quot;tag&quot;,&quot;from&quot;:&quot;article footer&quot;,&quot;name&quot;:&quot;Violences sexuelles&quot;,&quot;type&quot;:&quot;cta&quot;}}\" target=\"_blank\" rel=\"noopener\">#Violences sexuelles<\/a><\/li>\n<\/ul>\n<p>                    <script async src=\"\/\/www.tiktok.com\/embed.js\"><\/script><\/p>\n","protected":false},"excerpt":{"rendered":"Par Thomas Rideau Publi\u00e9 le 6 mai 2025 \u00e0 11h02 \u00ab\u2009On n\u2019\u00e9tait pas au courant\u2009\u00bb, glisse \u00e076actu le&hellip;\n","protected":false},"author":2,"featured_media":78926,"comment_status":"","ping_status":"","sticky":false,"template":"","format":"standard","meta":{"footnotes":""},"categories":[9587],"tags":[1111,11,1777,674,6757,1011,27,12,5161,25,9590,104,799],"class_list":{"0":"post-78925","1":"post","2":"type-post","3":"status-publish","4":"format-standard","5":"has-post-thumbnail","7":"category-rouen","8":"tag-actu","9":"tag-actualites","10":"tag-eu","11":"tag-europe","12":"tag-feminisme","13":"tag-fr","14":"tag-france","15":"tag-news","16":"tag-normandie","17":"tag-republique-francaise","18":"tag-rouen","19":"tag-societe","20":"tag-violences-sexuelles"},"share_on_mastodon":{"url":"https:\/\/pubeurope.com\/@fr\/114460176102192688","error":""},"_links":{"self":[{"href":"https:\/\/www.europesays.com\/fr\/wp-json\/wp\/v2\/posts\/78925","targetHints":{"allow":["GET"]}}],"collection":[{"href":"https:\/\/www.europesays.com\/fr\/wp-json\/wp\/v2\/posts"}],"about":[{"href":"https:\/\/www.europesays.com\/fr\/wp-json\/wp\/v2\/types\/post"}],"author":[{"embeddable":true,"href":"https:\/\/www.europesays.com\/fr\/wp-json\/wp\/v2\/users\/2"}],"replies":[{"embeddable":true,"href":"https:\/\/www.europesays.com\/fr\/wp-json\/wp\/v2\/comments?post=78925"}],"version-history":[{"count":0,"href":"https:\/\/www.europesays.com\/fr\/wp-json\/wp\/v2\/posts\/78925\/revisions"}],"wp:featuredmedia":[{"embeddable":true,"href":"https:\/\/www.europesays.com\/fr\/wp-json\/wp\/v2\/media\/78926"}],"wp:attachment":[{"href":"https:\/\/www.europesays.com\/fr\/wp-json\/wp\/v2\/media?parent=78925"}],"wp:term":[{"taxonomy":"category","embeddable":true,"href":"https:\/\/www.europesays.com\/fr\/wp-json\/wp\/v2\/categories?post=78925"},{"taxonomy":"post_tag","embeddable":true,"href":"https:\/\/www.europesays.com\/fr\/wp-json\/wp\/v2\/tags?post=78925"}],"curies":[{"name":"wp","href":"https:\/\/api.w.org\/{rel}","templated":true}]}}