{"id":789288,"date":"2026-03-10T17:01:11","date_gmt":"2026-03-10T17:01:11","guid":{"rendered":"https:\/\/www.europesays.com\/fr\/789288\/"},"modified":"2026-03-10T17:01:11","modified_gmt":"2026-03-10T17:01:11","slug":"greve-a-la-poste-les-plis-electoraux-arriveront-ils-a-temps","status":"publish","type":"post","link":"https:\/\/www.europesays.com\/fr\/789288\/","title":{"rendered":"gr\u00e8ve \u00e0 La Poste, les plis \u00e9lectoraux arriveront-ils \u00e0 temps\u00a0?"},"content":{"rendered":"<p>                    Par<br \/>\n        <strong><br \/>\n            <a href=\"https:\/\/actu.fr\/auteur\/clemence-pays02-actu-fr\" title=\"Consulter tous les articles de Cl\u00e9mence Pays\" rel=\"nofollow noopener\" target=\"_blank\">Cl\u00e9mence Pays<\/a><br \/>\n                    <\/strong><\/p>\n<p>        Publi\u00e9 le<\/p>\n<p>            10 mars 2026 \u00e0 17h05        <\/p>\n<p><strong>\u00ab\u2009La coupe est pleine\u2009!\u2009\u00bb<\/strong> Depuis lundi 9\u00a0mars 2026, des postiers de toute la France ont entam\u00e9 un mouvement de <strong>gr\u00e8ve.<\/strong> Ce mardi 10\u00a0mars, en Ille-et-Vilaine, les bureaux de poste de <strong>Rennes Colombier et de Pac\u00e9<\/strong> ont rejoint le mouvement. \u00ab\u2009On compte <strong>25\u2009% de facteurs gr\u00e9vistes\u2009\u00bb<\/strong> dans la capitale bretonne, o\u00f9 se situe \u00ab\u2009le plus grand bureau de Poste de Bretagne\u2009\u00bb, annonce Arnaud Bordier, d\u00e9l\u00e9gu\u00e9 syndical central adjoint Sud PTT 35.\u00a0La raison de cette col\u00e8re\u2009? Les <a href=\"https:\/\/actu.fr\/rennes\/politique\/elections-municipales\" rel=\"nofollow noopener\" target=\"_blank\">\u00e9lections municipales<\/a> qui approchent.<\/p>\n<p>Pas de prime en vue<\/p>\n<p class=\" wall-content\">\u00ab\u2009L\u2019\u00c9tat verse une dotation \u00e0 La Poste pour la <strong>distribution des plis \u00e9lectoraux.<\/strong> C\u2019est de l\u2019argent public pour une mission de service public\u00a0\u00bb, explique Arnaud Bordier. Seulement voil\u00e0,<strong> \u00ab\u2009aucune compensation\u2009\u00bb<\/strong> n\u2019est pr\u00e9vue pour les employ\u00e9s de La Poste.<\/p>\n<p class=\" wall-content\">\u00ab\u2009D\u2019habitude, une partie de cette dotation est revers\u00e9e aux facteurs. Cette ann\u00e9e<strong> rien.<\/strong> Alors que ce n\u2019est pas rien de trier et distribuer ces enveloppes. C\u2019est <strong>un boulot colossal,<\/strong> en plus de notre activit\u00e9 habituelle\u2009\u00bb, appuie le d\u00e9l\u00e9gu\u00e9 syndical.<\/p>\n<p class=\" wall-content\">Selon lui, la direction ne pr\u00e9voit pas non plus de majoration pour les <strong>heures suppl\u00e9mentaires<\/strong> r\u00e9alis\u00e9es dans le cadre de cette distribution des plis \u00e9lectoraux. \u00ab\u2009Ils nous disent de d\u00e9caler nos repos\u2009\u00bb, pour que les professions de foi des candidats arrivent en temps et en heure dans les bo\u00eetes aux lettres de chacun.<\/p>\n<p class=\" wall-content\">De surcro\u00eet, <a href=\"https:\/\/actu.fr\/societe\/enarque-patronne-de-keolis-magistrate-qui-est-marie-ange-debon-premiere-femme-pdg-de-la-poste_63332918.html\" rel=\"nofollow noopener\" target=\"_blank\">Marie-Ange Debon, PDG de La Poste<\/a>, \u00ab\u2009s\u2019est octroy\u00e9 un parachute dor\u00e9 de 900\u2009000\u00a0euros si elle se fait virer avant la fin de son mandat\u2009; on n\u2019a m\u00eame pas obtenu 12\u00a0euros brut d\u2019augmentation lors des n\u00e9gociations en fin d\u2019ann\u00e9e\u2009; la prime d\u2019int\u00e9ressement baisse\u2009; on n\u2019a pas de 13\u1d49\u00a0mois\u2009\u00bb, liste Arnaud Bordier.<\/p>\n<blockquote class=\"ac-article-quote wall-content\">\n<p>Il y a un vrai ras-le-bol dans beaucoup de bureaux en France.<\/p>\n<p>    <strong>Arnaud Bordier<\/strong><br \/>\n        D\u00e9l\u00e9gu\u00e9 syndical central adjoint Sud PTT 35    <\/p><\/blockquote>\n<p>Les \u00e9lections municipales 2026<\/p>\n<p>Suivez toutes les actualit\u00e9s des municipales 2026 dans une seule newsletter.<\/p>\n<p>    <a href=\"http:\/\/actu.fr\/newsletter\/#encampagne_preview\" class=\"ac-btn ac-btn--corner ac-btn--medium ac-btn--blue800\" rel=\"nofollow noopener\" target=\"_blank\">S&rsquo;inscrire<\/a><\/p>\n<p>Une gr\u00e8ve reconductible<\/p>\n<p class=\" wall-content\">\u00c0 Rennes, Sud PTT 35 pointe \u00e9galement du doigt un fait \u00ab\u2009tr\u00e8s surprenant et d\u00e9l\u00e9t\u00e8re\u2009\u00bb\u2009: \u00ab\u2009La Poste n\u2019a <strong>pas fourni plus d\u2019un quart des plis \u00e9lectoraux<\/strong> aux postiers.\u2009\u00bb Ce qui retarde donc leur distribution et risque de cr\u00e9er une surcharge de travail en fin de semaine.<\/p>\n<p class=\" wall-content\">\u00ab\u2009Les coll\u00e8gues qui n\u2019ont pas re\u00e7u les plis se r\u00e9servent pour faire gr\u00e8ve lorsqu\u2019ils les auront\u2009\u00bb, explique Arnaud Bordier, qui confirme que ce mouvement est <strong>reconductible<\/strong> et qu\u2019un <strong>piquet de gr\u00e8ve est pr\u00e9vu jeudi 12\u00a0mars.<\/strong><\/p>\n<p class=\" wall-content\">Ainsi, certains habitants de Rennes pourraient <strong>ne pas recevoir<\/strong> les professions de foi des candidats d\u2019ici dimanche 15\u00a0mars, premier tour des \u00e9lections.<\/p>\n<p class=\" wall-content\">\u00ab\u2009La direction a int\u00e9r\u00eat \u00e0 changer de braquet. Pour <strong>le second tour,<\/strong> des fusions de listes sont possibles avec de nouveaux programmes, donc avec une mise sous plis tardive et peu de jours pour faire la distribution\u2009\u00bb, projette Arnaud Bordier.<\/p>\n<p class=\" wall-content\">Pour l\u2019heure, Sud PTT 35 indique ne <strong>pas avoir \u00e9t\u00e9 re\u00e7u par la direction.<\/strong> \u00ab\u2009La CGT a \u00e9t\u00e9 re\u00e7ue la semaine derni\u00e8re.\u2009\u00bb<\/p>\n<p>400\u00a0euros par postiers<\/p>\n<p class=\" wall-content\">Pour am\u00e9liorer la situation, Sud PTT demande \u00e0 La Poste de <strong>\u00ab\u2009reconna\u00eetre la n\u00e9cessit\u00e9 d\u2019une compensation\u2009\u00bb<\/strong> pour les postiers qui participent au tri et \u00e0 la distribution des plis \u00e9lectoraux.<\/p>\n<p class=\" wall-content\">\u00ab\u2009On estime que l\u2019\u00c9tat a vers\u00e9 50\u00a0millions d\u2019euros \u00e0 La Poste, qui n\u2019a pas voulu nous communiquer le montant. En France, entre 55\u2009000\u00a0et 60\u2009000 postiers sont concern\u00e9s par la distribution. Pour que leur effort soit reconnu, on demande une compensation de <strong>400\u00a0euros par postier et <\/strong>par tour\u2009\u00bb, d\u00e9taille Arnaud Bordier.<\/p>\n<p class=\" wall-content\">Contact\u00e9e, la direction de La Poste n\u2019a pas encore r\u00e9pondu \u00e0 l\u2019heure o\u00f9 nous publions ces lignes.<\/p>\n<p class=\" wall-content\">Personnalisez votre actualit\u00e9 en ajoutant vos villes et m\u00e9dias en favori avec <a href=\"https:\/\/moncompte.actu.fr\" title=\"D\u00e9couvez Mon Actu\" rel=\"nofollow noopener\" data-trk=\"{&quot;cta&quot;:{&quot;action&quot;:&quot;https:\\\/\\\/moncompte.actu.fr&quot;,&quot;category&quot;:&quot;mon compte&quot;,&quot;from&quot;:&quot;article footer&quot;,&quot;name&quot;:&quot;Mon actu&quot;,&quot;type&quot;:&quot;cta&quot;}}\" target=\"_blank\">Mon Actu<\/a>.<\/p>\n","protected":false},"excerpt":{"rendered":"Par Cl\u00e9mence Pays Publi\u00e9 le 10 mars 2026 \u00e0 17h05 \u00ab\u2009La coupe est pleine\u2009!\u2009\u00bb Depuis lundi 9\u00a0mars 2026,&hellip;\n","protected":false},"author":2,"featured_media":789289,"comment_status":"","ping_status":"","sticky":false,"template":"","format":"standard","meta":{"footnotes":"","_share_on_mastodon":"0"},"categories":[2821],"tags":[1111,11,829,1777,674,1011,27,6151,3434,12,584,25,104],"class_list":["post-789288","post","type-post","status-publish","format-standard","has-post-thumbnail","category-rennes","tag-actu","tag-actualites","tag-bretagne","tag-eu","tag-europe","tag-fr","tag-france","tag-greve","tag-municipales-2026","tag-news","tag-rennes","tag-republique-francaise","tag-societe"],"share_on_mastodon":{"url":"https:\/\/pubeurope.com\/@fr\/116205957061753608","error":""},"_links":{"self":[{"href":"https:\/\/www.europesays.com\/fr\/wp-json\/wp\/v2\/posts\/789288","targetHints":{"allow":["GET"]}}],"collection":[{"href":"https:\/\/www.europesays.com\/fr\/wp-json\/wp\/v2\/posts"}],"about":[{"href":"https:\/\/www.europesays.com\/fr\/wp-json\/wp\/v2\/types\/post"}],"author":[{"embeddable":true,"href":"https:\/\/www.europesays.com\/fr\/wp-json\/wp\/v2\/users\/2"}],"replies":[{"embeddable":true,"href":"https:\/\/www.europesays.com\/fr\/wp-json\/wp\/v2\/comments?post=789288"}],"version-history":[{"count":0,"href":"https:\/\/www.europesays.com\/fr\/wp-json\/wp\/v2\/posts\/789288\/revisions"}],"wp:featuredmedia":[{"embeddable":true,"href":"https:\/\/www.europesays.com\/fr\/wp-json\/wp\/v2\/media\/789289"}],"wp:attachment":[{"href":"https:\/\/www.europesays.com\/fr\/wp-json\/wp\/v2\/media?parent=789288"}],"wp:term":[{"taxonomy":"category","embeddable":true,"href":"https:\/\/www.europesays.com\/fr\/wp-json\/wp\/v2\/categories?post=789288"},{"taxonomy":"post_tag","embeddable":true,"href":"https:\/\/www.europesays.com\/fr\/wp-json\/wp\/v2\/tags?post=789288"}],"curies":[{"name":"wp","href":"https:\/\/api.w.org\/{rel}","templated":true}]}}