{"id":789290,"date":"2026-03-10T17:02:11","date_gmt":"2026-03-10T17:02:11","guid":{"rendered":"https:\/\/www.europesays.com\/fr\/789290\/"},"modified":"2026-03-10T17:02:11","modified_gmt":"2026-03-10T17:02:11","slug":"je-ne-vais-pas-faire-le-plein-alors-le-ras-le-bol-des-automobilistes-face-a-lexplosion-des-prix-du-carburant-a-rennes","status":"publish","type":"post","link":"https:\/\/www.europesays.com\/fr\/789290\/","title":{"rendered":"\u00ab\u00a0Je ne vais pas faire le plein alors\u00a0\u00bb\u00a0: le ras-le-bol des automobilistes face \u00e0 l\u2019explosion des prix du carburant \u00e0 Rennes"},"content":{"rendered":"<p>La barre des 2 \u20ac le litre de gazole vient d\u2019\u00eatre d\u00e9pass\u00e9e en raison du conflit au Moyen-Orient, selon une moyenne \u00e9tablie par l\u2019AFP. C\u2019est la plus forte augmentation en une semaine depuis 2020. \u00c0 Rennes, il atteint notamment 2,174\u20ac dans un supermarch\u00e9 rue de Nantes. De quoi d\u00e9courager les automobilistes venus chercher du gazole : \u00ab Je n\u2019\u00e9tais pas au courant, je ne vais pas faire le plein alors \u00bb, s\u2019\u00e9tonne Nathalie, qui d\u00e9cide finalement de partir \u00e0 la recherche d\u2019une autre station, moins ch\u00e8re.<\/p>\n<p>La barre des 2 \u20ac franchie<\/p>\n<p>La recherche s\u2019annonce difficile. Depuis le d\u00e9but des frappes isra\u00e9lo-am\u00e9ricaines contre l\u2019Iran, men\u00e9es le 28 f\u00e9vrier, le gazole a grimp\u00e9 de 15 %. Le prix du baril a atteint lundi 9 mars, la barre symbolique des 100 dollars, un niveau in\u00e9dit depuis 2022 et la guerre en Ukraine. Pour le SP95, l\u2019essence la plus utilis\u00e9e par les Fran\u00e7ais, la hausse est plus l\u00e9g\u00e8re : 6 %, soit 10 centimes de plus. Une <a href=\"https:\/\/www.prix-carburants.gouv.fr\/\" target=\"_blank\" rel=\"nofollow noopener\">carte mise \u00e0 disposition par le gouvernement<\/a> permet de visualiser une mont\u00e9e g\u00e9n\u00e9rale des prix.<\/p>\n<p>\u00ab Un plein qui va augmenter de 10 \u00e0 15 \u20ac par mois \u00e7a va commencer \u00e0 \u00eatre inqui\u00e9tant \u00bb, explique une automobiliste. Certains accusent les distributeurs d\u2019essence : \u00ab C\u2019est une aubaine pour eux, ils augmentent les prix \u00bb. D\u2019autres, l\u2019\u00c9tat : \u00ab Ils avaient dit que \u00e7a allait augmenter sous deux semaines finalement l\u2019augmentation est imm\u00e9diate. \u00bb<\/p>\n<p>Le constat est aussi visible trois kilom\u00e8tres plus loin, dans un autre supermarch\u00e9 \u00e0 Saint-Jacques-de-la-Lande. Le gazole y est affich\u00e9 \u00e0 2,014 \u20ac. Une station diff\u00e9rente mais des clients qui sont tout aussi surpris. \u00ab Je n\u2019\u00e9tais pas au courant. Je vais mettre moins que pr\u00e9vu \u00bb, explique Garcia, qui rappelle n\u00e9anmoins \u00ab ne pas \u00eatre le plus \u00e0 plaindre \u00bb et comprendre \u00ab que pour des familles ou des personnes moins ais\u00e9es \u00e7a revient \u00e0 cher \u00e0 la fin du mois \u00bb.<\/p>\n<p>\u00ab On ne peut rien y changer \u00bb<\/p>\n<p>Certains automobilistes arrivent \u00e0 \u00eatre r\u00e9silients, comme Steven qui se sert de sa voiture quotidiennement : \u00ab Je ne peux pas faire autrement. Il faut bien aller au travail. Si seulement on pouvait \u00eatre en vacances tous les jours \u00bb. Valentin, qui roule aussi au gazole, envisage quant \u00e0 lui de changer ses habitudes : \u00ab Je vais essayer de prendre plus souvent le v\u00e9lo en fonction des conditions m\u00e9t\u00e9o. C\u2019est une solution m\u00eame si \u00e7a ne m\u2019arrange pas \u00bb.<\/p>\n<p>Dans le m\u00eame temps, la r\u00e9pression des fraudes a men\u00e9 <a href=\"https:\/\/www.letelegramme.fr\/economie\/energie\/hausses-abusives-des-prix-a-la-pompe-6-des-stations-service-deja-controlees-vont-etre-sanctionnees-7000401.php\" target=\"_blank\" rel=\"nofollow noopener\">500 contr\u00f4les dans des stations-service<\/a> entre lundi, et aujourd\u2019hui. L\u2019objectif : \u00e9viter que des prix abusifs \u00e0 la pompe soient mis en place. En attendant, \u00ab on ne peut rien y changer \u00bb, relativise Marie-Laure venue chercher de l\u2019essence. \u00ab J\u2019essaye de rester positive. L\u2019actualit\u00e9 est d\u00e9j\u00e0 assez n\u00e9gative comme \u00e7a \u00bb, se r\u00e9sout-elle.<\/p>\n","protected":false},"excerpt":{"rendered":"La barre des 2 \u20ac le litre de gazole vient d\u2019\u00eatre d\u00e9pass\u00e9e en raison du conflit au Moyen-Orient,&hellip;\n","protected":false},"author":2,"featured_media":789291,"comment_status":"","ping_status":"","sticky":false,"template":"","format":"standard","meta":{"footnotes":"","_share_on_mastodon":"0"},"categories":[2821],"tags":[1111,11,829,765,1777,674,1011,27,848,12,50972,584,25],"class_list":["post-789290","post","type-post","status-publish","format-standard","has-post-thumbnail","category-rennes","tag-actu","tag-actualites","tag-bretagne","tag-en-continu","tag-eu","tag-europe","tag-fr","tag-france","tag-ille-et-vilaine","tag-news","tag-newsletter-la-rennes-quotidienne","tag-rennes","tag-republique-francaise"],"share_on_mastodon":{"url":"https:\/\/pubeurope.com\/@fr\/116205960990281324","error":""},"_links":{"self":[{"href":"https:\/\/www.europesays.com\/fr\/wp-json\/wp\/v2\/posts\/789290","targetHints":{"allow":["GET"]}}],"collection":[{"href":"https:\/\/www.europesays.com\/fr\/wp-json\/wp\/v2\/posts"}],"about":[{"href":"https:\/\/www.europesays.com\/fr\/wp-json\/wp\/v2\/types\/post"}],"author":[{"embeddable":true,"href":"https:\/\/www.europesays.com\/fr\/wp-json\/wp\/v2\/users\/2"}],"replies":[{"embeddable":true,"href":"https:\/\/www.europesays.com\/fr\/wp-json\/wp\/v2\/comments?post=789290"}],"version-history":[{"count":0,"href":"https:\/\/www.europesays.com\/fr\/wp-json\/wp\/v2\/posts\/789290\/revisions"}],"wp:featuredmedia":[{"embeddable":true,"href":"https:\/\/www.europesays.com\/fr\/wp-json\/wp\/v2\/media\/789291"}],"wp:attachment":[{"href":"https:\/\/www.europesays.com\/fr\/wp-json\/wp\/v2\/media?parent=789290"}],"wp:term":[{"taxonomy":"category","embeddable":true,"href":"https:\/\/www.europesays.com\/fr\/wp-json\/wp\/v2\/categories?post=789290"},{"taxonomy":"post_tag","embeddable":true,"href":"https:\/\/www.europesays.com\/fr\/wp-json\/wp\/v2\/tags?post=789290"}],"curies":[{"name":"wp","href":"https:\/\/api.w.org\/{rel}","templated":true}]}}