{"id":78945,"date":"2025-05-06T09:36:16","date_gmt":"2025-05-06T09:36:16","guid":{"rendered":"https:\/\/www.europesays.com\/fr\/78945\/"},"modified":"2025-05-06T09:36:16","modified_gmt":"2025-05-06T09:36:16","slug":"dans-les-canevas-dactualite-de-la-brodeuse-un-point-est-egal-a-un-pixel","status":"publish","type":"post","link":"https:\/\/www.europesays.com\/fr\/78945\/","title":{"rendered":"Dans les canevas d\u2019actualit\u00e9 de la brodeuse, un point est \u00e9gal \u00e0 un pixel"},"content":{"rendered":"<p>Non, ce que l\u2019on voit en image sur la photo n\u2019en est justement pas une. Car on est l\u00e0 face \u00e0 un canevas, aussi r\u00e9aliste que possible. Et on imagine vite le temps incroyable qu\u2019il aura fallu \u00e0 l\u2019artiste pour le r\u00e9aliser. \u00a0Dans ma d\u00e9marche, je ne veux rien cr\u00e9er, je reprends texto, point par point, tous les pixels du document que je choisis\u00a0\u00bb, explique C\u00e9cile Thomas. Laquelle va vraiment au bout des choses, en copiant pixel par pixel ses images num\u00e9riques. Un pixel \u00e9gal un point de broderie. \u00a0S\u2019il le faut, je reprends un fil juste pour un point de couleur\u00a0\u00bb, pr\u00e9cise l\u2019ultra perfectionniste.<\/p>\n<p>Il faut alors vraiment approcher l\u2019\u0153il, pour le voir et pour le croire. Ainsi, avec cette exposition justement nomm\u00e9e Chronos, la brodeuse donne-t-elle du temps au temps. Et elle expose aujourd\u2019hui une production d\u2019\u0153uvres r\u00e9alis\u00e9es au cours des sept derni\u00e8res ann\u00e9es. Une performance v\u00e9ritablement impressionnante.<\/p>\n<p>\u00c9loge de la lenteur<\/p>\n<p>Pour le fond, l\u2019artiste explore notre temps et son spectacle m\u00e9diatis\u00e9 par le num\u00e9rique. En puisant dans l\u2019actualit\u00e9, C\u00e9cile Thomas anime une chronique de notre \u00e9poque. L\u00e0 o\u00f9 tout d\u00e9file et va vite, elle confronte son travail de lenteur. Aussi, \u00e0 travers des images qui peuvent passer pour insignifiantes ou m\u00eame sombres, l\u2019artiste transforme un fait d\u2019actualit\u00e9 en tissu chatoyant. Depuis son d\u00e9lire textile, C\u00e9cile Thomas a d\u00e9pass\u00e9 le million de petits points brod\u00e9s. \u00a0Dans un monde o\u00f9 l\u2019image est instantan\u00e9e et omnipr\u00e9sente, quel est le temps que nous accordons \u00e0 nos propres activit\u00e9s\u00a0?\u00a0 questionne l\u2019artiste. Elle, en tout cas, a trouv\u00e9 sa r\u00e9ponse.<\/p>\n<p><strong>Jusqu\u2019au samedi 31\u00a0mai, <\/strong>\u00e0 l\u2019Espace 18, 18, rue Scribe, \u00e0 c\u00f4t\u00e9 de Cosmopolis. Le mercredi, jeudi, et vendredi de 14\u00a0h \u00e0 19\u00a0h.<\/p>\n<p>\u00a0<\/p>\n","protected":false},"excerpt":{"rendered":"Non, ce que l\u2019on voit en image sur la photo n\u2019en est justement pas une. Car on est&hellip;\n","protected":false},"author":2,"featured_media":78946,"comment_status":"","ping_status":"","sticky":false,"template":"","format":"standard","meta":{"footnotes":""},"categories":[2818],"tags":[1111,47,11,18520,18519,18521,1777,674,1011,27,766,12,2636,390,25],"class_list":{"0":"post-78945","1":"post","2":"type-post","3":"status-publish","4":"format-standard","5":"has-post-thumbnail","7":"category-nantes","8":"tag-actu","9":"tag-actualite","10":"tag-actualites","11":"tag-brodeuse","12":"tag-canevas","13":"tag-egal","14":"tag-eu","15":"tag-europe","16":"tag-fr","17":"tag-france","18":"tag-nantes","19":"tag-news","20":"tag-pays-de-la-loire","21":"tag-pixel","22":"tag-republique-francaise"},"share_on_mastodon":{"url":"https:\/\/pubeurope.com\/@fr\/114460215434466060","error":""},"_links":{"self":[{"href":"https:\/\/www.europesays.com\/fr\/wp-json\/wp\/v2\/posts\/78945","targetHints":{"allow":["GET"]}}],"collection":[{"href":"https:\/\/www.europesays.com\/fr\/wp-json\/wp\/v2\/posts"}],"about":[{"href":"https:\/\/www.europesays.com\/fr\/wp-json\/wp\/v2\/types\/post"}],"author":[{"embeddable":true,"href":"https:\/\/www.europesays.com\/fr\/wp-json\/wp\/v2\/users\/2"}],"replies":[{"embeddable":true,"href":"https:\/\/www.europesays.com\/fr\/wp-json\/wp\/v2\/comments?post=78945"}],"version-history":[{"count":0,"href":"https:\/\/www.europesays.com\/fr\/wp-json\/wp\/v2\/posts\/78945\/revisions"}],"wp:featuredmedia":[{"embeddable":true,"href":"https:\/\/www.europesays.com\/fr\/wp-json\/wp\/v2\/media\/78946"}],"wp:attachment":[{"href":"https:\/\/www.europesays.com\/fr\/wp-json\/wp\/v2\/media?parent=78945"}],"wp:term":[{"taxonomy":"category","embeddable":true,"href":"https:\/\/www.europesays.com\/fr\/wp-json\/wp\/v2\/categories?post=78945"},{"taxonomy":"post_tag","embeddable":true,"href":"https:\/\/www.europesays.com\/fr\/wp-json\/wp\/v2\/tags?post=78945"}],"curies":[{"name":"wp","href":"https:\/\/api.w.org\/{rel}","templated":true}]}}