{"id":78953,"date":"2025-05-06T09:41:13","date_gmt":"2025-05-06T09:41:13","guid":{"rendered":"https:\/\/www.europesays.com\/fr\/78953\/"},"modified":"2025-05-06T09:41:13","modified_gmt":"2025-05-06T09:41:13","slug":"enfer-catastrophe-guerre-a-toulouse-les-embouteillages-virent-au-cauchemar-pour-les-automobilistes","status":"publish","type":"post","link":"https:\/\/www.europesays.com\/fr\/78953\/","title":{"rendered":"\u00abEnfer\u00bb, \u00abcatastrophe\u00bb, \u00abguerre\u00bb&#8230; \u00c0 Toulouse, les embouteillages virent au cauchemar pour les automobilistes"},"content":{"rendered":"<p>Malgr\u00e9 les efforts de la municipalit\u00e9, les automobilistes toulousains perdent 51 heures par an dans les bouchons. L\u2019humoriste Marie s\u2019infiltre a interpell\u00e9 &#8211; avec humour &#8211; le maire de la ville sur ce probl\u00e8me.<\/p>\n<p class=\"fig-paragraph\">\u00abTransformer la \u201cville rose\u201d en \u201cville\u00a0<a href=\"http:\/\/www.lefigaro.fr\/automobile\/je-vois-autour-de-moi-des-gens-malheureux-a-paris-ces-nouveaux-embouteillages-qui-exasperent-20250228\" target=\"_blank\" data-fig-type=\"Article\" rel=\"noopener nofollow\" data-gtm-custom-categorie=\"navigation\" data-gtm-custom-action=\"crossclick\" data-gtm-custom-label=\"Contextuel\" data-gtm-event=\"customEventSPE\" data-fig-domain=\"LEFIGARO\">bouchon\u201d<\/a> \u00a0relevait d\u2019un tour de force que seule votre administration pouvait accomplir\u00bb, voil\u00e0 le sermon que\u00a0<a href=\"https:\/\/video.lefigaro.fr\/figaro\/video\/le-figaro-la-nuit-avec-marie-sinfiltre\/\" target=\"_blank\" data-fig-type=\"Video\" rel=\"noopener nofollow\" data-gtm-custom-categorie=\"navigation\" data-gtm-custom-action=\"crossclick\" data-gtm-custom-label=\"Contextuel\" data-gtm-event=\"customEventSPE\" data-fig-domain=\"VIDEO\">l\u2019humoriste Marie s\u2019infiltre<\/a>\u00a0a adress\u00e9 au maire de Toulouse,\u00a0<a href=\"https:\/\/www.lefigaro.fr\/politique\/jean-luc-moudenc-les-forces-entre-le-rn-et-lfi-doivent-batir-des-convergences-20230620\" target=\"_blank\" data-fig-type=\"Article\" rel=\"noopener nofollow\" data-gtm-custom-categorie=\"navigation\" data-gtm-custom-action=\"crossclick\" data-gtm-custom-label=\"Contextuel\" data-gtm-event=\"customEventSPE\" data-fig-domain=\"LEFIGARO\">Jean-Luc Moudenc<\/a>. Modernit\u00e9 oblige, la missive assassine se fait sous la forme d\u2019une vid\u00e9o\u00a0<a href=\"https:\/\/video.lefigaro.fr\/figaro\/video\/quel-est-ce-nouveau-rond-bleu-visible-sur-whatsapp-messenger-ou-encore-instagram\/\" target=\"_blank\" data-fig-type=\"Video\" rel=\"noopener nofollow\" data-gtm-custom-categorie=\"navigation\" data-gtm-custom-action=\"crossclick\" data-gtm-custom-label=\"Contextuel\" data-gtm-event=\"customEventSPE\" data-fig-domain=\"VIDEO\">Instagram<\/a>\u00a0o\u00f9 la com\u00e9dienne \u00e9voque un centre-ville digne \u00abd\u2019un escape game nouvelle g\u00e9n\u00e9ration\u00bb, o\u00f9 tout est tourn\u00e9 autour de travaux \u00abqui n\u2019en finissent plus jamais\u00bb.<\/p>\n<p class=\"fig-paragraph\">Il faut dire que selon le rapport de l\u2019entreprise d\u2019analyse de donn\u00e9es routi\u00e8res Inrix, publi\u00e9 le 7 janvier dernier, les automobilistes toulousains ont perdu 51 heures bloqu\u00e9s dans les embouteillages. Un axe en particulier pose probl\u00e8me\u00a0: le p\u00e9riph\u00e9rique de la ville. Selon les donn\u00e9es de l\u2019Agence Urbanisme et d\u2019Am\u00e9nagement Toulouse aire m\u00e9tropolitaine (AUAT), il est observ\u00e9 entre 2014 et 2023 une augmentation significative dans plusieurs secteurs cl\u00e9s. La progression la plus marquante concerne le secteur de Borderouge, passant de 116.000 \u00e0 138.000 v\u00e9hicules par jour durant cette p\u00e9riode. \u00c0 Croix-Daurade, \u00e0 Montaudran, sur le tron\u00e7on Empalot-Rangueil et dans le secteur de Sesqui\u00e8res le trafic a \u00e9galement augment\u00e9 de 10.000 v\u00e9hicules\/jour.<\/p>\n<p>Des projections de trafic alarmistes<\/p>\n<p class=\"fig-paragraph\">Mais le pire pourrait rester \u00e0 venir, les projections pour 2030 indiquant une situation routi\u00e8re critique dans l\u2019agglom\u00e9ration toulousaine. Des \u00e9tudes multimodales port\u00e9es par l\u2019\u00c9tat, Toulouse M\u00e9tropole, le D\u00e9partement, la R\u00e9gion, et Tiss\u00e9o, depuis 2017, montrent que malgr\u00e9 le d\u00e9veloppement des transports collectifs (qui absorberont l\u2019essentiel des nouveaux d\u00e9placements dans le centre) la p\u00e9riph\u00e9rie verra une forte augmentation du trafic. Et le r\u00e9seau routier sera particuli\u00e8rement satur\u00e9 dans l\u2019ouest de la ville&#8230;<\/p>\n<p class=\"fig-paragraph\">Bref, l\u2019humoriste\u00a0<a href=\"http:\/\/www.lefigaro.fr\/theatre\/marie-s-infiltre-la-scene-est-un-grand-moment-de-verite-comme-l-orgasme-20240501\" target=\"_blank\" data-fig-type=\"Article\" rel=\"noopener nofollow\" data-gtm-custom-categorie=\"navigation\" data-gtm-custom-action=\"crossclick\" data-gtm-custom-label=\"Contextuel\" data-gtm-event=\"customEventSPE\" data-fig-domain=\"LEFIGARO\">Marie s\u2019infiltre<\/a>\u00a0a touch\u00e9 du doigt un point qui f\u00e2che, anticip\u00e9 de longue date par les autorit\u00e9s\u00a0: la croissance d\u2019habitants dans la ville entra\u00eene davantage de d\u00e9placements en voitures, avec un r\u00e9seau de mobilit\u00e9 qui peine \u00e0 les absorber.<\/p>\n<p class=\"fig-paragraph\">Si les difficult\u00e9s de circulation routi\u00e8res \u00e0 Toulouse sont \u00ab un enfer\u00bb, \u00abla guerre\u00bb, \u00abune catastrophe\u00bb selon les termes employ\u00e9s par des habitants de la ville sur les r\u00e9seaux sociaux, le maire Jean-Luc Moudenc a tenu \u00e0 se d\u00e9fendre. \u00abJe veux redire le sens de tous ses travaux a introduit le maire\u00bb, dans sa vid\u00e9o publi\u00e9e le 2 mai sur X. Selon lui, les travaux actuels dans la ville entra\u00eenent certes des embouteillages, \u00abmais demain, quand la ligne C\u00a0<a href=\"http:\/\/www.lefigaro.fr\/flash-eco\/toulouse-la-3e-ligne-du-metro-pour-2028-20201214\" target=\"_blank\" data-fig-type=\"NewsFlash\" rel=\"noopener nofollow\" data-gtm-custom-categorie=\"navigation\" data-gtm-custom-action=\"crossclick\" data-gtm-custom-label=\"Contextuel\" data-gtm-event=\"customEventSPE\" data-fig-domain=\"LEFIGARO\">du m\u00e9tro<\/a> \u00a0sera faite (en 2028, NDLR), il y aura 90.000 voitures en moins dans la ville de Toulouse\u00bb. Autrement dit, les g\u00eanes d\u2019aujourd\u2019hui sont les conforts de demain.<\/p>\n<p class=\"fig-paragraph\">La collectivit\u00e9 toulousaine &#8211; que nous avons interrog\u00e9e &#8211; dit \u00ab\u00eatre consciente de ces enjeux\u00bb. \u00abNous mettons en \u0153uvre de nombreux projets pour am\u00e9liorer la fluidit\u00e9 du trafic, renforcer les transports en commun\u00bb, communique la Ville. Avec notamment le d\u00e9veloppement des bus express (11 lignes Lineo en service et une 12e pr\u00e9vue pour septembre prochain), et donc la construction de la future Ligne C de m\u00e9tro.<\/p>\n<p class=\"fig-paragraph\">\u00ab\u00c0 cela s\u2019ajoute aussi une am\u00e9lioration majeure de l\u2019infrastructure routi\u00e8re\u00a0: le p\u00e9riph\u00e9rique toulousain est d\u00e9sormais enti\u00e8rement configur\u00e9 en 2&#215;3 voies, \u00e0 la suite de travaux d\u2019ampleur achev\u00e9s en 2021\u00bb, note la municipalit\u00e9, qui ne se dit donc pas responsable de tous les maux sur la route. \u00abLes embouteillages sont souvent caus\u00e9s par des accidents r\u00e9duisant temporairement le nombre de voies disponibles, particuli\u00e8rement aux heures de pointe. Chaque conducteur doit adopter un comportement responsable, en \u00e9vitant l\u2019usage du t\u00e9l\u00e9phone au volant ou la conduite sous l\u2019emprise de l\u2019alcool\u00bb. \u00c0 cet \u00e9gard, la Mairie de Toulouse m\u00e8ne actuellement une campagne de pr\u00e9vention ciblant notamment l\u2019utilisation\u00a0<a href=\"http:\/\/www.lefigaro.fr\/automobile\/pour-obtenir-le-permis-l-ue-veut-que-vous-appreniez-a-bien-utiliser-votre-telephone-au-volant-20250325\" target=\"_blank\" data-fig-type=\"Article\" rel=\"noopener nofollow\" data-gtm-custom-categorie=\"navigation\" data-gtm-custom-action=\"crossclick\" data-gtm-custom-label=\"Contextuel\" data-gtm-event=\"customEventSPE\" data-fig-domain=\"LEFIGARO\">du t\u00e9l\u00e9phone portable en conduisant<\/a>&#8230;<\/p>\n","protected":false},"excerpt":{"rendered":"Malgr\u00e9 les efforts de la municipalit\u00e9, les automobilistes toulousains perdent 51 heures par an dans les bouchons. L\u2019humoriste&hellip;\n","protected":false},"author":2,"featured_media":78954,"comment_status":"","ping_status":"","sticky":false,"template":"","format":"standard","meta":{"footnotes":""},"categories":[2816],"tags":[1296,1111,47,11,6712,1977,646,10929,10930,1755,7527,7063,10931,1777,674,2251,1011,27,4320,12,2680,7526,6027,10651,25,7258,2312,4752,3888],"class_list":{"0":"post-78953","1":"post","2":"type-post","3":"status-publish","4":"format-standard","5":"has-post-thumbnail","7":"category-toulouse","8":"tag-accessoires","9":"tag-actu","10":"tag-actualite","11":"tag-actualites","12":"tag-audi","13":"tag-auto","14":"tag-automobile","15":"tag-automobiles","16":"tag-autos","17":"tag-bmw","18":"tag-citroen","19":"tag-embouteillages","20":"tag-essais","21":"tag-eu","22":"tag-europe","23":"tag-ferrari","24":"tag-fr","25":"tag-france","26":"tag-mercedes","27":"tag-news","28":"tag-occitanie","29":"tag-peugeot","30":"tag-porsche","31":"tag-renault","32":"tag-republique-francaise","33":"tag-tests","34":"tag-toulouse","35":"tag-voiture","36":"tag-voitures"},"share_on_mastodon":{"url":"https:\/\/pubeurope.com\/@fr\/114460235128141915","error":""},"_links":{"self":[{"href":"https:\/\/www.europesays.com\/fr\/wp-json\/wp\/v2\/posts\/78953","targetHints":{"allow":["GET"]}}],"collection":[{"href":"https:\/\/www.europesays.com\/fr\/wp-json\/wp\/v2\/posts"}],"about":[{"href":"https:\/\/www.europesays.com\/fr\/wp-json\/wp\/v2\/types\/post"}],"author":[{"embeddable":true,"href":"https:\/\/www.europesays.com\/fr\/wp-json\/wp\/v2\/users\/2"}],"replies":[{"embeddable":true,"href":"https:\/\/www.europesays.com\/fr\/wp-json\/wp\/v2\/comments?post=78953"}],"version-history":[{"count":0,"href":"https:\/\/www.europesays.com\/fr\/wp-json\/wp\/v2\/posts\/78953\/revisions"}],"wp:featuredmedia":[{"embeddable":true,"href":"https:\/\/www.europesays.com\/fr\/wp-json\/wp\/v2\/media\/78954"}],"wp:attachment":[{"href":"https:\/\/www.europesays.com\/fr\/wp-json\/wp\/v2\/media?parent=78953"}],"wp:term":[{"taxonomy":"category","embeddable":true,"href":"https:\/\/www.europesays.com\/fr\/wp-json\/wp\/v2\/categories?post=78953"},{"taxonomy":"post_tag","embeddable":true,"href":"https:\/\/www.europesays.com\/fr\/wp-json\/wp\/v2\/tags?post=78953"}],"curies":[{"name":"wp","href":"https:\/\/api.w.org\/{rel}","templated":true}]}}