{"id":78955,"date":"2025-05-06T09:42:11","date_gmt":"2025-05-06T09:42:11","guid":{"rendered":"https:\/\/www.europesays.com\/fr\/78955\/"},"modified":"2025-05-06T09:42:11","modified_gmt":"2025-05-06T09:42:11","slug":"le-groupe-etam-ferme-une-usine-emblematique-dans-le-nord-55-salaries-concernes","status":"publish","type":"post","link":"https:\/\/www.europesays.com\/fr\/78955\/","title":{"rendered":"Le groupe Etam ferme une usine embl\u00e9matique dans le Nord, 55 salari\u00e9s concern\u00e9s"},"content":{"rendered":"<p>            Par<br \/>\n        <strong><br \/>\n            <a href=\"https:\/\/actu.fr\/auteur\/bastien-grossin\" title=\"Consulter tous les articles de Bastien Grossin\" target=\"_blank\" rel=\"noopener\">Bastien Grossin<\/a><br \/>\n        <\/strong><\/p>\n<p>        Publi\u00e9 le<\/p>\n<p>            6 mai 2025 \u00e0 10h53        <\/p>\n<p>C\u2019est une annonce qui a fait l\u2019effet d\u2019un coup de massue. D\u00e9but mars 2025, la <b>direction d\u2019Etam<\/b> a confirm\u00e9 la fermeture de son <b>Tech Center \u00e0 Marq-en-Bar\u0153ul<\/b> pr\u00e8s de <a href=\"https:\/\/actu.fr\/tag\/lille\" target=\"_blank\" rel=\"noopener\">Lille<\/a> (Nord). <b>Premi\u00e8re usine du groupe en France<\/b>, aujourd\u2019hui les<b> 55 salari\u00e9s<\/b> y confectionnent les prototypes avant qu\u2019ils ne soient s\u00e9lectionn\u00e9s et produits. Ils sont d\u00e9sormais suspendus aux n\u00e9gociations autour du plan de sauvegarde de l\u2019emploi (PSE). Depuis cette annonce choc, la mobilisation s\u2019organise. Plusieurs<b> manifestations<\/b> ont d\u00e9j\u00e0 eu lieu dans la m\u00e9tropole lilloise, et un compte Instagram, \u00ab\u2009<a href=\"https:\/\/www.instagram.com\/etam_les_licencies\/\" target=\"_blank\" rel=\"noopener\">Etam les licenci\u00e9s\u2009<\/a>\u00bb, relaie les t\u00e9moignages et les actions des employ\u00e9s. Une mani\u00e8re de rendre visibles les visages et les parcours derri\u00e8re la d\u00e9cision. Claudine Coppens, mod\u00e9liste et d\u00e9l\u00e9gu\u00e9e CGT, ne cache pas son inqui\u00e9tude\u2009: \u00ab\u2009Beaucoup sont \u00e0 quelques ann\u00e9es de la retraite. D\u2019autres ont plus de 50 ans. \u00c0 cet \u00e2ge-l\u00e0, on ne retrouve pas un travail comme \u00e7a, surtout dans notre branche.\u2009\u00bb La direction, de son c\u00f4t\u00e9, propose des reclassements, mais principalement en boutique, dans d\u2019autres villes de France. Une reconversion difficilement envisageable pour beaucoup d\u2019employ\u00e9s. D\u00e9tails.<\/p>\n<p>Une marque historiquement implant\u00e9e dans le Nord<\/p>\n<p class=\" wall-content\">Pourtant, l\u2019histoire d\u2019Etam dans le Nord ne date pas d\u2019hier. Elle d\u00e9bute en <b>1936 \u00e0 Mouvaux<\/b>, avec l\u2019implantation de la toute premi\u00e8re usine fran\u00e7aise du groupe. Inaugur\u00e9 par Martin Milchior, cr\u00e9ateur de la marque, le site de Mouvaux devient un point central pour l\u2019approvisionnement des boutiques en France.<\/p>\n<p class=\" wall-content\">Pendant plus de 80 ans, les pratiques \u00e9voluent, le march\u00e9 \u00e9galement, mais malgr\u00e9 l\u2019augmentation des d\u00e9localisations, l\u2019usine reste. Face au vieillissement des b\u00e2timents, Etam d\u00e9cide en <b>2017<\/b> de transf\u00e9rer ses activit\u00e9s deux kilom\u00e8tres plus loin \u00e0 Marcq-en-Bar\u0153ul, dans des locaux modernes de 1\u2009900 m2. Baptis\u00e9 <b>\u00ab\u2009Tech Center\u2009\u00bb<\/b>, il regroupe 55 salari\u00e9s qui travaillent \u00e0 l\u2019\u00e9laboration de nouveaux produits avec un rythme allant jusqu\u2019\u00e0 <b>5\u2009000 prototypes<\/b> par an.<\/p>\n<p>Un coup de massue<\/p>\n<p class=\" wall-content\">Pourtant, d\u00e9but mars, c\u2019est la douche froide. Les salari\u00e9s apprennent que l\u2019usine devrait fermer dans les prochains mois. Cette nouvelle tombe comme un coup de massue. Claudine Coppens explique\u2009: \u00ab\u2009<b>J\u2019ai \u00e9t\u00e9 convoqu\u00e9e au si\u00e8ge \u00e0 Clichy (Hauts-de-Seine) pour un tout autre sujet. Et on m\u2019a annonc\u00e9 \u00e7a de mani\u00e8re officieuse au d\u00e9but. [\u2026]<\/b> <b>Quand la sentence est tomb\u00e9e, plusieurs personnes ont \u00e9clat\u00e9 en sanglots. D\u2019ailleurs, \u00e7a pleure toujours \u00e0 ce jour. Certaines sont m\u00eame encore en arr\u00eat maladie.\u2009<\/b>\u00bb<\/p>\n<p class=\" wall-content\">Depuis cette annonce, Claudine Coppens raconte avoir vu la quantit\u00e9 de travail diminuer drastiquement. Si elle et ses coll\u00e8gues sont dans l\u2019obligation d\u2019\u00eatre pr\u00e9sents pour \u00eatre r\u00e9mun\u00e9r\u00e9s, les conditions de travail ne sont plus les m\u00eames. \u00ab\u2009On adore notre m\u00e9tier, c\u2019est tr\u00e8s difficile de couper le cordon. On est vraiment en deuil.\u00bb<\/p>\n<p>N\u00e9gociation et mobilisation<\/p>\n<p class=\" wall-content\">Malgr\u00e9 cet attachement \u00e0 l\u2019entreprise et le coup dur que repr\u00e9sente l\u2019annonce, une autre dynamique s\u2019installe rapidement. Pas le temps de dig\u00e9rer pour les repr\u00e9sentants syndicaux\u2009: ils passent \u00e0 l\u2019action. \u00ab<b>\u2009Le PSE qu\u2019on nous propose est au ras des p\u00e2querettes. La direction campe sur ses positions, c\u2019est toujours la m\u00eame chose<\/b>\u2009\u00bb, l\u00e2che Fr\u00e9d\u00e9ric Ploegaerts, employ\u00e9 au bureau des m\u00e9thodes. Du c\u00f4t\u00e9 des syndicats, on d\u00e9nonce des n\u00e9gociations fig\u00e9es, notamment sur les indemnit\u00e9s supra-l\u00e9gales, des compensations vers\u00e9es en plus du minimum fix\u00e9 par la loi. Les propositions de reclassement, jug\u00e9es trop vagues ou inadapt\u00e9es, ne convainquent pas ni les 55 salari\u00e9s ni les syndicats.Ces derniers reprochent\u2009: \u00ab<b>\u2009On est mal consid\u00e9r\u00e9s alors qu\u2019on a donn\u00e9 notre vie pour le groupe\u2009<\/b>\u00bb.<\/p>\n<p class=\" wall-content\">Selon eux, cette d\u00e9cision n\u2019est peut-\u00eatre pas si r\u00e9cente que \u00e7a. Lors des changements de locaux en 2017 plusieurs salari\u00e9s auraient \u00e9t\u00e9 avertis par des proches de cette menace\u2009: \u00ab\u2009Le bail des nouveaux locaux va jusqu\u2019en octobre de cette ann\u00e9e. \u00c0 mon avis, \u00e7a fait longtemps qu\u2019ils ont pour projet de fermer le tech center\u2009\u00bb.<\/p>\n<p>Une d\u00e9cision prise \u00ab\u00a0avec gravit\u00e9\u00a0\u00bb<\/p>\n<p class=\" wall-content\">Si nous n\u2019avons pas pu avoir de r\u00e9ponse concr\u00e8te \u00e0\u2009plusieurs de nos questions, Etam tient sa ligne et affirme\u2009: \u00ab\u2009Le groupe comprend sinc\u00e8rement l\u2019\u00e9motion que peut susciter cette situation pour les \u00e9quipes concern\u00e9es, et tient \u00e0 rappeler qu\u2019il a toujours veill\u00e9 \u00e0 accompagner ses collaborateurs avec responsabilit\u00e9.\u2009[\u2026] La d\u00e9cision de fermeture du tech center s\u2019inscrit dans un contexte plus large d\u2019\u00e9volutions structurelles du secteur. Elle a \u00e9t\u00e9 prise avec gravit\u00e9, apr\u00e8s un examen approfondi des organisations et des besoins industriels, mais sans remettre en cause les valeurs ni l\u2019attachement \u00e0 ce qui a fait l\u2019histoire et la singularit\u00e9 de ce site et de ses salari\u00e9s.\u2009\u00bb Selon eux, le site d\u00e9pend d\u2019une filiale interne qui ne produit que<b> 2,45\u2009% des prototypes<\/b>.<\/p>\n<p class=\" wall-content\">De leur c\u00f4t\u00e9, Claudine Coppens et Fr\u00e9d\u00e9ric Ploegaerts ne se projettent pas. \u00ab\u2009L\u2019important, ce sont les coll\u00e8gues, nous, on verra apr\u00e8s.\u2009\u00bb Pour les d\u00e9l\u00e9gu\u00e9s syndicaux, \u00e7a ne fait aucun doute, ils ne sont pas pr\u00e8s de baisser les bras et des mobilisations sont encore pr\u00e9vues, d\u2019ici la date limite du 19 mai pour trouver un accord.<\/p>\n<p class=\" wall-content\">Suivez toute l\u2019actualit\u00e9 de vos villes et m\u00e9dias favoris en vous inscrivant \u00e0 <a href=\"https:\/\/moncompte.actu.fr\" title=\"D\u00e9couvez Mon Actu\" rel=\"nofollow noopener\" data-trk=\"{&quot;cta&quot;:{&quot;action&quot;:&quot;https:\\\/\\\/moncompte.actu.fr&quot;,&quot;category&quot;:&quot;mon compte&quot;,&quot;from&quot;:&quot;article footer&quot;,&quot;name&quot;:&quot;Mon actu&quot;,&quot;type&quot;:&quot;cta&quot;}}\" target=\"_blank\">Mon Actu<\/a>.<\/p>\n<p>                    <script async src=\"\/\/www.instagram.com\/embed.js\"><\/script><\/p>\n","protected":false},"excerpt":{"rendered":"Par Bastien Grossin Publi\u00e9 le 6 mai 2025 \u00e0 10h53 C\u2019est une annonce qui a fait l\u2019effet d\u2019un&hellip;\n","protected":false},"author":2,"featured_media":78956,"comment_status":"","ping_status":"","sticky":false,"template":"","format":"standard","meta":{"footnotes":""},"categories":[2815],"tags":[1111,11,33,1777,674,1011,27,811,693,1307,1272,12,25,2422],"class_list":{"0":"post-78955","1":"post","2":"type-post","3":"status-publish","4":"format-standard","5":"has-post-thumbnail","7":"category-lille","8":"tag-actu","9":"tag-actualites","10":"tag-economie","11":"tag-eu","12":"tag-europe","13":"tag-fr","14":"tag-france","15":"tag-hauts-de-france","16":"tag-industrie","17":"tag-lille","18":"tag-manifestations","19":"tag-news","20":"tag-republique-francaise","21":"tag-textile"},"share_on_mastodon":{"url":"https:\/\/pubeurope.com\/@fr\/114460239074396307","error":""},"_links":{"self":[{"href":"https:\/\/www.europesays.com\/fr\/wp-json\/wp\/v2\/posts\/78955","targetHints":{"allow":["GET"]}}],"collection":[{"href":"https:\/\/www.europesays.com\/fr\/wp-json\/wp\/v2\/posts"}],"about":[{"href":"https:\/\/www.europesays.com\/fr\/wp-json\/wp\/v2\/types\/post"}],"author":[{"embeddable":true,"href":"https:\/\/www.europesays.com\/fr\/wp-json\/wp\/v2\/users\/2"}],"replies":[{"embeddable":true,"href":"https:\/\/www.europesays.com\/fr\/wp-json\/wp\/v2\/comments?post=78955"}],"version-history":[{"count":0,"href":"https:\/\/www.europesays.com\/fr\/wp-json\/wp\/v2\/posts\/78955\/revisions"}],"wp:featuredmedia":[{"embeddable":true,"href":"https:\/\/www.europesays.com\/fr\/wp-json\/wp\/v2\/media\/78956"}],"wp:attachment":[{"href":"https:\/\/www.europesays.com\/fr\/wp-json\/wp\/v2\/media?parent=78955"}],"wp:term":[{"taxonomy":"category","embeddable":true,"href":"https:\/\/www.europesays.com\/fr\/wp-json\/wp\/v2\/categories?post=78955"},{"taxonomy":"post_tag","embeddable":true,"href":"https:\/\/www.europesays.com\/fr\/wp-json\/wp\/v2\/tags?post=78955"}],"curies":[{"name":"wp","href":"https:\/\/api.w.org\/{rel}","templated":true}]}}