{"id":78959,"date":"2025-05-06T09:44:08","date_gmt":"2025-05-06T09:44:08","guid":{"rendered":"https:\/\/www.europesays.com\/fr\/78959\/"},"modified":"2025-05-06T09:44:08","modified_gmt":"2025-05-06T09:44:08","slug":"rixe-entre-jeunes-femmes-a-coups-de-tessons-de-bouteilles-a-marseille","status":"publish","type":"post","link":"https:\/\/www.europesays.com\/fr\/78959\/","title":{"rendered":"Rixe entre jeunes femmes \u00e0 coups de tessons de bouteilles \u00e0 Marseille"},"content":{"rendered":"<p>Trois jeunes femmes ont \u00e9t\u00e9 bless\u00e9es dans une rixe les opposant \u00e0 une bande de quatre rivales. Les cris et les insultes des protagonistes exclusivement f\u00e9minins de ce diff\u00e9rend ont r\u00e9veill\u00e9 les riverains de la <a href=\"https:\/\/www.laprovence.com\/article\/region\/62715488686287\/cest-tres-dangereux-le-velo-grand-oublie-de-l-espace-public-a-marseille\" target=\"_blank\" rel=\"nofollow noopener\">rue Paradis<\/a> et de la place du g\u00e9n\u00e9ral de Gaulle sur les coups de 6\u00a0heures dimanche 4\u00a0mai matin.<\/p>\n<p>\u00c0 cette heure qui n\u2019est plus celle du laitier mais plut\u00f4t des sorties de discoth\u00e8que, c\u2019est sur le pav\u00e9 de cette art\u00e8re du 1er arrondissement de Marseille que plusieurs jeunes filles se sont violemment oppos\u00e9es.<\/p>\n<p>Transport\u00e9es \u00e0 l\u2019h\u00f4pital<\/p>\n<p>Alert\u00e9es de la <a href=\"https:\/\/www.laprovence.com\/actu\/en-direct\/4495185\/bagarre-mortelle-entre-filles-a-marseille-douze-ans-de-prison-et-un-acquittement.html\" target=\"_blank\" rel=\"nofollow noopener\">bagarre<\/a> en cours par les op\u00e9rateurs de la vid\u00e9osurveillance de la ville, les forces de l\u2019ordre se sont aussit\u00f4t rendues sur place et ont d\u00fb s\u00e9parer sept jeunes femmes.<\/p>\n<p>Trois ont \u00e9t\u00e9 bless\u00e9es apr\u00e8s avoir re\u00e7u des coups de tessons de bouteilles, l\u2019une \u00e0 la main, l\u2019autre \u00e0 la poitrine et une troisi\u00e8me \u00e0 la t\u00eate. \u00c2g\u00e9es de 18, 23 et 36\u00a0ans, elles ont \u00e9t\u00e9 prises en charge par les <a href=\"https:\/\/www.laprovence.com\/article\/faits-divers-justice\/25965017686970\/le-bataillon-des-marins-pompiers-de-marseille-pourrait-inspirer-la-securite-civile\" target=\"_blank\" rel=\"nofollow noopener\">marins-pompiers de Marseille<\/a>, avant d\u2019\u00eatre transport\u00e9es \u00e0 l\u2019h\u00f4pital.<\/p>\n<p>Leurs assaillantes qui ont entre 15 et 24\u00a0ans, ont \u00e9t\u00e9 plac\u00e9es en garde \u00e0 vue.<\/p>\n","protected":false},"excerpt":{"rendered":"Trois jeunes femmes ont \u00e9t\u00e9 bless\u00e9es dans une rixe les opposant \u00e0 une bande de quatre rivales. Les&hellip;\n","protected":false},"author":2,"featured_media":78960,"comment_status":"","ping_status":"","sticky":false,"template":"","format":"standard","meta":{"footnotes":""},"categories":[2814],"tags":[17,1111,11,18523,854,2834,1777,674,274,4651,1011,27,4074,884,12,882,25,5510,18522],"class_list":{"0":"post-78959","1":"post","2":"type-post","3":"status-publish","4":"format-standard","5":"has-post-thumbnail","7":"category-marseille","8":"tag-17","9":"tag-actu","10":"tag-actualites","11":"tag-bouteilles","12":"tag-coups","13":"tag-entre","14":"tag-eu","15":"tag-europe","16":"tag-faits-divers-justice","17":"tag-femmes","18":"tag-fr","19":"tag-france","20":"tag-jeunes","21":"tag-marseille","22":"tag-news","23":"tag-provence-alpes-cote-dazur","24":"tag-republique-francaise","25":"tag-rixe","26":"tag-tessons"},"share_on_mastodon":{"url":"https:\/\/pubeurope.com\/@fr\/114460246942409837","error":""},"_links":{"self":[{"href":"https:\/\/www.europesays.com\/fr\/wp-json\/wp\/v2\/posts\/78959","targetHints":{"allow":["GET"]}}],"collection":[{"href":"https:\/\/www.europesays.com\/fr\/wp-json\/wp\/v2\/posts"}],"about":[{"href":"https:\/\/www.europesays.com\/fr\/wp-json\/wp\/v2\/types\/post"}],"author":[{"embeddable":true,"href":"https:\/\/www.europesays.com\/fr\/wp-json\/wp\/v2\/users\/2"}],"replies":[{"embeddable":true,"href":"https:\/\/www.europesays.com\/fr\/wp-json\/wp\/v2\/comments?post=78959"}],"version-history":[{"count":0,"href":"https:\/\/www.europesays.com\/fr\/wp-json\/wp\/v2\/posts\/78959\/revisions"}],"wp:featuredmedia":[{"embeddable":true,"href":"https:\/\/www.europesays.com\/fr\/wp-json\/wp\/v2\/media\/78960"}],"wp:attachment":[{"href":"https:\/\/www.europesays.com\/fr\/wp-json\/wp\/v2\/media?parent=78959"}],"wp:term":[{"taxonomy":"category","embeddable":true,"href":"https:\/\/www.europesays.com\/fr\/wp-json\/wp\/v2\/categories?post=78959"},{"taxonomy":"post_tag","embeddable":true,"href":"https:\/\/www.europesays.com\/fr\/wp-json\/wp\/v2\/tags?post=78959"}],"curies":[{"name":"wp","href":"https:\/\/api.w.org\/{rel}","templated":true}]}}