{"id":78961,"date":"2025-05-06T09:45:09","date_gmt":"2025-05-06T09:45:09","guid":{"rendered":"https:\/\/www.europesays.com\/fr\/78961\/"},"modified":"2025-05-06T09:45:09","modified_gmt":"2025-05-06T09:45:09","slug":"une-fusillade-eclate-a-la-castellane-un-guetteur-blesse-par-balles","status":"publish","type":"post","link":"https:\/\/www.europesays.com\/fr\/78961\/","title":{"rendered":"une fusillade \u00e9clate \u00e0 La Castellane, un guetteur bless\u00e9 par balles"},"content":{"rendered":"<p>Deux individus mont\u00e9s sur un scooter ont ouvert le feu sur la victime, une petite main d\u2019un r\u00e9seau de stup\u00e9fiants de la cit\u00e9 faisant l\u2019objet d\u2019une OQTF. Une enqu\u00eate pour tentative d\u2019assassinat en bande organis\u00e9e a \u00e9t\u00e9 ouverte.<\/p>\n<p class=\"fig-paragraph\">Les pr\u00e9mices d\u2019un nouveau conflit arm\u00e9 pour\u00a0<a href=\"http:\/\/www.lefigaro.fr\/marseille\/blanchiment-drogue-et-extorsion-de-rappeurs-les-dessous-du-puissant-reseau-de-la-castellane-a-marseille-20250429\" data-fig-type=\"NewsFlash\" data-gtm-custom-categorie=\"navigation\" data-gtm-custom-action=\"crossclick\" data-gtm-custom-label=\"Contextuel\" data-gtm-event=\"customEventSPE\" data-fig-domain=\"LEFIGARO\" target=\"_blank\" rel=\"noopener\">la prise de contr\u00f4le de La Castellane<\/a>\u00a0? Lundi en fin d\u2019apr\u00e8s-midi, un jeune homme officiant comme guetteur, au sein d\u2019un r\u00e9seau de stup\u00e9fiants de la cit\u00e9 a \u00e9t\u00e9 bless\u00e9 par balles par deux malfaiteurs arm\u00e9s, a appris Le Figaro de sources concordantes, confirmant une information de\u00a0<a href=\"https:\/\/www.laprovence.com\/article\/faits-divers-justice\/633486763008314\/info-la-provence-un-homme-crible-de-balles-a-la-castellane-a-marseille\" target=\"_blank\" rel=\"nofollow noopener\" data-gtm-custom-categorie=\"navigation\" data-gtm-custom-action=\"crossclick\" data-gtm-custom-label=\"Contextuel\" data-gtm-event=\"customEventSPE\">La Provence<\/a> .<\/p>\n<p class=\"fig-paragraph\">D\u2019apr\u00e8s une source polici\u00e8re, les forces de l\u2019ordre patrouillaient dans le 15e arrondissement \u00e0 la recherche d\u2019un dealer de la cit\u00e9 de La Bricarde qui tentait de se r\u00e9fugier \u00e0 La Castellane lorsqu\u2019ils sont tomb\u00e9s sur la victime, bless\u00e9e par balles au niveau des bras ainsi qu\u2019au niveau du bas-ventre. Selon des t\u00e9moins de la sc\u00e8ne, deux individus v\u00eatus de noir et mont\u00e9s sur un scooter ont fait irruption dans la cit\u00e9 avant d\u2019ouvrir le feu et de prendre la fuite.<\/p>\n<p class=\"fig-paragraph\">Une version corrobor\u00e9e par la victime, un jeune homme de 26 ans n\u00e9 en Alg\u00e9rie, faisant l\u2019objet d\u2019une obligation de quitter le territoire fran\u00e7ais (<a href=\"http:\/\/www.lefigaro.fr\/nantes\/pres-de-nantes-apres-une-expulsion-de-familles-sous-oqtf-une-mobilisation-denonce-l-inhumanite-de-la-circulaire-retailleau-20250425\" data-fig-type=\"NewsFlash\" data-gtm-custom-categorie=\"navigation\" data-gtm-custom-action=\"crossclick\" data-gtm-custom-label=\"Contextuel\" data-gtm-event=\"customEventSPE\" data-fig-domain=\"LEFIGARO\" target=\"_blank\" rel=\"noopener\">OQTF<\/a>) et d\u00e9j\u00e0 connue des autorit\u00e9s pour des faits de trafic de stup\u00e9fiants d\u2019apr\u00e8s une source polici\u00e8re. Se pr\u00e9sentant lui-m\u00eame comme un \u00abguetteur\u00bb de La Castellane travaillant pour le r\u00e9seau de La Bricarde, il a \u00e9t\u00e9 transport\u00e9 \u00e0 l\u2019h\u00f4pital par les secours avec un pronostic vital engag\u00e9.<\/p>\n<p>Guerre de territoires<\/p>\n<p class=\"fig-paragraph\">Son pronostic vital n\u2019\u00e9tait toutefois plus engag\u00e9 ce mardi matin, comme confirm\u00e9 au Figaro par le parquet de Marseille, qui pr\u00e9cise qu\u2019une enqu\u00eate a \u00e9t\u00e9 ouverte des chefs de \u00abtentative d\u2019assassinat en bande organis\u00e9e\u00a0\u00bb et de \u00abparticipation \u00e0 une association de malfaiteurs en vue d\u2019un crime en bande organis\u00e9e\u00bb. Les investigations ont \u00e9t\u00e9 confi\u00e9es \u00e0 la Division de la criminalit\u00e9 organis\u00e9e et sp\u00e9cialis\u00e9e (DCOS, ex-PJ). D\u2019apr\u00e8s une de nos sources, les suspects \u00e9taient toujours en fuite ce mardi matin.<\/p>\n<p class=\"fig-paragraph\">Cette fusillade, bien que pour l\u2019instant un fait isol\u00e9, laisse craindre le retour d\u2019un affrontement entre gangs pour la prise de contr\u00f4le de La Castellane, cit\u00e9 embl\u00e9matique des quartiers nord de Marseille et de l\u2019op\u00e9ration \u00ab<a href=\"http:\/\/www.lefigaro.fr\/actualite-france\/on-va-changer-de-braquet-pour-tuer-la-pieuvre-a-marseille-une-operation-place-nette-xxl-pour-reprendre-la-ville-aux-narcotrafiquants-20240318\" data-fig-type=\"Article\" data-gtm-custom-categorie=\"navigation\" data-gtm-custom-action=\"crossclick\" data-gtm-custom-label=\"Contextuel\" data-gtm-event=\"customEventSPE\" data-fig-domain=\"LEFIGARO\" target=\"_blank\" rel=\"noopener\">place nette XXL<\/a> \u00bb lanc\u00e9e en mars 2024 par Emmanuel Macron. Le 24 avril dernier, plusieurs trafiquants d\u2019envergure suspect\u00e9s d\u2019\u00eatre \u00e0 la t\u00eate du \u00abr\u00e9seau de La Castellane\u00bb avaient \u00e9t\u00e9 interpell\u00e9s et mis en examen pour leur participation pr\u00e9sum\u00e9e \u00e0 une \u00abentreprise mafieuse hi\u00e9rarchis\u00e9e et structur\u00e9e\u00bb qui g\u00e9n\u00e9rait encore 15 millions d\u2019euros annuels\u00a0<a href=\"http:\/\/www.lefigaro.fr\/marseille\/a-la-castellane-une-semaine-apres-la-visite-de-macron-la-police-maintient-la-pression-20240324\" data-fig-type=\"NewsFlash\" data-gtm-custom-categorie=\"navigation\" data-gtm-custom-action=\"crossclick\" data-gtm-custom-label=\"Contextuel\" data-gtm-event=\"customEventSPE\" data-fig-domain=\"LEFIGARO\" target=\"_blank\" rel=\"noopener\">malgr\u00e9 les op\u00e9rations polici\u00e8res,<\/a>\u00a0selon le procureur de la R\u00e9publique de Marseille, Nicolas Bessone.<\/p>\n","protected":false},"excerpt":{"rendered":"Deux individus mont\u00e9s sur un scooter ont ouvert le feu sur la victime, une petite main d\u2019un r\u00e9seau&hellip;\n","protected":false},"author":2,"featured_media":78962,"comment_status":"","ping_status":"","sticky":false,"template":"","format":"standard","meta":{"footnotes":""},"categories":[2814],"tags":[1111,11,885,1182,1180,1181,1777,674,1011,27,3832,1184,1185,884,12,1177,1176,149,1072,1186,882,25,1178,1183,887,1179],"class_list":{"0":"post-78961","1":"post","2":"type-post","3":"status-publish","4":"format-standard","5":"has-post-thumbnail","7":"category-marseille","8":"tag-actu","9":"tag-actualites","10":"tag-bouches-du-rhone","11":"tag-calanques","12":"tag-canebiere","13":"tag-cite-phoceenne","14":"tag-eu","15":"tag-europe","16":"tag-fr","17":"tag-france","18":"tag-fusillade","19":"tag-la-timone","20":"tag-les-baumettes-mediterranee","21":"tag-marseille","22":"tag-news","23":"tag-notre-dame-de-la-garde","24":"tag-olympique-de-marseille","25":"tag-om","26":"tag-police","27":"tag-provence","28":"tag-provence-alpes-cote-dazur","29":"tag-republique-francaise","30":"tag-saint-charles","31":"tag-sormiou","32":"tag-trafic-de-drogue","33":"tag-vieux-port"},"share_on_mastodon":{"url":"https:\/\/pubeurope.com\/@fr\/114460250851750964","error":""},"_links":{"self":[{"href":"https:\/\/www.europesays.com\/fr\/wp-json\/wp\/v2\/posts\/78961","targetHints":{"allow":["GET"]}}],"collection":[{"href":"https:\/\/www.europesays.com\/fr\/wp-json\/wp\/v2\/posts"}],"about":[{"href":"https:\/\/www.europesays.com\/fr\/wp-json\/wp\/v2\/types\/post"}],"author":[{"embeddable":true,"href":"https:\/\/www.europesays.com\/fr\/wp-json\/wp\/v2\/users\/2"}],"replies":[{"embeddable":true,"href":"https:\/\/www.europesays.com\/fr\/wp-json\/wp\/v2\/comments?post=78961"}],"version-history":[{"count":0,"href":"https:\/\/www.europesays.com\/fr\/wp-json\/wp\/v2\/posts\/78961\/revisions"}],"wp:featuredmedia":[{"embeddable":true,"href":"https:\/\/www.europesays.com\/fr\/wp-json\/wp\/v2\/media\/78962"}],"wp:attachment":[{"href":"https:\/\/www.europesays.com\/fr\/wp-json\/wp\/v2\/media?parent=78961"}],"wp:term":[{"taxonomy":"category","embeddable":true,"href":"https:\/\/www.europesays.com\/fr\/wp-json\/wp\/v2\/categories?post=78961"},{"taxonomy":"post_tag","embeddable":true,"href":"https:\/\/www.europesays.com\/fr\/wp-json\/wp\/v2\/tags?post=78961"}],"curies":[{"name":"wp","href":"https:\/\/api.w.org\/{rel}","templated":true}]}}