{"id":78963,"date":"2025-05-06T09:46:22","date_gmt":"2025-05-06T09:46:22","guid":{"rendered":"https:\/\/www.europesays.com\/fr\/78963\/"},"modified":"2025-05-06T09:46:22","modified_gmt":"2025-05-06T09:46:22","slug":"lyon-jeff-tetedoie-nouvel-acteur-de-la-place-des-celestins","status":"publish","type":"post","link":"https:\/\/www.europesays.com\/fr\/78963\/","title":{"rendered":"Lyon. Jeff T\u00eatedoie, nouvel Acteur de la place des C\u00e9lestins &#8211;"},"content":{"rendered":"<p>\t\t\t\t<img fetchpriority=\"high\" decoding=\"async\" width=\"900\" height=\"655\" src=\"https:\/\/www.europesays.com\/fr\/wp-content\/uploads\/2025\/05\/Jeff-Tetdoie-Cafe-terroir-1.jpg\" alt=\"\" title=\"Jeff Tetdoie Caf\u00e9 terroir-1\"   class=\"wp-image-159117\"\/><\/p>\n<p>Le vice-pr\u00e9sident des Toques Blanches initie \u00e0 la rentr\u00e9e prochaine un projet de \u00ab cuisine bistronomique \u00bb, \u00e0 deux pas de la place des Jacobins &#8211; Photos \u00a9 Lyon People<\/p>\n<p><strong>Texte\u00a0: Morgan Couturier \u2013<\/strong> Exclusif. La cuisine de son Caf\u00e9 Terroir d\u00e9j\u00e0 salu\u00e9e par les particuliers comme les professionnels de la profession, Jean-Fran\u00e7ois T\u00eatedoie a d\u00e9cid\u00e9 de s\u2019embarquer dans un nouveau projet.<\/p>\n<p>On ne sait pas encore qui, de lui ou des artistes amen\u00e9s \u00e0 enflammer le Th\u00e9\u00e2tre des C\u00e9lestins sera en haut de l\u2019affiche, en septembre prochain, mais l\u2019arriv\u00e9e de <strong>Jean-Fran\u00e7ois T\u00eatedoie<\/strong>, alias Jeff, promet de faire grand bruit, du c\u00f4t\u00e9 de la place des C\u00e9lestins.<\/p>\n<p><img loading=\"lazy\" decoding=\"async\" class=\"lazy lazy-hidden alignnone size-full wp-image-159118\" data-lazy-type=\"image\" src=\"https:\/\/www.europesays.com\/fr\/wp-content\/uploads\/2025\/05\/01-LACTEUR_lyon-1.jpg\" alt=\"\" width=\"900\" height=\"600\"  \/><\/p>\n<p>Ou plus pr\u00e9cis\u00e9ment de la rue Charles Dullin, o\u00f9 le jeune gastronome a d\u00e9cid\u00e9 de monter sur sc\u00e8ne pour reprendre le restaurant\u2026 L\u2019Acteur. <a href=\"https:\/\/www.lyonpeople.com\/bar-restaurants\/lacteur-dans-le-top-50-des-meilleurs-bouchons-lyonnais-2024-03-15.html\" target=\"_blank\" rel=\"noopener\"><strong>Un bouchon bien connu des amoureux<\/strong><\/a> de salades lyonnaises, de t\u00eates de veau, de blanquettes et autres jarrets de b\u0153uf aux lentilles, que le chef du Caf\u00e9 Terroir a d\u00e9cid\u00e9 de reprendre \u00e0 son compte, accompagn\u00e9 du caviste <strong>Romain Pelosse<\/strong> (Muraato).<\/p>\n<p><strong>Apr\u00e8s 14 ans d\u2019exercice, Olivier Bianchi tourne la page<\/strong><\/p>\n<p>Exit les parfums du Sud, incarn\u00e9s jusqu\u2019alors par le Carcassonnais <strong>Olivier Bianchi<\/strong>, Jeff T\u00eatedoie a bien l\u2019intention d\u2019apposer sa patte. Si son pr\u00e9d\u00e9cesseur remplissait ses 30 couverts depuis 2011, au b\u00e9n\u00e9fice d\u2019une gourmande cuisine locale, le fils du chef <strong>Christian T\u00eatedoie <\/strong>et de la m\u00e8re lyonnaise<strong> Florence Perier<\/strong> a d\u00e9cid\u00e9 de se d\u00e9marquer en proposant un tout autre sc\u00e9nario.<\/p>\n<p><img loading=\"lazy\" decoding=\"async\" class=\"lazy lazy-hidden alignnone size-full wp-image-159120\" data-lazy-type=\"image\" src=\"https:\/\/www.europesays.com\/fr\/wp-content\/uploads\/2025\/05\/04LACTEUR_AM-1.jpg\" alt=\"\" width=\"900\" height=\"600\"  \/><\/p>\n<p>Contact\u00e9 par Lyon People, Jeff nous a ainsi promis une \u00ab cuisine fran\u00e7aise bistronomique \u00bb, propos\u00e9e du lundi au vendredi, midi et soir. Un changement d\u2019ambiance et de propositions dans l\u2019assiette que le nouveau venu a d\u00e9cid\u00e9 de pousser jusque dans la d\u00e9nomination de son nouveau restaurant. L\u2019Acteur tire le rideau. D\u00e8s la rentr\u00e9e, c\u2019est sur\u2026 Sa\u00f4ne que les projecteurs seront braqu\u00e9s.<\/p>\n","protected":false},"excerpt":{"rendered":"Le vice-pr\u00e9sident des Toques Blanches initie \u00e0 la rentr\u00e9e prochaine un projet de \u00ab cuisine bistronomique \u00bb, \u00e0&hellip;\n","protected":false},"author":2,"featured_media":78964,"comment_status":"","ping_status":"","sticky":false,"template":"","format":"standard","meta":{"footnotes":""},"categories":[1889],"tags":[4257,1111,11,2430,1777,674,1011,27,18524,2428,12,25],"class_list":{"0":"post-78963","1":"post","2":"type-post","3":"status-publish","4":"format-standard","5":"has-post-thumbnail","7":"category-lyon","8":"tag-0top","9":"tag-actu","10":"tag-actualites","11":"tag-auvergne-rhone-alpes","12":"tag-eu","13":"tag-europe","14":"tag-fr","15":"tag-france","16":"tag-jean-francois-tetedoie","17":"tag-lyon","18":"tag-news","19":"tag-republique-francaise"},"share_on_mastodon":{"url":"https:\/\/pubeurope.com\/@fr\/114460255699531892","error":""},"_links":{"self":[{"href":"https:\/\/www.europesays.com\/fr\/wp-json\/wp\/v2\/posts\/78963","targetHints":{"allow":["GET"]}}],"collection":[{"href":"https:\/\/www.europesays.com\/fr\/wp-json\/wp\/v2\/posts"}],"about":[{"href":"https:\/\/www.europesays.com\/fr\/wp-json\/wp\/v2\/types\/post"}],"author":[{"embeddable":true,"href":"https:\/\/www.europesays.com\/fr\/wp-json\/wp\/v2\/users\/2"}],"replies":[{"embeddable":true,"href":"https:\/\/www.europesays.com\/fr\/wp-json\/wp\/v2\/comments?post=78963"}],"version-history":[{"count":0,"href":"https:\/\/www.europesays.com\/fr\/wp-json\/wp\/v2\/posts\/78963\/revisions"}],"wp:featuredmedia":[{"embeddable":true,"href":"https:\/\/www.europesays.com\/fr\/wp-json\/wp\/v2\/media\/78964"}],"wp:attachment":[{"href":"https:\/\/www.europesays.com\/fr\/wp-json\/wp\/v2\/media?parent=78963"}],"wp:term":[{"taxonomy":"category","embeddable":true,"href":"https:\/\/www.europesays.com\/fr\/wp-json\/wp\/v2\/categories?post=78963"},{"taxonomy":"post_tag","embeddable":true,"href":"https:\/\/www.europesays.com\/fr\/wp-json\/wp\/v2\/tags?post=78963"}],"curies":[{"name":"wp","href":"https:\/\/api.w.org\/{rel}","templated":true}]}}