{"id":78972,"date":"2025-05-06T09:51:28","date_gmt":"2025-05-06T09:51:28","guid":{"rendered":"https:\/\/www.europesays.com\/fr\/78972\/"},"modified":"2025-05-06T09:51:28","modified_gmt":"2025-05-06T09:51:28","slug":"helena-en-concert-a-paris-face-a-pierre-garnier-elle-fait-une-annonce-qui-affole-les-fans","status":"publish","type":"post","link":"https:\/\/www.europesays.com\/fr\/78972\/","title":{"rendered":"H\u00e9l\u00e9na : en concert \u00e0 Paris face \u00e0 Pierre Garnier, elle fait une annonce qui affole les fans !"},"content":{"rendered":"<p>La foule \u00e9tait en d\u00e9lire ce lundi 5 mai 2025, au Trianon, alors qu&rsquo;H\u00e9l\u00e9na, qui donnait son premier concert solo \u00e0 Paris, a fait une annonce exceptionnelle qui a affol\u00e9 ses fans. Dans le public, aux premi\u00e8res loges, son acolyte Pierre Garnier, semblait plus fier que jamais !<\/p>\n<p><strong>Il y a quelques jours, le 23 avril dernier, c&rsquo;est \u00e0 Forges-les-Eaux qu&rsquo;H\u00e9l\u00e9na lan\u00e7ait sa premi\u00e8re tourn\u00e9e solo<\/strong>. La chanteuse de 23 ans, demi-finaliste de la promo 2023 de la Star Academy, vole d\u00e9sormais de ses propres ailes avec succ\u00e8s. <a href=\"https:\/\/www.voici.fr\/news-people\/je-me-suis-sentie-trop-mal-helena-avoue-avoir-fait-une-grosse-erreur-dans-son-album-qui-aurait-pu-lui-valoir-de-nombreuses-critiques-802773\" target=\"_blank\" rel=\"noopener\">La sortie de son premier album, H\u00e9l\u00e9<\/a>, en mars dernier, a fait l&rsquo;unanimit\u00e9 aupr\u00e8s de ses fans, qui suivent de tr\u00e8s pr\u00e8s sa carri\u00e8re grandissante. Ce lundi 5 mai 2025, <strong>H\u00e9l\u00e9na donnait son premier concert \u00e0 Paris, au Trianon, face \u00e0 une foule en d\u00e9lire<\/strong>. L&rsquo;occasion pour elle de faire une annonce exceptionnelle, qui a pris ses fans de court. \u00ab\u00a0<strong>J&rsquo;ai quelque chose \u00e0 vous annoncer. Cette tourn\u00e9e est tellement incroyable, on continue l&rsquo;aventure. On rajoute un Z\u00e9nith de Paris et on rajoute un troisi\u00e8me Forest National [salle de concert mythique \u00e0 Bruxelles, ndlr]<\/strong>\u00ab\u00a0, a-t-elle d\u00e9clar\u00e9.<\/p>\n<p>Une v\u00e9ritable cons\u00e9cration pour la jeune chanteuse qui a pu c\u00e9l\u00e9brer cette grande nouvelle avec ses fans, mais \u00e9galement avec d&rsquo;anciens camarades de sa promo, pr\u00e9sents pour la soutenir. <a href=\"https:\/\/www.voici.fr\/news-people\/helena-bailly-en-concert-a-paris-un-invite-tres-special-repere-par-les-fans-dans-le-public-803939\" target=\"_blank\" rel=\"noopener\">Pierre Garnier, son complice de toujours, \u00e9tait bien \u00e9videmment de la partie<\/a>, aux premi\u00e8res loges. Julien Lieb, Candice, L\u00e9nie, <a href=\"https:\/\/www.voici.fr\/news-people\/lenie-gagnante-de-danse-avec-les-stars-elle-prend-une-grande-decision-juste-apres-sa-victoire-ses-fans-ne-s-y-attendaient-pas-803581\" target=\"_blank\" rel=\"noopener\">qui vient de remporter la 14e saison de Danse avec les stars<\/a>, Clara CCK ou encore Victorien avaient aussi fait le d\u00e9placement pour l&rsquo;applaudir.<\/p>\n<p>                                                                        H\u00e9l\u00e9na tr\u00e8s bien entour\u00e9e pour son premier concert solo \u00e0 Paris<\/p>\n<p>Le corps professoral avait aussi r\u00e9pondu pr\u00e9sent, comme Michael Goldman ou encore Marl\u00e8ne Schaff. La pr\u00e9sence de la professeure d&rsquo;expression sc\u00e9nique n&rsquo;\u00e9tait pas anodine, puisqu&rsquo;<a href=\"https:\/\/www.voici.fr\/tele\/ca-va-etre-tellement-bien-marlene-schaff-se-languit-de-sa-nouvelle-collaboration-avec-helena-ce-cliche-qui-emerveille-les-fans-803153\" target=\"_blank\" rel=\"noopener\">elle a accompagn\u00e9 en tant que coach vocale<\/a> pour la pr\u00e9paration de sa tourn\u00e9e. <strong>Apr\u00e8s sa tourn\u00e9e des petites salles, H\u00e9l\u00e9na s&rsquo;attaquera donc aux Z\u00e9niths dans quelques mois<\/strong>. La jeune Belge, qui n&rsquo;a pas remport\u00e9 la 11e saison de la Star Academy face \u00e0 Pierre Garnier en f\u00e9vrier 2023, a bel et bien gagn\u00e9 les c\u0153urs de ses fans !<\/p>\n<blockquote class=\"twitter-tweet\">\n<p lang=\"fr\" dir=\"ltr\">L\u2019annonce des nouvelles dates \ud83d\udd25\ud83d\udd25 <a href=\"https:\/\/t.co\/QnHftIi4Uk\">pic.twitter.com\/QnHftIi4Uk<\/a><\/p>\n<p>\u2014 Chlo\u00e9 \ud83e\udef0 (@saha_chloe) <a href=\"https:\/\/twitter.com\/saha_chloe\/status\/1919487822706135326?ref_src=twsrc%5Etfw\" target=\"_blank\" rel=\"noopener\">May 5, 2025<\/a><\/p><\/blockquote>\n<p>                                                                                                        <script async src=\"https:\/\/platform.twitter.com\/widgets.js\" charset=\"utf-8\"><\/script><\/p>\n","protected":false},"excerpt":{"rendered":"La foule \u00e9tait en d\u00e9lire ce lundi 5 mai 2025, au Trianon, alors qu&rsquo;H\u00e9l\u00e9na, qui donnait son premier&hellip;\n","protected":false},"author":2,"featured_media":78973,"comment_status":"","ping_status":"","sticky":false,"template":"","format":"standard","meta":{"footnotes":""},"categories":[1888],"tags":[1111,1928,11,1927,2562,1697,1777,674,1011,27,18525,12,1926,626,1925,18526,25,5095,5930],"class_list":{"0":"post-78972","1":"post","2":"type-post","3":"status-publish","4":"format-standard","5":"has-post-thumbnail","7":"category-paris","8":"tag-actu","9":"tag-actu-paris","10":"tag-actualites","11":"tag-actualites-paris","12":"tag-annonce","13":"tag-concert","14":"tag-eu","15":"tag-europe","16":"tag-fr","17":"tag-france","18":"tag-hu00e9lu00e9na-u2013-star-academy-2023","19":"tag-news","20":"tag-news-paris","21":"tag-paris","22":"tag-paris-news","23":"tag-pierre-u2013-star-academy-2023","24":"tag-republique-francaise","25":"tag-star-academy","26":"tag-tournu00e9e"},"share_on_mastodon":{"url":"https:\/\/pubeurope.com\/@fr\/114460274393239867","error":""},"_links":{"self":[{"href":"https:\/\/www.europesays.com\/fr\/wp-json\/wp\/v2\/posts\/78972","targetHints":{"allow":["GET"]}}],"collection":[{"href":"https:\/\/www.europesays.com\/fr\/wp-json\/wp\/v2\/posts"}],"about":[{"href":"https:\/\/www.europesays.com\/fr\/wp-json\/wp\/v2\/types\/post"}],"author":[{"embeddable":true,"href":"https:\/\/www.europesays.com\/fr\/wp-json\/wp\/v2\/users\/2"}],"replies":[{"embeddable":true,"href":"https:\/\/www.europesays.com\/fr\/wp-json\/wp\/v2\/comments?post=78972"}],"version-history":[{"count":0,"href":"https:\/\/www.europesays.com\/fr\/wp-json\/wp\/v2\/posts\/78972\/revisions"}],"wp:featuredmedia":[{"embeddable":true,"href":"https:\/\/www.europesays.com\/fr\/wp-json\/wp\/v2\/media\/78973"}],"wp:attachment":[{"href":"https:\/\/www.europesays.com\/fr\/wp-json\/wp\/v2\/media?parent=78972"}],"wp:term":[{"taxonomy":"category","embeddable":true,"href":"https:\/\/www.europesays.com\/fr\/wp-json\/wp\/v2\/categories?post=78972"},{"taxonomy":"post_tag","embeddable":true,"href":"https:\/\/www.europesays.com\/fr\/wp-json\/wp\/v2\/tags?post=78972"}],"curies":[{"name":"wp","href":"https:\/\/api.w.org\/{rel}","templated":true}]}}