{"id":789721,"date":"2026-03-10T21:23:15","date_gmt":"2026-03-10T21:23:15","guid":{"rendered":"https:\/\/www.europesays.com\/fr\/789721\/"},"modified":"2026-03-10T21:23:15","modified_gmt":"2026-03-10T21:23:15","slug":"lhumanite-vient-de-basculer-dans-une-phase-devolution-que-personne-navait-prevue","status":"publish","type":"post","link":"https:\/\/www.europesays.com\/fr\/789721\/","title":{"rendered":"l&rsquo;humanit\u00e9 vient de basculer dans une phase d&rsquo;\u00e9volution que personne n&rsquo;avait pr\u00e9vue"},"content":{"rendered":"<p class=\"whitespace-normal break-words\"><strong>Alors que beaucoup croient que notre d\u00e9veloppement biologique s\u2019est arr\u00eat\u00e9, une \u00e9tude r\u00e9cente de l\u2019Universit\u00e9 du Maine r\u00e9v\u00e8le une v\u00e9rit\u00e9 saisissante : nous sommes actuellement au c\u0153ur d\u2019une transformation \u00e9volutive sans pr\u00e9c\u00e9dent. Mais cette fois, ce ne sont pas nos g\u00e8nes qui changent, c\u2019est quelque chose de beaucoup plus puissant.<\/strong><\/p>\n<p>La fin de l\u2019\u00e9volution g\u00e9n\u00e9tique ?<\/p>\n<p class=\"whitespace-normal break-words\">L\u2019image classique de la \u00ab\u00a0Marche du progr\u00e8s\u00a0\u00bb nous montre une progression lin\u00e9aire du singe \u00e0 l\u2019Homme moderne, sugg\u00e9rant que nous avons atteint le sommet de notre d\u00e9veloppement. Cette vision rassurante mais erron\u00e9e ignore une r\u00e9alit\u00e9 fondamentale : l\u2019\u00e9volution n\u2019a jamais eu de destination finale.<\/p>\n<p class=\"whitespace-normal break-words\">Tim Waring, professeur d\u2019\u00e9conomie et de d\u00e9veloppement durable, et son coll\u00e8gue Zachary Wood ont identifi\u00e9 un ph\u00e9nom\u00e8ne fascinant. Selon leurs recherches, l\u2019humanit\u00e9 traverse actuellement une transition \u00e9volutive majeure, comparable aux grands bouleversements qui ont marqu\u00e9 l\u2019histoire de la vie sur Terre.<\/p>\n<p>Quand la culture remplace les g\u00e8nes<\/p>\n<p class=\"whitespace-normal break-words\">Cette transformation ne ressemble \u00e0 rien de ce que nous avons connu. Plut\u00f4t que d\u2019attendre des <a href=\"https:\/\/sciencepost.fr\/une-nouvelle-couleur-de-chat-defie-les-attentes-genetiques\/\" target=\"_blank\" rel=\"noopener nofollow\">mutations g\u00e9n\u00e9tiques<\/a> sur des milliers d\u2019ann\u00e9es, nous d\u00e9veloppons des solutions culturelles en quelques d\u00e9cennies seulement. L\u2019\u00e9volution culturelle \u00ab\u00a0d\u00e9vore\u00a0\u00bb litt\u00e9ralement l\u2019\u00e9volution g\u00e9n\u00e9tique.<\/p>\n<p class=\"whitespace-normal break-words\">Les preuves abondent autour de nous. Plus des trois quarts de la population porte des lunettes correctrices, compensant ainsi une \u00ab\u00a0d\u00e9faillance\u00a0\u00bb g\u00e9n\u00e9tique qui aurait \u00e9t\u00e9 handicapante par le pass\u00e9. Une naissance sur trois aux \u00c9tats-Unis se fait par c\u00e9sarienne, permettant de sauver des vies que la nature aurait condamn\u00e9es. Ces innovations culturelles nous affranchissent des contraintes biologiques traditionnelles.<\/p>\n<p>Vers une humanit\u00e9 \u00ab\u00a0superorganisme\u00a0\u00bb<\/p>\n<p class=\"whitespace-normal break-words\">La th\u00e9orie de Waring et Wood, d\u00e9velopp\u00e9e dans la revue <a href=\"https:\/\/academic.oup.com\/bioscience\/advance-article-abstract\/doi\/10.1093\/biosci\/biaf094\/8230384?redirectedFrom=fulltext&amp;login=false\" target=\"_blank\" rel=\"noopener nofollow\">BioScience<\/a>, va plus loin. Ils sugg\u00e8rent que nous \u00e9voluons vers une forme d\u2019organisation sociale proche de l\u2019eusocialit\u00e9, observ\u00e9e chez les fourmis ou les termites. Dans ces soci\u00e9t\u00e9s, l\u2019individu compte moins que la colonie, cr\u00e9ant un v\u00e9ritable \u00ab\u00a0superorganisme\u00a0\u00bb collectif.<\/p>\n<p class=\"whitespace-normal break-words\">Cette perspective peut sembler troublante, mais elle explique des ph\u00e9nom\u00e8nes r\u00e9cents troublants de coh\u00e9rence. La pand\u00e9mie de COVID-19 en offre un exemple frappant : dans la plupart des pays, les populations ont r\u00e9agi non pas individuellement, mais comme un \u00ab\u00a0syst\u00e8me immunitaire national\u00a0\u00bb, adoptant spontan\u00e9ment des comportements protecteurs collectifs.<\/p>\n<p>L\u2019acc\u00e9l\u00e9ration historique du changement<\/p>\n<p class=\"whitespace-normal break-words\">L\u2019analyse historique r\u00e9v\u00e8le cette acc\u00e9l\u00e9ration spectaculaire. Il y a dix mille ans, l\u2019agriculture transformait d\u00e9j\u00e0 nos soci\u00e9t\u00e9s en am\u00e9liorant la sant\u00e9 et la long\u00e9vit\u00e9. Il y a deux mill\u00e9naires, nous construisions des infrastructures complexes : routes, aqueducs, syst\u00e8mes sanitaires. Il y a deux si\u00e8cles, les premiers vaccins sauvaient des millions de vies.<\/p>\n<p class=\"whitespace-normal break-words\">Aujourd\u2019hui, nous ma\u00eetrisons l\u2019\u00e9dition g\u00e9n\u00e9tique personnalis\u00e9e, permettant de corriger des maladies mortelles chez les nouveau-n\u00e9s. Chaque innovation s\u2019appuie sur les connaissances pr\u00e9c\u00e9dentes, cr\u00e9ant un syst\u00e8me qui se renforce continuellement.<\/p>\n<p>Le nouveau facteur d\u00e9terminant<\/p>\n<p class=\"whitespace-normal break-words\">Waring pose une question r\u00e9v\u00e9latrice : \u00ab\u00a0Qu\u2019est-ce qui compte le plus pour votre avenir personnel, vos g\u00e8nes de naissance ou votre pays de r\u00e9sidence ?\u00a0\u00bb La r\u00e9ponse bouleverse nos certitudes. Notre bien-\u00eatre d\u00e9pend d\u00e9sormais davantage de nos syst\u00e8mes culturels \u2013 communaut\u00e9, technologies, institutions \u2013 que de notre patrimoine g\u00e9n\u00e9tique individuel.<\/p>\n<p class=\"whitespace-normal break-words\">Cette \u00e9volution culturelle r\u00e9sout les probl\u00e8mes bien plus rapidement que les mutations g\u00e9n\u00e9tiques. L\u00e0 o\u00f9 l\u2019\u00e9volution biologique n\u00e9cessite des mill\u00e9naires, les solutions culturelles \u00e9mergent en quelques g\u00e9n\u00e9rations, voire quelques d\u00e9cennies.<\/p>\n<p>Les d\u00e9fis de cette transformation<\/p>\n<p class=\"whitespace-normal break-words\">Cette r\u00e9volution \u00e9volutive n\u2019est pas sans risques. Comme le souligne Wood, l\u2019\u00e9volution peut engendrer \u00ab\u00a0aussi bien de bonnes solutions que des cons\u00e9quences brutales\u00ab\u00a0. L\u2019\u00e9volution culturelle ne signifie pas n\u00e9cessairement progr\u00e8s moral ou sup\u00e9riorit\u00e9.<\/p>\n<p class=\"whitespace-normal break-words\">Les chercheurs d\u00e9veloppent actuellement des mod\u00e8les math\u00e9matiques pour mesurer cette transition. Leur objectif : comprendre comment l\u2019humanit\u00e9 bascule d\u2019une esp\u00e8ce gouvern\u00e9e par la g\u00e9n\u00e9tique vers une esp\u00e8ce model\u00e9e par les changements culturels et soci\u00e9taux.<\/p>\n<p class=\"whitespace-normal break-words\">Si leur hypoth\u00e8se se confirme, notre destin individuel et l\u2019avenir de notre esp\u00e8ce d\u00e9pendront de plus en plus de la force et de l\u2019adaptabilit\u00e9 de nos soci\u00e9t\u00e9s. Une perspective \u00e0 la fois inqui\u00e9tante et fascinante qui red\u00e9finit compl\u00e8tement notre compr\u00e9hension de l\u2019\u00e9volution humaine.<\/p>\n","protected":false},"excerpt":{"rendered":"Alors que beaucoup croient que notre d\u00e9veloppement biologique s\u2019est arr\u00eat\u00e9, une \u00e9tude r\u00e9cente de l\u2019Universit\u00e9 du Maine r\u00e9v\u00e8le&hellip;\n","protected":false},"author":2,"featured_media":789722,"comment_status":"","ping_status":"","sticky":false,"template":"","format":"standard","meta":{"footnotes":""},"categories":[7],"tags":[1011,27,56,43,40,41,39,42,44],"class_list":{"0":"post-789721","1":"post","2":"type-post","3":"status-publish","4":"format-standard","5":"has-post-thumbnail","7":"category-sciences-et-technologies","8":"tag-fr","9":"tag-france","10":"tag-push","11":"tag-science","12":"tag-science-and-technology","13":"tag-sciences","14":"tag-sciences-et-technologies","15":"tag-technologies","16":"tag-technology"},"share_on_mastodon":{"url":"https:\/\/pubeurope.com\/@fr\/116206987797130304","error":""},"_links":{"self":[{"href":"https:\/\/www.europesays.com\/fr\/wp-json\/wp\/v2\/posts\/789721","targetHints":{"allow":["GET"]}}],"collection":[{"href":"https:\/\/www.europesays.com\/fr\/wp-json\/wp\/v2\/posts"}],"about":[{"href":"https:\/\/www.europesays.com\/fr\/wp-json\/wp\/v2\/types\/post"}],"author":[{"embeddable":true,"href":"https:\/\/www.europesays.com\/fr\/wp-json\/wp\/v2\/users\/2"}],"replies":[{"embeddable":true,"href":"https:\/\/www.europesays.com\/fr\/wp-json\/wp\/v2\/comments?post=789721"}],"version-history":[{"count":0,"href":"https:\/\/www.europesays.com\/fr\/wp-json\/wp\/v2\/posts\/789721\/revisions"}],"wp:featuredmedia":[{"embeddable":true,"href":"https:\/\/www.europesays.com\/fr\/wp-json\/wp\/v2\/media\/789722"}],"wp:attachment":[{"href":"https:\/\/www.europesays.com\/fr\/wp-json\/wp\/v2\/media?parent=789721"}],"wp:term":[{"taxonomy":"category","embeddable":true,"href":"https:\/\/www.europesays.com\/fr\/wp-json\/wp\/v2\/categories?post=789721"},{"taxonomy":"post_tag","embeddable":true,"href":"https:\/\/www.europesays.com\/fr\/wp-json\/wp\/v2\/tags?post=789721"}],"curies":[{"name":"wp","href":"https:\/\/api.w.org\/{rel}","templated":true}]}}