{"id":78980,"date":"2025-05-06T09:55:19","date_gmt":"2025-05-06T09:55:19","guid":{"rendered":"https:\/\/www.europesays.com\/fr\/78980\/"},"modified":"2025-05-06T09:55:19","modified_gmt":"2025-05-06T09:55:19","slug":"poutine-admet-pouvoir-utiliser-larme-nucleaire-mais-espere-ne-pas-en-avoir-besoin","status":"publish","type":"post","link":"https:\/\/www.europesays.com\/fr\/78980\/","title":{"rendered":"Poutine admet pouvoir utiliser l\u2019arme nucl\u00e9aire mais \u00ab esp\u00e8re ne pas en avoir besoin \u00bb"},"content":{"rendered":"<p>Depuis le d\u00e9but de <a href=\"https:\/\/www.parismatch.com\/actu\/international\/le-kremlin-affirme-que-la-russie-est-prete-a-une-mobilisation-de-masse-comme-pendant-la-seconde-guerre-mondiale-250802\" rel=\"nofollow noopener\" target=\"_blank\" data-ylk=\"slk:l\u2019offensive en Ukraine;elm:context_link;itc:0;sec:content-canvas\" class=\"link \">l\u2019offensive en Ukraine<\/a>, une crainte persiste\u00a0: que la Russie utilise\u00a0<a href=\"https:\/\/www.parismatch.com\/actu\/international\/arme-nucleaire-les-inquietantes-declarations-du-dirigeant-de-la-coree-du-nord-241513\" rel=\"nofollow noopener\" target=\"_blank\" data-ylk=\"slk:l\u2019arme nucl\u00e9aire;elm:context_link;itc:0;sec:content-canvas\" class=\"link \">l\u2019arme nucl\u00e9aire<\/a>. D\u00e8s 2022, l\u2019ancien directeur de la CIA, William Burns, d\u00e9clarait qu\u2019il existait un v\u00e9ritable risque. Trois ans plus tard, Vladimir Poutine, pr\u00e9sident de la <a href=\"https:\/\/www.parismatch.com\/actu\/international\/je-suis-affame-de-sang-le-fils-dune-responsable-de-la-cia-meurt-pour-la-russie-sur-le-front-en-ukraine-250576\" rel=\"nofollow noopener\" target=\"_blank\" data-ylk=\"slk:Russie;elm:context_link;itc:0;sec:content-canvas\" class=\"link \">Russie<\/a>, a \u00e9voqu\u00e9 cette possibilit\u00e9 dans un film diffus\u00e9 dimanche \u00e0 l\u2019occasion de ses 25\u00a0ans au pouvoir, rapporte <a href=\"https:\/\/www.theguardian.com\/world\/2025\/may\/04\/need-to-use-use-nuclear-weapons-has-not-arisen-in-ukraine-says-putin\" rel=\"nofollow noopener\" target=\"_blank\" data-ylk=\"slk:The Guardian;elm:context_link;itc:0;sec:content-canvas\" class=\"link \">The Guardian<\/a>.<\/p>\n<p>Interrog\u00e9 par un journaliste, il a affirm\u00e9 que son pays et son arm\u00e9e disposaient des moyens n\u00e9cessaires pour mener les combats jusqu\u2019\u00e0 leur \u00ab\u00a0conclusion logique\u00a0\u00bb, laissant clairement entendre une r\u00e9f\u00e9rence \u00e0 la puissance nucl\u00e9aire, que poss\u00e8dent neuf pays dans le monde. \u00ab\u00a0Il n\u2019a pas \u00e9t\u00e9 n\u00e9cessaire d\u2019utiliser les armes nucl\u00e9aires. Et j\u2019esp\u00e8re qu\u2019il n\u2019y en aura pas besoin\u00a0\u00bb, a-t-il pr\u00e9cis\u00e9.<\/p>\n<p>La Russie poss\u00e8de le plus gros arsenal nucl\u00e9aire<\/p>\n<p>Dans ce film soigneusement sc\u00e9naris\u00e9 par la t\u00e9l\u00e9vision d\u2019\u00c9tat, le chef du Kremlin est montr\u00e9 sous un jour rarement vu par les Russes. Son r\u00f4le de chef de guerre y est largement mis en avant. Concernant l\u2019utilisation de l\u2019arsenal atomique russe, le plus imposant au monde, Vladimir Poutine s\u2019est limit\u00e9 \u00e0 cette d\u00e9claration.<\/p>\n<p>Mais cette menace, bien r\u00e9elle, avait d\u00e9j\u00e0 pouss\u00e9 les \u00c9tats-Unis \u00e0 r\u00e9agir. \u00c0 la suite des propos de William Burns, la Russie avait \u00e9t\u00e9 avertie qu\u2019une r\u00e9ponse particuli\u00e8rement violente serait envisag\u00e9e en cas d\u2019usage de l\u2019arme nucl\u00e9aire. P\u00e9kin s\u2019\u00e9tait \u00e9galement joint \u00e0 cet avertissement.<\/p>\n<p>\u00c0 lire aussi <a href=\"https:\/\/www.parismatch.com\/actu\/international\/nucleaire-iranien-pour-netanyahu-loption-militaire-deviendra-inevitable-si-les-negociations-trainent-249859\" rel=\"nofollow noopener\" target=\"_blank\" data-ylk=\"slk:Nucl\u00e9aire iranien : pour Netanya...;elm:context_link;itc:0;sec:content-canvas\" class=\"link \">Nucl\u00e9aire iranien : pour Netanya&#8230;<\/a><\/p>\n<p><a href=\"https:\/\/www.parismatch.com\/actu\/international\/guerre-en-ukraine-poutine-espere-ne-pas-avoir-a-utiliser-la-bombe-nucleaire-pour-regler-le-conflit-250972?at_medium=affiliate&amp;at_campaign=Yahoo\" rel=\"nofollow noopener\" target=\"_blank\" data-ylk=\"slk:Lire la suite sur ParisMatch;elm:context_link;itc:0;sec:content-canvas\" class=\"link \">Lire la suite sur ParisMatch<\/a><\/p>\n","protected":false},"excerpt":{"rendered":"Depuis le d\u00e9but de l\u2019offensive en Ukraine, une crainte persiste\u00a0: que la Russie utilise\u00a0l\u2019arme nucl\u00e9aire. D\u00e8s 2022, l\u2019ancien&hellip;\n","protected":false},"author":2,"featured_media":78981,"comment_status":"","ping_status":"","sticky":false,"template":"","format":"standard","meta":{"footnotes":""},"categories":[1590],"tags":[11,1777,674,10459,2489,12,18528,220,135,18527],"class_list":{"0":"post-78980","1":"post","2":"type-post","3":"status-publish","4":"format-standard","5":"has-post-thumbnail","7":"category-ukraine","8":"tag-actualites","9":"tag-eu","10":"tag-europe","11":"tag-larme-nucleaire","12":"tag-la-russie","13":"tag-news","14":"tag-puissance-nucleaire","15":"tag-ukraine","16":"tag-vladimir-poutine","17":"tag-william-burns"},"share_on_mastodon":{"url":"https:\/\/pubeurope.com\/@fr\/114460290371523894","error":""},"_links":{"self":[{"href":"https:\/\/www.europesays.com\/fr\/wp-json\/wp\/v2\/posts\/78980","targetHints":{"allow":["GET"]}}],"collection":[{"href":"https:\/\/www.europesays.com\/fr\/wp-json\/wp\/v2\/posts"}],"about":[{"href":"https:\/\/www.europesays.com\/fr\/wp-json\/wp\/v2\/types\/post"}],"author":[{"embeddable":true,"href":"https:\/\/www.europesays.com\/fr\/wp-json\/wp\/v2\/users\/2"}],"replies":[{"embeddable":true,"href":"https:\/\/www.europesays.com\/fr\/wp-json\/wp\/v2\/comments?post=78980"}],"version-history":[{"count":0,"href":"https:\/\/www.europesays.com\/fr\/wp-json\/wp\/v2\/posts\/78980\/revisions"}],"wp:featuredmedia":[{"embeddable":true,"href":"https:\/\/www.europesays.com\/fr\/wp-json\/wp\/v2\/media\/78981"}],"wp:attachment":[{"href":"https:\/\/www.europesays.com\/fr\/wp-json\/wp\/v2\/media?parent=78980"}],"wp:term":[{"taxonomy":"category","embeddable":true,"href":"https:\/\/www.europesays.com\/fr\/wp-json\/wp\/v2\/categories?post=78980"},{"taxonomy":"post_tag","embeddable":true,"href":"https:\/\/www.europesays.com\/fr\/wp-json\/wp\/v2\/tags?post=78980"}],"curies":[{"name":"wp","href":"https:\/\/api.w.org\/{rel}","templated":true}]}}