{"id":789821,"date":"2026-03-10T22:21:13","date_gmt":"2026-03-10T22:21:13","guid":{"rendered":"https:\/\/www.europesays.com\/fr\/789821\/"},"modified":"2026-03-10T22:21:13","modified_gmt":"2026-03-10T22:21:13","slug":"annemasse-classic-les-equipes-2026-actualite","status":"publish","type":"post","link":"https:\/\/www.europesays.com\/fr\/789821\/","title":{"rendered":"Annemasse Classic : Les \u00e9quipes 2026 &#8211; Actualit\u00e9"},"content":{"rendered":"<p>En 2026, Annemasse-Bellegarde et retour devient l&rsquo;Annemasse Classic. L&rsquo;\u00e9preuve, qui aura lieu le dimanche 29 mars, devient une course UCI 1.2. Le club organisateur, le VC Annemasse, a retenu 23 \u00e9quipes dont dix Continentales et quatre N1. Le vainqueur succ\u00e9dera \u00e0 <strong><a href=\"https:\/\/www.directvelo.com\/epreuve\/45814\/annemasse-bellegarde-et-retour-2025\" target=\"_blank\" rel=\"noopener nofollow\">Victor Loulergue<\/a><\/strong>.<\/p>\n<p><strong>Les \u00e9quipes 2026 de l&rsquo;Annemasse Classic :<\/strong><br \/><strong>Continentales<\/strong><br \/>AVC Aix Provence Dole<br \/>Bourg-en-Bresse Ain Cyclisme<br \/>Decathlon CMA CGM<br \/>Groupama-FDJ United<br \/>SCO Dijon-Team Materiel-Velo.com<br \/>VC Villefranche Beaujolais<br \/>Bike Aid<br \/>CLN-Kosova<br \/>Color Code<br \/>Elite Fondations CT<\/p>\n<p><strong>N1<\/strong><br \/>AC Bisontine<br \/>Charvieu-Chavagneux IC<br \/>CR4C Roanne<br \/>Team Vittel-N&rsquo;side<\/p>\n<p><strong>N2<\/strong><br \/>UC P\u00e9lussin Loire Pilat<br \/>UV Aube<br \/>VC Dolois<\/p>\n<p><strong>N3<\/strong><br \/>Grenoble MC 38<br \/>Martigues SC<br \/>Team Haute-Savoie 74<\/p>\n<p><strong>Equipes \u00e9trang\u00e8res<\/strong><br \/>Bauer Sport-Glattgarage Cycling Team<br \/>Humard VP<br \/>Universe Cycling Team<\/p>\n","protected":false},"excerpt":{"rendered":"En 2026, Annemasse-Bellegarde et retour devient l&rsquo;Annemasse Classic. L&rsquo;\u00e9preuve, qui aura lieu le dimanche 29 mars, devient une&hellip;\n","protected":false},"author":2,"featured_media":789822,"comment_status":"","ping_status":"","sticky":false,"template":"","format":"standard","meta":{"footnotes":""},"categories":[1411],"tags":[834,828,836,829,837,827,83,826,824,823,1154,207,814,817,815,816,822,821,832,211,839,1011,27,820,818,819,835,831,830,833,838,60,212,208,825],"class_list":{"0":"post-789821","1":"post","2":"type-post","3":"status-publish","4":"format-standard","5":"has-post-thumbnail","7":"category-cyclisme","8":"tag-attaque","9":"tag-belgique","10":"tag-braquet","11":"tag-bretagne","12":"tag-chute","13":"tag-competition","14":"tag-coupe-de-france","15":"tag-coureur","16":"tag-course-cyclisme","17":"tag-course-cycliste","18":"tag-cycling","19":"tag-cyclisme","20":"tag-direct","21":"tag-direct-velo","22":"tag-directvelo","23":"tag-directvelo-com","24":"tag-epreuve","25":"tag-epreuve-cycliste","26":"tag-federation-francaise-de-cyclisme","27":"tag-ffc","28":"tag-flandres","29":"tag-fr","30":"tag-france","31":"tag-live","32":"tag-live-course","33":"tag-live-epreuve","34":"tag-peloton","35":"tag-radio-peloton","36":"tag-radio-tour","37":"tag-ravitaillement","38":"tag-relance","39":"tag-sports","40":"tag-uci","41":"tag-velo","42":"tag-velos"},"share_on_mastodon":{"url":"https:\/\/pubeurope.com\/@fr\/116207215437139580","error":""},"_links":{"self":[{"href":"https:\/\/www.europesays.com\/fr\/wp-json\/wp\/v2\/posts\/789821","targetHints":{"allow":["GET"]}}],"collection":[{"href":"https:\/\/www.europesays.com\/fr\/wp-json\/wp\/v2\/posts"}],"about":[{"href":"https:\/\/www.europesays.com\/fr\/wp-json\/wp\/v2\/types\/post"}],"author":[{"embeddable":true,"href":"https:\/\/www.europesays.com\/fr\/wp-json\/wp\/v2\/users\/2"}],"replies":[{"embeddable":true,"href":"https:\/\/www.europesays.com\/fr\/wp-json\/wp\/v2\/comments?post=789821"}],"version-history":[{"count":0,"href":"https:\/\/www.europesays.com\/fr\/wp-json\/wp\/v2\/posts\/789821\/revisions"}],"wp:featuredmedia":[{"embeddable":true,"href":"https:\/\/www.europesays.com\/fr\/wp-json\/wp\/v2\/media\/789822"}],"wp:attachment":[{"href":"https:\/\/www.europesays.com\/fr\/wp-json\/wp\/v2\/media?parent=789821"}],"wp:term":[{"taxonomy":"category","embeddable":true,"href":"https:\/\/www.europesays.com\/fr\/wp-json\/wp\/v2\/categories?post=789821"},{"taxonomy":"post_tag","embeddable":true,"href":"https:\/\/www.europesays.com\/fr\/wp-json\/wp\/v2\/tags?post=789821"}],"curies":[{"name":"wp","href":"https:\/\/api.w.org\/{rel}","templated":true}]}}