{"id":79001,"date":"2025-05-06T10:07:07","date_gmt":"2025-05-06T10:07:07","guid":{"rendered":"https:\/\/www.europesays.com\/fr\/79001\/"},"modified":"2025-05-06T10:07:07","modified_gmt":"2025-05-06T10:07:07","slug":"atp-lenorme-regret-dandy-roddick-il-y-a-eu-roger-federer","status":"publish","type":"post","link":"https:\/\/www.europesays.com\/fr\/79001\/","title":{"rendered":"ATP > L&rsquo;\u00e9norme regret d&rsquo;Andy Roddick : \u00ab\u00a0Il y a eu Roger Federer&#8230;\u00a0\u00bb"},"content":{"rendered":"<p>Dans le dernier \u00e9pisode de son podcast, dont les propos sont rapport\u00e9s par <a href=\"https:\/\/tennisuptodate.com\/atp\/it-would-have-filled-my-heart-to-walk-in-there-being-one-of-them-andy-roddick-shares-his-biggest-disappointment-in-not-winning-wimbledon?twit=332\" data-wpel-link=\"external\" target=\"_blank\" rel=\"nofollow external noopener\">Tennis Uptodate<\/a>, l\u2019an\u00adcien num\u00e9ro 1 mondial a \u00e9voqu\u00e9 ses trois finales perdues \u00e0 Wimbledon contre Roger Federer (2004, 2005 et\u00a02009).\u00a0<\/p>\n<p><strong>\u00ab\u202fMa vie aujourd\u2019hui, au\u2010del\u00e0 de la fa\u00e7on dont les gens envi\u00adsagent une carri\u00e8re, ne serait proba\u00adble\u00adment pas diff\u00e9\u00adrente. Mais je suis telle\u00adment amou\u00adreux de ce tournoi que cela aurait rempli mon c\u0153ur d\u2019amour d\u2019en devenir l\u2019un des cham\u00adpions. Cela m\u2019au\u00adrait rendu infi\u00adni\u00adment humble. Lorsque j\u2019ai perdu en 2004 et 2005\u202fen finale, j\u2019\u00e9tais presque s\u00fbr que je tente\u00adrais \u00e0 nouveau ma chance. Il y a eu Roger\u2026 Et c\u2019est comme \u00e9chapper \u00e0 une temp\u00eate de pluie dont on sait qu\u2019elle va arriver, non\u202f? Et je ne suis pas assez rapide\u202f\u00bb.<\/strong><\/p>\n<p class=\"post-published-date\" style=\"color: silver; font-size: 75%; text-align: left;\">Publi\u00e9 le mardi 6 mai 2025 \u00e0 10:58<\/p>\n","protected":false},"excerpt":{"rendered":"Dans le dernier \u00e9pisode de son podcast, dont les propos sont rapport\u00e9s par Tennis Uptodate, l\u2019an\u00adcien num\u00e9ro 1&hellip;\n","protected":false},"author":2,"featured_media":79002,"comment_status":"","ping_status":"","sticky":false,"template":"","format":"standard","meta":{"footnotes":""},"categories":[1415],"tags":[2199,1011,27,60,1467],"class_list":{"0":"post-79001","1":"post","2":"type-post","3":"status-publish","4":"format-standard","5":"has-post-thumbnail","7":"category-tennis","8":"tag-federer","9":"tag-fr","10":"tag-france","11":"tag-sports","12":"tag-tennis"},"share_on_mastodon":{"url":"https:\/\/pubeurope.com\/@fr\/114460337317773924","error":""},"_links":{"self":[{"href":"https:\/\/www.europesays.com\/fr\/wp-json\/wp\/v2\/posts\/79001","targetHints":{"allow":["GET"]}}],"collection":[{"href":"https:\/\/www.europesays.com\/fr\/wp-json\/wp\/v2\/posts"}],"about":[{"href":"https:\/\/www.europesays.com\/fr\/wp-json\/wp\/v2\/types\/post"}],"author":[{"embeddable":true,"href":"https:\/\/www.europesays.com\/fr\/wp-json\/wp\/v2\/users\/2"}],"replies":[{"embeddable":true,"href":"https:\/\/www.europesays.com\/fr\/wp-json\/wp\/v2\/comments?post=79001"}],"version-history":[{"count":0,"href":"https:\/\/www.europesays.com\/fr\/wp-json\/wp\/v2\/posts\/79001\/revisions"}],"wp:featuredmedia":[{"embeddable":true,"href":"https:\/\/www.europesays.com\/fr\/wp-json\/wp\/v2\/media\/79002"}],"wp:attachment":[{"href":"https:\/\/www.europesays.com\/fr\/wp-json\/wp\/v2\/media?parent=79001"}],"wp:term":[{"taxonomy":"category","embeddable":true,"href":"https:\/\/www.europesays.com\/fr\/wp-json\/wp\/v2\/categories?post=79001"},{"taxonomy":"post_tag","embeddable":true,"href":"https:\/\/www.europesays.com\/fr\/wp-json\/wp\/v2\/tags?post=79001"}],"curies":[{"name":"wp","href":"https:\/\/api.w.org\/{rel}","templated":true}]}}